{"id":2999,"date":"2016-09-14T11:48:06","date_gmt":"2016-09-14T09:48:06","guid":{"rendered":"http:\/\/www.inmesol.fr\/blog\/?p=2999"},"modified":"2023-06-21T10:14:41","modified_gmt":"2023-06-21T10:14:41","slug":"solutions-de-transport-par-le-biais-de-groupes-electrogenes-conception","status":"publish","type":"post","link":"https:\/\/www.inmesol.com\/fr\/blog\/solutions-de-transport-par-le-biais-de-groupes-electrogenes-conception\/","title":{"rendered":"L\u2019Optimisation du transport de groupes \u00e9lectrog\u00e8nes gr\u00e2ce au design"},"content":{"rendered":"<h2 style=\"text-align: left;\"><strong>Le nouveau design de la carrosserie de groupes \u00e9lectrog\u00e8nes mod\u00e8le 145-165 kVA pour la gamme RENTAL (location) sort sur le march\u00e9<\/strong><\/h2>\n<p>Le <strong>D\u00e9partement Technique d\u2019INMESOL&nbsp; <\/strong>a cr\u00e9\u00e9 une nouvelle carrosserie<strong> 145-165 kVA<\/strong> qui abrite les mod\u00e8les de groupes \u00e9lectrog\u00e8nes suivants : <strong>IIRN-145, IIRN-165, IVRN-145 et IVRN-165<\/strong>.<\/p>\n<p>Il s\u2019agit d\u2019un <strong>design plus petit<\/strong>, mais <strong>qui conserve <\/strong>toutes les <strong>qualit\u00e9s <\/strong>en mati\u00e8re de prestations et r\u00e9sultats concernant les <strong>\u00e9missions sonores <\/strong>qui sont <strong>tout aussi satisfaisantes <\/strong>que leurs anciennes versions.<\/p>\n<p>Ces mod\u00e8les de groupes \u00e9lectrog\u00e8nes \u00e9taient g\u00e9n\u00e9ralement mont\u00e9s dans des carrosseries de dimensions : 3640 mm x 1380 mm x 2145 mm.<\/p>\n<p>Ses nouvelles dimensions <strong>325 mm x 1140 mm x 1950 mm<\/strong>, permettent <strong>de profiter <\/strong>au mieux des combinaisons de charge, tant <strong>maritime <\/strong>que <strong>terrestre<\/strong>.<\/p>\n<p style=\"text-align: center;\">[rev_slider alias=\u00a0\u00bbnew-rental\u00a0\u00bb]<\/p>\n<p>Sur l\u2019image suivante on peut constater qu\u2019un camion de 40 pieds de plateformes peut transporter <strong>jusqu\u2019\u00e0 6 unit\u00e9s <\/strong>gr\u00e2ce \u00e0 la subtile r\u00e9duction de la largeur de la carrosserie.<\/p>\n<figure id=\"attachment_2998\" aria-describedby=\"caption-attachment-2998\" style=\"width: 640px\" class=\"wp-caption aligncenter\"><img fetchpriority=\"high\" decoding=\"async\" class=\"size-full wp-image-2998\" src=\"\/wp-content\/uploads\/2016\/09\/solutions-de-transport-par-le-biais-de-groupes-electrogenes-conception.jpg\" alt=\"Infographie d\u2019un camion de 40 pieds transportant 6 unit\u00e9s des mod\u00e8les de groupes \u00e9lectrog\u00e8nes IRN-165, IVRN-145 et IVRN-165\" width=\"640\" height=\"410\" title=\"\" srcset=\"https:\/\/www.inmesol.com\/wp-content\/uploads\/2016\/09\/solutions-de-transport-par-le-biais-de-groupes-electrogenes-conception.jpg 640w, https:\/\/www.inmesol.com\/wp-content\/uploads\/2016\/09\/solutions-de-transport-par-le-biais-de-groupes-electrogenes-conception-300x192.jpg 300w\" sizes=\"(max-width: 640px) 100vw, 640px\"><figcaption id=\"caption-attachment-2998\" class=\"wp-caption-text\">Infographie d\u2019un camion de 40 pieds transportant 6 unit\u00e9s des mod\u00e8les de groupes \u00e9lectrog\u00e8nes IRN-165, IVRN-145 et IVRN-165<\/figcaption><\/figure>\n<p><strong>Antonio M\u00e1rmol, <\/strong>responsable du Dpt. Commercial Rental en Europe, tr\u00e8s satisfait du r\u00e9sultat affirme que : \u00ab\u00a0<em>ce nouveau design<\/em><em>&nbsp;va <strong>profiter <\/strong>\u00e0 de nombreux <strong>loueurs <\/strong>qui doivent <strong>transporter <\/strong>plusieurs groupes \u00e9lectrog\u00e8nes constamment d\u2019un site \u00e0 un autre, et elle sera tr\u00e8s bien accueillie par la partie des clients et des clients potentiels qui avaient besoin de ce genre de caract\u00e9ristiques, et dont j\u2019avais \u00e9cout\u00e9s les avis lors du salon <a href=\"http:\/\/www.inmesol.fr\/blog\/nouvelle-gamme-rental-dinmesol-salon-bauma-2016\" target=\"_blank\" rel=\"noopener\">BAUMA 2016<\/a>.\u00a0\u00bb<\/em><\/p>\n<figure id=\"attachment_2997\" aria-describedby=\"caption-attachment-2997\" style=\"width: 640px\" class=\"wp-caption aligncenter\"><img decoding=\"async\" class=\"size-full wp-image-2997 lazyload\" data-src=\"\/wp-content\/uploads\/2016\/09\/1_solutions-de-transport-par-le-biais-de-groupes-electrogenes-conception.jpg\" alt=\"Antonio M\u00c1RMOL, responsable du Dpt. Commercial Rental en Europe\" width=\"640\" height=\"240\" title=\"\" src=\"data:image\/svg+xml;base64,PHN2ZyB3aWR0aD0iMSIgaGVpZ2h0PSIxIiB4bWxucz0iaHR0cDovL3d3dy53My5vcmcvMjAwMC9zdmciPjwvc3ZnPg==\" style=\"--smush-placeholder-width: 640px; --smush-placeholder-aspect-ratio: 640\/240;\" data-srcset=\"https:\/\/www.inmesol.com\/wp-content\/uploads\/2016\/09\/1_solutions-de-transport-par-le-biais-de-groupes-electrogenes-conception.jpg 640w, https:\/\/www.inmesol.com\/wp-content\/uploads\/2016\/09\/1_solutions-de-transport-par-le-biais-de-groupes-electrogenes-conception-300x113.jpg 300w\" data-sizes=\"auto\" data-original-sizes=\"(max-width: 640px) 100vw, 640px\"><figcaption id=\"caption-attachment-2997\" class=\"wp-caption-text\">Antonio M\u00c1RMOL, responsable du Dpt. Commercial Rental en Europe<\/figcaption><\/figure>\n<h3><strong>ENVIRONNEMENT<\/strong><\/h3>\n<p>Une fois de plus, nous avons \u00e9labor\u00e9 un design pour faciliter le transport, pour r\u00e9duire la consommation de combustible et les \u00e9missions. Un nouveau design en accord avec la philosophie d\u2019INMESOL, dont les objectifs sont toujours de parvenir \u00e0 une <strong>meilleure \u00e9conomie,<\/strong> une <strong>meilleure efficacit\u00e9 <\/strong>et une <strong>diminution de l\u2019impact sur l\u2019environnement<\/strong>.<\/p>\n<p>&nbsp;<\/p>\n","protected":false},"excerpt":{"rendered":"<p>Le D\u00e9partement Technique d\u2019INMESOL  a cr\u00e9\u00e9 une nouvelle carrosserie 145-165 kVA qui prot\u00e8ge les mod\u00e8les de groupes \u00e9lectrog\u00e8nes suivants : IIRN-145, IIRN-165, IVRN-145 et IVRN-165.<\/p>\n","protected":false},"author":2,"featured_media":2996,"comment_status":"closed","ping_status":"closed","sticky":false,"template":"","format":"standard","meta":{"inline_featured_image":false,"footnotes":""},"categories":[34,49],"tags":[56],"categorias-smart-power-":[],"paises-":[],"class_list":["post-2999","post","type-post","status-publish","format-standard","has-post-thumbnail","hentry","category-frances","category-groupes-electrogenes","tag-groupes-electrogenes-rental-location"],"_links":{"self":[{"href":"https:\/\/www.inmesol.com\/fr\/wp-json\/wp\/v2\/posts\/2999","targetHints":{"allow":["GET"]}}],"collection":[{"href":"https:\/\/www.inmesol.com\/fr\/wp-json\/wp\/v2\/posts"}],"about":[{"href":"https:\/\/www.inmesol.com\/fr\/wp-json\/wp\/v2\/types\/post"}],"author":[{"embeddable":true,"href":"https:\/\/www.inmesol.com\/fr\/wp-json\/wp\/v2\/users\/2"}],"replies":[{"embeddable":true,"href":"https:\/\/www.inmesol.com\/fr\/wp-json\/wp\/v2\/comments?post=2999"}],"version-history":[{"count":0,"href":"https:\/\/www.inmesol.com\/fr\/wp-json\/wp\/v2\/posts\/2999\/revisions"}],"wp:featuredmedia":[{"embeddable":true,"href":"https:\/\/www.inmesol.com\/fr\/wp-json\/"}],"wp:attachment":[{"href":"https:\/\/www.inmesol.com\/fr\/wp-json\/wp\/v2\/media?parent=2999"}],"wp:term":[{"taxonomy":"category","embeddable":true,"href":"https:\/\/www.inmesol.com\/fr\/wp-json\/wp\/v2\/categories?post=2999"},{"taxonomy":"post_tag","embeddable":true,"href":"https:\/\/www.inmesol.com\/fr\/wp-json\/wp\/v2\/tags?post=2999"},{"taxonomy":"categorias-smart-power-","embeddable":true,"href":"https:\/\/www.inmesol.com\/fr\/wp-json\/wp\/v2\/categorias-smart-power-?post=2999"},{"taxonomy":"paises-","embeddable":true,"href":"https:\/\/www.inmesol.com\/fr\/wp-json\/wp\/v2\/paises-?post=2999"}],"curies":[{"name":"wp","href":"https:\/\/api.w.org\/{rel}","templated":true}]}}