{"id":3082,"date":"2016-11-15T11:14:11","date_gmt":"2016-11-15T11:14:11","guid":{"rendered":"http:\/\/www.inmesol.fr\/blog\/?p=3082"},"modified":"2025-01-08T18:26:27","modified_gmt":"2025-01-08T18:26:27","slug":"inmesol-celebre-20eme-anniversaire-de-lassociation-aseamac","status":"publish","type":"post","link":"https:\/\/www.inmesol.com\/fr\/blog\/inmesol-celebre-20eme-anniversaire-de-lassociation-aseamac\/","title":{"rendered":"Inmesol c\u00e9l\u00e8bre le 20\u00e8me ANNIVERSAIRE de l&rsquo;association ASEAMAC"},"content":{"rendered":"<p style=\"text-align: center;\"><img fetchpriority=\"high\" decoding=\"async\" class=\"alignnone size-full wp-image-2971\" src=\"\/wp-content\/uploads\/2016\/11\/inmesol-celebre-20eme-anniversaire-de-lassociation-aseamac.jpg\" alt=\"Inmesol, membre de ASEAMAC\" width=\"640\" height=\"200\" title=\"\" srcset=\"https:\/\/www.inmesol.com\/wp-content\/uploads\/2016\/11\/inmesol-celebre-20eme-anniversaire-de-lassociation-aseamac.jpg 640w, https:\/\/www.inmesol.com\/wp-content\/uploads\/2016\/11\/inmesol-celebre-20eme-anniversaire-de-lassociation-aseamac-300x94.jpg 300w\" sizes=\"(max-width: 640px) 100vw, 640px\"><\/p>\n<p>L&rsquo;<strong>Association Espagnole des Loueurs<\/strong>, <strong>ASEAMAC \u00a0a <\/strong>c\u00e9l\u00e9br\u00e9 \u00a0les 20 ans de sa cr\u00e9ation . <strong>INMESOL, <\/strong>en tant que <em><u>membre<\/u><\/em>, a particip\u00e9 \u00e0 l&rsquo;\u00e9v\u00e9nement.<\/p>\n<figure id=\"attachment_3080\" aria-describedby=\"caption-attachment-3080\" style=\"width: 640px\" class=\"wp-caption aligncenter\"><img decoding=\"async\" class=\"size-full wp-image-3080 lazyload\" data-src=\"\/wp-content\/uploads\/2016\/11\/1_inmesol-celebre-20eme-anniversaire-de-lassociation-aseamac.jpg\" alt=\"De gauche \u00e0 droite: Joaqu\u00edn Cazorla (D\u00e9partement des ventes nationales INMESOL), Jordi Torres (Membre du Conseil d&#039;Administration de l&#039;ASEAMAC) et Ignacio Morell (D\u00e9partement des ventes nationales INMESOL)\" width=\"640\" height=\"450\" title=\"\" src=\"data:image\/svg+xml;base64,PHN2ZyB3aWR0aD0iMSIgaGVpZ2h0PSIxIiB4bWxucz0iaHR0cDovL3d3dy53My5vcmcvMjAwMC9zdmciPjwvc3ZnPg==\" style=\"--smush-placeholder-width: 640px; --smush-placeholder-aspect-ratio: 640\/450;\" data-srcset=\"https:\/\/www.inmesol.com\/wp-content\/uploads\/2016\/11\/1_inmesol-celebre-20eme-anniversaire-de-lassociation-aseamac.jpg 640w, https:\/\/www.inmesol.com\/wp-content\/uploads\/2016\/11\/1_inmesol-celebre-20eme-anniversaire-de-lassociation-aseamac-300x211.jpg 300w\" data-sizes=\"auto\" data-original-sizes=\"(max-width: 640px) 100vw, 640px\"><figcaption id=\"caption-attachment-3080\" class=\"wp-caption-text\">De gauche \u00e0 droite: Joaqu\u00edn Cazorla (D\u00e9partement des ventes nationales INMESOL), Jordi Torres (Membre du Conseil d&rsquo;Administration de l&rsquo;ASEAMAC) et Ignacio Morell (D\u00e9partement des ventes nationales INMESOL)<\/figcaption><\/figure>\n<p>Le 4 novembre dernier, <strong>l&rsquo;ASEAMAC <\/strong>a organis\u00e9 une s\u00e9rie d&rsquo;\u00e9v\u00e9nements\u00a0 cl\u00f4tur\u00e9 par un <strong>d\u00eener de Gala <\/strong>dans \u00a0l\u2019ancien Casino\u00a0 <strong>de Madrid , c\u00e9l\u00e9brant ainsi \u00a0<\/strong>son <strong>20\u00e8me anniversaire<\/strong><strong>.<\/strong><\/p>\n<p style=\"text-align: center;\"><img decoding=\"async\" class=\"alignnone size-full wp-image-3077 lazyload\" data-src=\"\/wp-content\/uploads\/2016\/11\/2_inmesol-celebre-20eme-anniversaire-de-lassociation-aseamac.jpg\" alt=\"l&#039;ASEAMAC c\u00e9l\u00e9brant ainsi son 20\u00e8me anniversaire\" width=\"640\" height=\"450\" title=\"\" src=\"data:image\/svg+xml;base64,PHN2ZyB3aWR0aD0iMSIgaGVpZ2h0PSIxIiB4bWxucz0iaHR0cDovL3d3dy53My5vcmcvMjAwMC9zdmciPjwvc3ZnPg==\" style=\"--smush-placeholder-width: 640px; --smush-placeholder-aspect-ratio: 640\/450;\" data-srcset=\"https:\/\/www.inmesol.com\/wp-content\/uploads\/2016\/11\/2_inmesol-celebre-20eme-anniversaire-de-lassociation-aseamac.jpg 640w, https:\/\/www.inmesol.com\/wp-content\/uploads\/2016\/11\/2_inmesol-celebre-20eme-anniversaire-de-lassociation-aseamac-300x211.jpg 300w\" data-sizes=\"auto\" data-original-sizes=\"(max-width: 640px) 100vw, 640px\"><\/p>\n<p>Cet \u00e9v\u00e9nement \u00e0 \u00e9t\u00e9 l\u2019occasion\u00a0 de rencontres entre \u00a0<strong>les membres du Conseil d&rsquo;Administration, les associ\u00e9s, les fabricants de mat\u00e9riel, <\/strong>et les repr\u00e9sentants des diff\u00e9rents <strong>\u00e9tablissements publics.<\/strong> Ils ont eu l\u2019opportunit\u00e9 d&rsquo;\u00e9changer leurs points de vue dans une ambiance d\u00e9tendue.<\/p>\n<p style=\"text-align: center;\"><img decoding=\"async\" class=\"alignnone size-full wp-image-3078 lazyload\" data-src=\"\/wp-content\/uploads\/2016\/11\/3_inmesol-celebre-20eme-anniversaire-de-lassociation-aseamac.jpg\" alt=\"l&#039;ASEAMAC d\u00eener de Gala dans l\u2019ancien Casino de Madrid , c\u00e9l\u00e9brant ainsi son 20\u00e8me anniversaire\" width=\"640\" height=\"450\" title=\"\" src=\"data:image\/svg+xml;base64,PHN2ZyB3aWR0aD0iMSIgaGVpZ2h0PSIxIiB4bWxucz0iaHR0cDovL3d3dy53My5vcmcvMjAwMC9zdmciPjwvc3ZnPg==\" style=\"--smush-placeholder-width: 640px; --smush-placeholder-aspect-ratio: 640\/450;\" data-srcset=\"https:\/\/www.inmesol.com\/wp-content\/uploads\/2016\/11\/3_inmesol-celebre-20eme-anniversaire-de-lassociation-aseamac.jpg 640w, https:\/\/www.inmesol.com\/wp-content\/uploads\/2016\/11\/3_inmesol-celebre-20eme-anniversaire-de-lassociation-aseamac-300x211.jpg 300w\" data-sizes=\"auto\" data-original-sizes=\"(max-width: 640px) 100vw, 640px\"><\/p>\n<p>Avant le diner, \u00a0s\u2019est d\u00e9roul\u00e9 une <strong>Assembl\u00e9e G\u00e9n\u00e9rale<\/strong>, au cours de laquelle <strong>Juan Jos\u00e9 Torres, pr\u00e9sident de l&rsquo;ASEAMAC, <\/strong>a pr\u00e9sent\u00e9 \u00a0<strong>l&rsquo;historique \u00a0de l&rsquo;Association <\/strong>d\u00e8s ses d\u00e9buts, soulignant son <strong>progr\u00e8s continu,<\/strong> avec l\u2019 augmentation du nombre \u00a0adh\u00e9rents\u00a0 de 7 \u00e0 50 pendant les 4 derni\u00e8res ann\u00e9es.<\/p>\n<figure id=\"attachment_3079\" aria-describedby=\"caption-attachment-3079\" style=\"width: 640px\" class=\"wp-caption aligncenter\"><img decoding=\"async\" class=\"size-full wp-image-3079 lazyload\" data-src=\"\/wp-content\/uploads\/2016\/11\/4_inmesol-celebre-20eme-anniversaire-de-lassociation-aseamac.jpg\" alt=\"Photo de groupe de tous les participants \u00e0 la c\u00e9l\u00e9bration\" width=\"640\" height=\"450\" title=\"\" src=\"data:image\/svg+xml;base64,PHN2ZyB3aWR0aD0iMSIgaGVpZ2h0PSIxIiB4bWxucz0iaHR0cDovL3d3dy53My5vcmcvMjAwMC9zdmciPjwvc3ZnPg==\" style=\"--smush-placeholder-width: 640px; --smush-placeholder-aspect-ratio: 640\/450;\" data-srcset=\"https:\/\/www.inmesol.com\/wp-content\/uploads\/2016\/11\/4_inmesol-celebre-20eme-anniversaire-de-lassociation-aseamac.jpg 640w, https:\/\/www.inmesol.com\/wp-content\/uploads\/2016\/11\/4_inmesol-celebre-20eme-anniversaire-de-lassociation-aseamac-300x211.jpg 300w\" data-sizes=\"auto\" data-original-sizes=\"(max-width: 640px) 100vw, 640px\"><figcaption id=\"caption-attachment-3079\" class=\"wp-caption-text\">Photo de groupe de tous les participants \u00e0 la c\u00e9l\u00e9bration<\/figcaption><\/figure>\n","protected":false},"excerpt":{"rendered":"<p>L&rsquo;Association Espagnole des Loueurs, ASEAMAC  a c\u00e9l\u00e9br\u00e9  les 20 ans de sa cr\u00e9ation . INMESOL, en tant que membre, a particip\u00e9 \u00e0 l&rsquo;\u00e9v\u00e9nement.<\/p>\n","protected":false},"author":2,"featured_media":3081,"comment_status":"closed","ping_status":"closed","sticky":false,"template":"","format":"standard","meta":{"inline_featured_image":false,"footnotes":""},"categories":[34,48,57],"tags":[],"categorias-smart-power-":[],"paises-":[],"class_list":["post-3082","post","type-post","status-publish","format-standard","has-post-thumbnail","hentry","category-frances","category-expositions","category-corporatif"],"_links":{"self":[{"href":"https:\/\/www.inmesol.com\/fr\/wp-json\/wp\/v2\/posts\/3082","targetHints":{"allow":["GET"]}}],"collection":[{"href":"https:\/\/www.inmesol.com\/fr\/wp-json\/wp\/v2\/posts"}],"about":[{"href":"https:\/\/www.inmesol.com\/fr\/wp-json\/wp\/v2\/types\/post"}],"author":[{"embeddable":true,"href":"https:\/\/www.inmesol.com\/fr\/wp-json\/wp\/v2\/users\/2"}],"replies":[{"embeddable":true,"href":"https:\/\/www.inmesol.com\/fr\/wp-json\/wp\/v2\/comments?post=3082"}],"version-history":[{"count":0,"href":"https:\/\/www.inmesol.com\/fr\/wp-json\/wp\/v2\/posts\/3082\/revisions"}],"wp:featuredmedia":[{"embeddable":true,"href":"https:\/\/www.inmesol.com\/fr\/wp-json\/"}],"wp:attachment":[{"href":"https:\/\/www.inmesol.com\/fr\/wp-json\/wp\/v2\/media?parent=3082"}],"wp:term":[{"taxonomy":"category","embeddable":true,"href":"https:\/\/www.inmesol.com\/fr\/wp-json\/wp\/v2\/categories?post=3082"},{"taxonomy":"post_tag","embeddable":true,"href":"https:\/\/www.inmesol.com\/fr\/wp-json\/wp\/v2\/tags?post=3082"},{"taxonomy":"categorias-smart-power-","embeddable":true,"href":"https:\/\/www.inmesol.com\/fr\/wp-json\/wp\/v2\/categorias-smart-power-?post=3082"},{"taxonomy":"paises-","embeddable":true,"href":"https:\/\/www.inmesol.com\/fr\/wp-json\/wp\/v2\/paises-?post=3082"}],"curies":[{"name":"wp","href":"https:\/\/api.w.org\/{rel}","templated":true}]}}