{"id":3099,"date":"2016-11-29T10:38:58","date_gmt":"2016-11-29T09:38:58","guid":{"rendered":"http:\/\/www.inmesol.fr\/blog\/?p=3099"},"modified":"2023-06-21T14:23:24","modified_gmt":"2023-06-21T14:23:24","slug":"hopital-republique-dominicaine-deja-equipe-deux-centrales-electriques-dinmesol","status":"publish","type":"post","link":"https:\/\/www.inmesol.com\/fr\/blog\/hopital-republique-dominicaine-deja-equipe-deux-centrales-electriques-dinmesol\/","title":{"rendered":"H\u00f4pital en R\u00e9publique Dominicaine est d\u00e9j\u00e0 \u00e9quip\u00e9 avec deux centrales \u00e9lectriques d\u2019INMESOL"},"content":{"rendered":"<h3><strong>L\u2019H\u00d4PITAL \u00ab LAS COLINAS \u00bb <\/strong>a achet\u00e9, il y a quelques mois, ces deux centrales \u00e9lectriques de 1010 kVA gr\u00e2ce \u00e0 notre distributeur <strong>FERRETER\u00cdA OCHOA, S.A.<\/strong><\/h3>\n<p>\u00c0 <strong>Santiago de los Caballeros<\/strong>, la deuxi\u00e8me ville la plus importante de la <strong>R\u00e9publique Dominicaine<\/strong>, apr\u00e8s Santo Domingo, viens juste d\u2019\u00eatre construit <strong>l&rsquo;H\u00f4pital G\u00e9n\u00e9ral \u00ab Las Colinas \u00bb<\/strong>.<\/p>\n<p>Dans le sous-sol de l&rsquo;h\u00f4pital, ils ont \u00e9t\u00e9 install\u00e9es deux centrales \u00e9lectriques de 1010 (808 kW) puissance, avec un fonctionnement de 2 groupes \u00e9lectrog\u00e8nes de <strong>secours, <\/strong>en <strong>parall\u00e8le, <\/strong>et <strong>synchronis\u00e9s avec le r\u00e9seau<\/strong>.<\/p>\n<p>Ces \u00e9quipements ont \u00e9t\u00e9 d\u00e9crits avant de sortir des installations d&rsquo;INMESOL dans le post <em>\u00ab <strong><u><a href=\"http:\/\/www.inmesol.fr\/blog\/groupes-electrogenes-parallele-puissance-efficacite-integres-seul-systeme\" target=\"_blank\" rel=\"noopener\">Groupes \u00e9lectrog\u00e8nes en parall\u00e8le: puissance et efficacit\u00e9 int\u00e9gr\u00e9s en un seul syst\u00e8me<\/a>&nbsp;<\/u>\u00bb<\/strong><\/em>, o\u00f9 on explique le fonctionnement du syst\u00e8me en d\u00e9tail.<\/p>\n<figure id=\"attachment_3097\" aria-describedby=\"caption-attachment-3097\" style=\"width: 640px\" class=\"wp-caption aligncenter\"><img fetchpriority=\"high\" decoding=\"async\" class=\"size-full wp-image-3097\" src=\"\/wp-content\/uploads\/2016\/11\/hopital-republique-dominicaine-deja-equipe-deux-centrales-electriques-dinmesol.jpg\" alt=\"Les deux centrales \u00e9lectriques de 1010 kVA LTP r\u00e9cemment install\u00e9es dans le sous-sol de l&#039;h\u00f4pital central \u00ab Las Colinas \u00bb\" width=\"640\" height=\"400\" title=\"\" srcset=\"https:\/\/www.inmesol.com\/wp-content\/uploads\/2016\/11\/hopital-republique-dominicaine-deja-equipe-deux-centrales-electriques-dinmesol.jpg 640w, https:\/\/www.inmesol.com\/wp-content\/uploads\/2016\/11\/hopital-republique-dominicaine-deja-equipe-deux-centrales-electriques-dinmesol-300x188.jpg 300w\" sizes=\"(max-width: 640px) 100vw, 640px\"><figcaption id=\"caption-attachment-3097\" class=\"wp-caption-text\">Les deux centrales \u00e9lectriques de 1010 kVA LTP r\u00e9cemment install\u00e9es dans le sous-sol de l&rsquo;h\u00f4pital central \u00ab Las Colinas \u00bb<\/figcaption><\/figure>\n<p>Les centrales \u00e9lectriques, ou groupes \u00e9lectrog\u00e8nes, ont \u00e9t\u00e9 connect\u00e9s aux charges les plus <strong>critiques <\/strong>de l&rsquo;h\u00f4pital \u2013 les blocs op\u00e9ratoires, urgences, \u00e9clairage, etc.- o\u00f9 l&rsquo;alimentation \u00e9lectrique est dor\u00e9navant <strong>garantie<\/strong>.<\/p>\n<figure id=\"attachment_3096\" aria-describedby=\"caption-attachment-3096\" style=\"width: 640px\" class=\"wp-caption aligncenter\"><img decoding=\"async\" class=\"size-full wp-image-3096 lazyload\" data-src=\"\/wp-content\/uploads\/2016\/11\/1_hopital-republique-dominicaine-deja-equipe-deux-centrales-electriques-dinmesol.jpg\" alt=\"Directeurs techniques de travaux, techniciens d&#039;entretien de l&#039;h\u00f4pital, installateurs et commerciaux apr\u00e8s l&#039;installation et la mise en service des groupes \u00e9lectrog\u00e8nes\" width=\"640\" height=\"450\" title=\"\" src=\"data:image\/svg+xml;base64,PHN2ZyB3aWR0aD0iMSIgaGVpZ2h0PSIxIiB4bWxucz0iaHR0cDovL3d3dy53My5vcmcvMjAwMC9zdmciPjwvc3ZnPg==\" style=\"--smush-placeholder-width: 640px; --smush-placeholder-aspect-ratio: 640\/450;\" data-srcset=\"https:\/\/www.inmesol.com\/wp-content\/uploads\/2016\/11\/1_hopital-republique-dominicaine-deja-equipe-deux-centrales-electriques-dinmesol.jpg 640w, https:\/\/www.inmesol.com\/wp-content\/uploads\/2016\/11\/1_hopital-republique-dominicaine-deja-equipe-deux-centrales-electriques-dinmesol-300x211.jpg 300w\" data-sizes=\"auto\" data-original-sizes=\"(max-width: 640px) 100vw, 640px\"><figcaption id=\"caption-attachment-3096\" class=\"wp-caption-text\">Directeurs techniques de travaux, techniciens d&rsquo;entretien de l&rsquo;h\u00f4pital, installateurs et commerciaux apr\u00e8s l&rsquo;installation et la mise en service des groupes \u00e9lectrog\u00e8nes<\/figcaption><\/figure>\n<p>L&rsquo;H\u00f4pital G\u00e9n\u00e9ral \u00ab Las Colinas \u00bb, projet d\u00e9velopp\u00e9 par <strong>UNITED TELEMEDICINE NETWORK, <\/strong>est un \u00e9tablissement de sant\u00e9 <strong>moderne et de haut niveau, <\/strong>dot\u00e9 de <strong>technologie <\/strong>de pointe et situ\u00e9 strat\u00e9giquement dans un district en plein processus de d\u00e9veloppement, \u00e0 c\u00f4t\u00e9 d&rsquo;un des centres commerciaux les plus importants du quartier: \u00ab&nbsp;Las Colinas&nbsp;\u00bb.<\/p>\n<p>Sa mise en service soulagera la <strong>demande de services de sant\u00e9 <\/strong>requise par la haute densit\u00e9 de population de la zone.<\/p>\n<div class=\"video-responsive\"><iframe src=\"https:\/\/www.youtube.com\/embed\/JX_af0B1uks\" width=\"640\" height=\"360\" frameborder=\"0\" allowfullscreen=\"allowfullscreen\"><\/iframe><\/div>\n<p>L\u2019\u00e9tablissement poss\u00e8de un are construit de 15000 m\u00b2 distribu\u00e9s dans un b\u00e2timent de 6 \u00e9tages et un sous-sol, avec une capacit\u00e9 pour 55 cabinets m\u00e9dicaux, 6 blocs op\u00e9ratoires, 104 lits, un service d&rsquo;urgences et 1000 stationnements priv\u00e9s.<\/p>\n<p><img decoding=\"async\" class=\"size-full wp-image-3095 aligncenter lazyload\" data-src=\"\/wp-content\/uploads\/2016\/11\/2_hopital-republique-dominicaine-deja-equipe-deux-centrales-electriques-dinmesol.jpg\" alt=\"L\u2019h\u00f4pital \u00ab Las Colinas \u00bb\" width=\"640\" height=\"278\" title=\"\" src=\"data:image\/svg+xml;base64,PHN2ZyB3aWR0aD0iMSIgaGVpZ2h0PSIxIiB4bWxucz0iaHR0cDovL3d3dy53My5vcmcvMjAwMC9zdmciPjwvc3ZnPg==\" style=\"--smush-placeholder-width: 640px; --smush-placeholder-aspect-ratio: 640\/278;\" data-srcset=\"https:\/\/www.inmesol.com\/wp-content\/uploads\/2016\/11\/2_hopital-republique-dominicaine-deja-equipe-deux-centrales-electriques-dinmesol.jpg 640w, https:\/\/www.inmesol.com\/wp-content\/uploads\/2016\/11\/2_hopital-republique-dominicaine-deja-equipe-deux-centrales-electriques-dinmesol-300x130.jpg 300w\" data-sizes=\"auto\" data-original-sizes=\"(max-width: 640px) 100vw, 640px\"><\/p>\n<p>Les services d&rsquo;URGENCES, de RAYONS X et d&rsquo;ONCOLOGIE sont actuellement op\u00e9rationnels. Le reste des services de l&rsquo;h\u00f4pital sera progressivement habilit\u00e9.<\/p>\n<p>Son inauguration officielle est pr\u00e9vue pour le d\u00e9but de l&rsquo;ann\u00e9e 2017.<\/p>\n<h3><strong>Coordonn\u00e9es du distributeur d&rsquo;INMESOL en R\u00e9publique Dominicaine :<\/strong><\/h3>\n<p><strong>FERRETER\u00cdA OCHOA<\/strong><\/p>\n<p><strong>AV. IMBERT N\u00b053, C.P. 51000 SANTIAGO<\/strong><\/p>\n<p><strong>R\u00c9PUBLIQUE DOMINICAINE<\/strong><\/p>\n<p><strong>T\u00c9L. : +809 971 8000<\/strong><\/p>\n<p><strong>estarlinsalcedo@ochoa.com.do<\/strong><\/p>\n","protected":false},"excerpt":{"rendered":"<p>L\u2019H\u00d4PITAL \u00ab LAS COLINAS \u00bb a achet\u00e9, il y a quelques mois, ces deux centrales \u00e9lectriques de 1010 kVA gr\u00e2ce \u00e0 notre distributeur FERRETER\u00cdA OCHOA, S.A.<\/p>\n","protected":false},"author":2,"featured_media":3098,"comment_status":"closed","ping_status":"closed","sticky":false,"template":"","format":"standard","meta":{"inline_featured_image":false,"footnotes":""},"categories":[34,49,54,58],"tags":[],"categorias-smart-power-":[],"paises-":[61],"class_list":["post-3099","post","type-post","status-publish","format-standard","has-post-thumbnail","hentry","category-frances","category-groupes-electrogenes","category-generateurs-distributeurs","category-casos-de-exito","paises--america"],"_links":{"self":[{"href":"https:\/\/www.inmesol.com\/fr\/wp-json\/wp\/v2\/posts\/3099","targetHints":{"allow":["GET"]}}],"collection":[{"href":"https:\/\/www.inmesol.com\/fr\/wp-json\/wp\/v2\/posts"}],"about":[{"href":"https:\/\/www.inmesol.com\/fr\/wp-json\/wp\/v2\/types\/post"}],"author":[{"embeddable":true,"href":"https:\/\/www.inmesol.com\/fr\/wp-json\/wp\/v2\/users\/2"}],"replies":[{"embeddable":true,"href":"https:\/\/www.inmesol.com\/fr\/wp-json\/wp\/v2\/comments?post=3099"}],"version-history":[{"count":0,"href":"https:\/\/www.inmesol.com\/fr\/wp-json\/wp\/v2\/posts\/3099\/revisions"}],"wp:featuredmedia":[{"embeddable":true,"href":"https:\/\/www.inmesol.com\/fr\/wp-json\/"}],"wp:attachment":[{"href":"https:\/\/www.inmesol.com\/fr\/wp-json\/wp\/v2\/media?parent=3099"}],"wp:term":[{"taxonomy":"category","embeddable":true,"href":"https:\/\/www.inmesol.com\/fr\/wp-json\/wp\/v2\/categories?post=3099"},{"taxonomy":"post_tag","embeddable":true,"href":"https:\/\/www.inmesol.com\/fr\/wp-json\/wp\/v2\/tags?post=3099"},{"taxonomy":"categorias-smart-power-","embeddable":true,"href":"https:\/\/www.inmesol.com\/fr\/wp-json\/wp\/v2\/categorias-smart-power-?post=3099"},{"taxonomy":"paises-","embeddable":true,"href":"https:\/\/www.inmesol.com\/fr\/wp-json\/wp\/v2\/paises-?post=3099"}],"curies":[{"name":"wp","href":"https:\/\/api.w.org\/{rel}","templated":true}]}}