{"id":3121,"date":"2017-01-10T07:00:46","date_gmt":"2017-01-10T06:00:46","guid":{"rendered":"http:\/\/www.inmesol.fr\/blog\/?p=3121"},"modified":"2025-01-08T18:26:08","modified_gmt":"2025-01-08T18:26:08","slug":"inmesol-sera-presente-prochain-forum-aseamac-2017","status":"publish","type":"post","link":"https:\/\/www.inmesol.com\/fr\/blog\/inmesol-sera-presente-prochain-forum-aseamac-2017\/","title":{"rendered":"INMESOL sera pr\u00e9sente au prochain FORUM ASEAMAC 2017"},"content":{"rendered":"<p>Plus que quelques jours avant la nouvelle f\u00eate du <strong>FORUM ASEAMAC 2017<\/strong><\/p>\n<p><img fetchpriority=\"high\" decoding=\"async\" class=\"size-full wp-image-3120 aligncenter\" src=\"\/wp-content\/uploads\/2017\/01\/inmesol-sera-presente-prochain-forum-aseamac-2017.jpg\" alt=\"FORUM ASEAMAC 2017\" width=\"640\" height=\"230\" title=\"\" srcset=\"https:\/\/www.inmesol.com\/wp-content\/uploads\/2017\/01\/inmesol-sera-presente-prochain-forum-aseamac-2017.jpg 640w, https:\/\/www.inmesol.com\/wp-content\/uploads\/2017\/01\/inmesol-sera-presente-prochain-forum-aseamac-2017-300x108.jpg 300w\" sizes=\"(max-width: 640px) 100vw, 640px\"><\/p>\n<p>Le 25 janvier, \u00e0 l&rsquo;<strong>H\u00f4tel Meli\u00e1 Avenida de Am\u00e9rica de Madrid<\/strong>, un grand nombre de membres du secteur de la location de machines se r\u00e9uniront, et <strong><u>INMESOL <\/u><\/strong><u>sera certainement sur place<\/u>, participant activement au Forum en tant que <strong>protectrice. <\/strong>Vous pouvez nous trouver au stand 15 de la <strong>zone d&rsquo;exposition<\/strong>, et nous serons heureux de partager avec vous les derni\u00e8res nouvelles concernant les <strong>groupes \u00e9lectrog\u00e8nes <\/strong>sp\u00e9cialement con\u00e7us pour le secteur de la <strong>location.<\/strong><\/p>\n<figure id=\"attachment_3119\" aria-describedby=\"caption-attachment-3119\" style=\"width: 640px\" class=\"wp-caption aligncenter\"><img decoding=\"async\" class=\"size-full wp-image-3119 lazyload\" data-src=\"\/wp-content\/uploads\/2017\/01\/1_inmesol-sera-presente-prochain-forum-aseamac-2017.jpg\" alt=\"Plan de situation : Zone d&#039;exposition et Zone de conf\u00e9rence\" width=\"640\" height=\"400\" title=\"\" src=\"data:image\/svg+xml;base64,PHN2ZyB3aWR0aD0iMSIgaGVpZ2h0PSIxIiB4bWxucz0iaHR0cDovL3d3dy53My5vcmcvMjAwMC9zdmciPjwvc3ZnPg==\" style=\"--smush-placeholder-width: 640px; --smush-placeholder-aspect-ratio: 640\/400;\" data-srcset=\"https:\/\/www.inmesol.com\/wp-content\/uploads\/2017\/01\/1_inmesol-sera-presente-prochain-forum-aseamac-2017.jpg 640w, https:\/\/www.inmesol.com\/wp-content\/uploads\/2017\/01\/1_inmesol-sera-presente-prochain-forum-aseamac-2017-300x188.jpg 300w\" data-sizes=\"auto\" data-original-sizes=\"(max-width: 640px) 100vw, 640px\"><figcaption id=\"caption-attachment-3119\" class=\"wp-caption-text\">Plan de situation : Zone d&rsquo;exposition et Zone de conf\u00e9rence<\/figcaption><\/figure>\n<p>Le <strong>FORUM<\/strong> est une rencontre annuelle organis\u00e9e par l\u2019Association espagnole des Loueurs (ASEAMAC) afin de mettre en \u00e9vidence <strong>les sujets de plus pertinents et actuels <\/strong><strong>du secteur <\/strong>dans les <strong>conf\u00e9rences et les d\u00e9bats<\/strong>.<\/p>\n<p>Des sujets int\u00e9ressants seront abord\u00e9s, tels que\u00a0:<\/p>\n<ul>\n<li>Les tendances de la location de machines et d&rsquo;\u00e9quipements en Espagne<\/li>\n<li>Mise en service (dans des situations de vente et de location). Ce que vous devez faire et comment le documenter<\/li>\n<li>Quels sont les points que la soci\u00e9t\u00e9 de location devrait v\u00e9rifier \u00e0 chaque livraison ?<\/li>\n<li>Vers la r\u00e9volution \u00e9lectronique. Les moteurs hybrides, le big data, la gestion de flotte&#8230;<\/li>\n<li>Soci\u00e9t\u00e9 de location ou sous-traitant : Quelles activit\u00e9s la soci\u00e9t\u00e9 de location peut-elle r\u00e9aliser chez le client et \u00eatre encore toujours consid\u00e9r\u00e9e comme \u00e9tant une soci\u00e9t\u00e9 de location ?<\/li>\n<li>Gestion des services non traditionnels qui apparaissent dans le secteur locatif : Diff\u00e9rences entre les services et traitement fiscal pour les consommables.<\/li>\n<li>Quel est l\u2019avenir des services de location dans la r\u00e9gion\u00a0? Les entreprises et les associations des diff\u00e9rents pays de la r\u00e9gion partagent leurs points de vue.<\/li>\n<li>Responsabilit\u00e9s et salaires des g\u00e9rants d&rsquo;affaires<\/li>\n<li>Une nouvelle start-up\u00a0: une activit\u00e9 entrepreneuriale au XXIe si\u00e8cle<\/li>\n<li>Le grand d\u00e9fi pos\u00e9 par l&rsquo;Internet : L&rsquo;Amazon des soci\u00e9t\u00e9s de location verra-t-elle bient\u00f4t le jour ?<\/li>\n<\/ul>\n<h4><strong>Les soci\u00e9t\u00e9s de location ont la possibilit\u00e9 de participer au FORUM ASEAMAC 2017 gratuitement. Vous voulez savoir comment b\u00e9n\u00e9ficier de cette aubaine\u00a0?<\/strong><\/h4>\n<p>L&rsquo;ASEAMAC offre 1 laissez-passer gratuit \u00e0 toutes les soci\u00e9t\u00e9s de location qui remplissent le questionnaire suivant\u00a0:<\/p>\n<p>https:\/\/es.surveymonkey.com\/r\/aseamac-encuesta-2017<\/p>\n<h4><u>Informations pertinentes :<\/u><\/h4>\n<p><strong>Date<\/strong>: 25 janvier 2017.<br \/>\n<strong>Lieu<\/strong>: H\u00f4tel Meli\u00e1 Avenida de Am\u00e9rica.<br \/>\nCalle Juan Ignacio Luca de Tena 36<br \/>\n28027 Madrid \u2013 T\u00e9l. : (+34) 914 232 400<br \/>\n<strong>Personne de contact d&rsquo;INMESOL au FORUM<\/strong>: Ignacio Morell et Joaqu\u00edn Cazorla (D\u00e9pt. Admin. des Ventes d&rsquo;INMESOL, S.L.)<br \/>\n<strong>Num\u00e9ro de t\u00e9l\u00e9phone de contact<\/strong>: +34 646195266 et +34 609710349<\/p>\n","protected":false},"excerpt":{"rendered":"<p>Le 25 janvier, \u00e0 l&rsquo;H\u00f4tel Meli\u00e1 Avenida de Am\u00e9rica de Madrid, un grand nombre de membres du secteur de la location de machines se r\u00e9uniront, et INMESOL sera certainement sur place, participant activement au Forum en tant que protectrice.<\/p>\n","protected":false},"author":2,"featured_media":3118,"comment_status":"closed","ping_status":"closed","sticky":false,"template":"","format":"standard","meta":{"inline_featured_image":false,"footnotes":""},"categories":[34,48],"tags":[],"categorias-smart-power-":[],"paises-":[],"class_list":["post-3121","post","type-post","status-publish","format-standard","has-post-thumbnail","hentry","category-frances","category-expositions"],"_links":{"self":[{"href":"https:\/\/www.inmesol.com\/fr\/wp-json\/wp\/v2\/posts\/3121","targetHints":{"allow":["GET"]}}],"collection":[{"href":"https:\/\/www.inmesol.com\/fr\/wp-json\/wp\/v2\/posts"}],"about":[{"href":"https:\/\/www.inmesol.com\/fr\/wp-json\/wp\/v2\/types\/post"}],"author":[{"embeddable":true,"href":"https:\/\/www.inmesol.com\/fr\/wp-json\/wp\/v2\/users\/2"}],"replies":[{"embeddable":true,"href":"https:\/\/www.inmesol.com\/fr\/wp-json\/wp\/v2\/comments?post=3121"}],"version-history":[{"count":0,"href":"https:\/\/www.inmesol.com\/fr\/wp-json\/wp\/v2\/posts\/3121\/revisions"}],"wp:featuredmedia":[{"embeddable":true,"href":"https:\/\/www.inmesol.com\/fr\/wp-json\/"}],"wp:attachment":[{"href":"https:\/\/www.inmesol.com\/fr\/wp-json\/wp\/v2\/media?parent=3121"}],"wp:term":[{"taxonomy":"category","embeddable":true,"href":"https:\/\/www.inmesol.com\/fr\/wp-json\/wp\/v2\/categories?post=3121"},{"taxonomy":"post_tag","embeddable":true,"href":"https:\/\/www.inmesol.com\/fr\/wp-json\/wp\/v2\/tags?post=3121"},{"taxonomy":"categorias-smart-power-","embeddable":true,"href":"https:\/\/www.inmesol.com\/fr\/wp-json\/wp\/v2\/categorias-smart-power-?post=3121"},{"taxonomy":"paises-","embeddable":true,"href":"https:\/\/www.inmesol.com\/fr\/wp-json\/wp\/v2\/paises-?post=3121"}],"curies":[{"name":"wp","href":"https:\/\/api.w.org\/{rel}","templated":true}]}}