{"id":3352,"date":"2017-06-21T20:15:04","date_gmt":"2017-06-21T18:15:04","guid":{"rendered":"http:\/\/www.inmesol.fr\/blog\/?p=3352"},"modified":"2026-01-16T11:24:44","modified_gmt":"2026-01-16T11:24:44","slug":"participation-dinmesol-salon-expo-electrica-internacional-2017","status":"publish","type":"post","link":"https:\/\/www.inmesol.com\/fr\/blog\/participation-dinmesol-salon-expo-electrica-internacional-2017\/","title":{"rendered":"Participation d&rsquo;Inmesol au Salon Expo El\u00e9ctrica Internacional 2017"},"content":{"rendered":"<p>Inmesol \u00e9tait pr\u00e9sent lors de la derni\u00e8re \u00e9dition du <strong>plus important salon de l&rsquo;industrie \u00e9lectrique au Mexique, <a href=\"http:\/\/expoelectrica.com.mx\" target=\"_blank\" rel=\"noopener\">Expo El\u00e9ctrica Internacional<\/a><\/strong>, qui a eu lieu \u00e0 Mexico les 6, 7 et 8 juin.<\/p>\n<p>Notre pr\u00e9sence dans ce pays est due \u00e0 l&rsquo;initiative de notre distributeur local au Mexique, la soci\u00e9t\u00e9 <strong>ERLUX Power Group<\/strong>.<\/p>\n<figure id=\"attachment_3353\" aria-describedby=\"caption-attachment-3353\" style=\"width: 650px\" class=\"wp-caption aligncenter\"><img fetchpriority=\"high\" decoding=\"async\" class=\"size-full wp-image-3353\" src=\"\/wp-content\/uploads\/2017\/06\/participation-dinmesol-salon-expo-electrica-internacional-2017.jpg\" alt=\"Le syst\u00e8me de production d&#039;\u00e9nergie d&#039;INMESOL a \u00e9t\u00e9 pr\u00e9sent\u00e9 \u00e0 l&#039;Expo El\u00e9ctrica Internacional 2017\" width=\"650\" height=\"433\" title=\"\" srcset=\"https:\/\/www.inmesol.com\/wp-content\/uploads\/2017\/06\/participation-dinmesol-salon-expo-electrica-internacional-2017.jpg 650w, https:\/\/www.inmesol.com\/wp-content\/uploads\/2017\/06\/participation-dinmesol-salon-expo-electrica-internacional-2017-300x200.jpg 300w\" sizes=\"(max-width: 650px) 100vw, 650px\"><figcaption id=\"caption-attachment-3353\" class=\"wp-caption-text\"><em>Le syst\u00e8me de production d&rsquo;\u00e9nergie d&rsquo;INMESOL a \u00e9t\u00e9 pr\u00e9sent\u00e9 \u00e0 l&rsquo;Expo El\u00e9ctrica Internacional 2017<\/em><\/figcaption><\/figure>\n<p>Cette rencontre internationale est organis\u00e9e par VANEXPO (Vanguardia en Exposiciones S. A. de C. V.) et, au cours des 20 derni\u00e8res ann\u00e9es, elle a rassembl\u00e9 les <strong>principales soci\u00e9t\u00e9s de l&rsquo;\u00e9nergie, de la technologie et des mat\u00e9riaux du secteur de l&rsquo;\u00e9lectricit\u00e9 <\/strong>du monde entier pour pr\u00e9senter les <strong>solutions les plus novatrices d\u00e9velopp\u00e9es pour l&rsquo;industrie <\/strong>pour des organismes publiques et priv\u00e9s et pour favoriser des accords de repr\u00e9sentation.<\/p>\n<p>Expo El\u00e9ctrica Internacional propose \u00e9galement <strong>des conf\u00e9rences techniques <\/strong>et des <strong>programmes de formation <\/strong>tr\u00e8s<strong> sp\u00e9cialis\u00e9s <\/strong>qui permettent aux visiteurs une formation et des opportunit\u00e9s de r\u00e9seautages.<\/p>\n<p>Les visiteurs ont pu d\u00e9couvrir plusieurs <strong>mod\u00e8les de groupes \u00e9lectrog\u00e8nes d&rsquo;Inmesol <\/strong>expos\u00e9s lors du salon : le mod\u00e8le IK-021 de 60 Hz avec son moteur KOHLER <strong>de la <a href=\"https:\/\/www.inmesol.com\/fr\/groupes-electrogenes\/gamme-durgence\/\">Gamme d&rsquo;urgence<\/a><\/strong>, et le mod\u00e8le IIR-125 de 60 Hz <strong>de la <a href=\"https:\/\/www.inmesol.com\/fr\/groupes-electrogenes\/gamme-de-location\/\">Gamme Rental (location)<\/a><\/strong>.<\/p>\n<figure id=\"attachment_3354\" aria-describedby=\"caption-attachment-3354\" style=\"width: 650px\" class=\"wp-caption aligncenter\"><img decoding=\"async\" class=\"size-full wp-image-3354 lazyload\" data-src=\"\/wp-content\/uploads\/2017\/06\/1_participation-dinmesol-salon-expo-electrica-internacional-2017.jpg\" alt=\"Les visiteurs du stand observer les d\u00e9tails de l&#039;IK-021 \" width=\"650\" height=\"433\" title=\"\" src=\"data:image\/svg+xml;base64,PHN2ZyB3aWR0aD0iMSIgaGVpZ2h0PSIxIiB4bWxucz0iaHR0cDovL3d3dy53My5vcmcvMjAwMC9zdmciPjwvc3ZnPg==\" style=\"--smush-placeholder-width: 650px; --smush-placeholder-aspect-ratio: 650\/433;\" data-srcset=\"https:\/\/www.inmesol.com\/wp-content\/uploads\/2017\/06\/1_participation-dinmesol-salon-expo-electrica-internacional-2017.jpg 650w, https:\/\/www.inmesol.com\/wp-content\/uploads\/2017\/06\/1_participation-dinmesol-salon-expo-electrica-internacional-2017-300x200.jpg 300w\" data-sizes=\"auto\" data-original-sizes=\"(max-width: 650px) 100vw, 650px\"><figcaption id=\"caption-attachment-3354\" class=\"wp-caption-text\"><em>Les visiteurs du stand observer les d\u00e9tails de l&rsquo;IK-021<\/em><\/figcaption><\/figure>\n<figure id=\"attachment_3355\" aria-describedby=\"caption-attachment-3355\" style=\"width: 650px\" class=\"wp-caption aligncenter\"><img decoding=\"async\" class=\"size-full wp-image-3355 lazyload\" data-src=\"\/wp-content\/uploads\/2017\/06\/2_participation-dinmesol-salon-expo-electrica-internacional-2017.jpg\" alt=\"Le stand d&#039;ERLUX Power Group au Salon de l&#039;Expo El\u00e9ctrica Internacional\" width=\"650\" height=\"434\" title=\"\" src=\"data:image\/svg+xml;base64,PHN2ZyB3aWR0aD0iMSIgaGVpZ2h0PSIxIiB4bWxucz0iaHR0cDovL3d3dy53My5vcmcvMjAwMC9zdmciPjwvc3ZnPg==\" style=\"--smush-placeholder-width: 650px; --smush-placeholder-aspect-ratio: 650\/434;\" data-srcset=\"https:\/\/www.inmesol.com\/wp-content\/uploads\/2017\/06\/2_participation-dinmesol-salon-expo-electrica-internacional-2017.jpg 650w, https:\/\/www.inmesol.com\/wp-content\/uploads\/2017\/06\/2_participation-dinmesol-salon-expo-electrica-internacional-2017-300x200.jpg 300w\" data-sizes=\"auto\" data-original-sizes=\"(max-width: 650px) 100vw, 650px\"><figcaption id=\"caption-attachment-3355\" class=\"wp-caption-text\"><em>Le stand d&rsquo;ERLUX Power Group au Salon de l&rsquo;Expo El\u00e9ctrica Internacional<\/em><\/figcaption><\/figure>\n<p>Le syst\u00e8me de production d&rsquo;\u00e9nergie <strong>IIR-125 a attir\u00e9 tous les regards lors du salon. Ce qui a attir\u00e9 l&rsquo;attention aux premiers abords est, comme d&rsquo;habitude, la <\/strong><strong>solidit\u00e9 et la qualit\u00e9 <\/strong>de la carrosserie de tous les syst\u00e8mes de production d&rsquo;\u00e9nergie fabriqu\u00e9s par INMESOL, et, en particulier, de la <a href=\"https:\/\/www.inmesol.com\/fr\/groupes-electrogenes\/gamme-de-location\/\" target=\"_blank\" rel=\"noopener\"><strong>Gamme Rental (location)<\/strong><\/a><strong>.<\/strong><\/p>\n<p>De plus, le mod\u00e8le IIR-125 pr\u00e9sent\u00e9 lors du salon incluait <strong>un <a href=\"http:\/\/www.inmesol.fr\/blog\/guide-pour-la-commande-a-distance-des-groupes-electrogenes-au-moyen-du-dispositif-dse890\" target=\"_blank\" rel=\"noopener\">syst\u00e8me de contr\u00f4le \u00e0 distance g\u00e9r\u00e9 par un dispositif DSE 890<\/a>, unit\u00e9 <\/strong>dont l&rsquo;\u00e9quipement peut \u00eatre contr\u00f4l\u00e9 ou <a href=\"http:\/\/www.inmesol.fr\/blog\/surveillez-et-commandez-a-distance-vos-groupes-electrogenes-avec-lapplication-dse-pour-portables\" target=\"_blank\" rel=\"noopener\">supervis\u00e9<\/a> gr\u00e2ce \u00e0 un ordinateur, un t\u00e9l\u00e9phone portable ou une tablette \u00e0 <strong>des centaines de kilom\u00e8tres de distance<\/strong>. Cette option est extr\u00eamement int\u00e9ressante pour conna\u00eetre l&rsquo;\u00e9tat du groupe \u00e9lectrog\u00e8ne sans avoir besoin d&rsquo;\u00eatre pr\u00e9sent physiquement, ce qui permet des <strong>\u00e9conomies de temps et d&rsquo;argent <\/strong>dans des voyages pour des op\u00e9rations de maintenance ou de r\u00e9paration. Par ailleurs, il indique la <strong>position g\u00e9ographique de l&rsquo;\u00e9quipement<\/strong>, une option id\u00e9ale pour <strong>faire face <\/strong>\u00e0 d&rsquo;\u00e9ventuels <strong>vols.<\/strong><\/p>\n<p>Un autre atout de ce mod\u00e8le IIR-125 expos\u00e9 au <strong>stand d&rsquo;ERLUX Power Group <\/strong>est qu&rsquo;il comprend une <strong>unit\u00e9 de protection et de contr\u00f4le intelligent, le DSE 8610MKII<\/strong>, qui permet des op\u00e9rations de <strong>synchronisation <\/strong>et <strong>de parall\u00e8le en \u00eelot <\/strong>du dispositif avec d&rsquo;autres syst\u00e8mes de production d&rsquo;\u00e9nergie en utilisant la m\u00eame unit\u00e9 de contr\u00f4le (plus de 32 groupes \u00e9lectrog\u00e8nes), cr\u00e9ant ainsi un r\u00e9seau de production \u00e9nergie qui fournit <strong>davantage d&rsquo;\u00e9nergie <\/strong>et s&rsquo;adapte aux <strong>besoins en \u00e9nergie <\/strong>d&rsquo;une <strong>installation pr\u00e9sentant des charges ou des niveaux de consommation variables.<\/strong><\/p>\n<figure id=\"attachment_3356\" aria-describedby=\"caption-attachment-3356\" style=\"width: 650px\" class=\"wp-caption aligncenter\"><img decoding=\"async\" class=\"size-full wp-image-3356 lazyload\" data-src=\"\/wp-content\/uploads\/2017\/06\/3_participation-dinmesol-salon-expo-electrica-internacional-2017.jpg\" alt=\"Important flux de visiteurs durant les trois jours de l&#039;Expo El\u00e9ctrica Internacional 2017\" width=\"650\" height=\"480\" title=\"\" src=\"data:image\/svg+xml;base64,PHN2ZyB3aWR0aD0iMSIgaGVpZ2h0PSIxIiB4bWxucz0iaHR0cDovL3d3dy53My5vcmcvMjAwMC9zdmciPjwvc3ZnPg==\" style=\"--smush-placeholder-width: 650px; --smush-placeholder-aspect-ratio: 650\/480;\" data-srcset=\"https:\/\/www.inmesol.com\/wp-content\/uploads\/2017\/06\/3_participation-dinmesol-salon-expo-electrica-internacional-2017.jpg 650w, https:\/\/www.inmesol.com\/wp-content\/uploads\/2017\/06\/3_participation-dinmesol-salon-expo-electrica-internacional-2017-300x222.jpg 300w\" data-sizes=\"auto\" data-original-sizes=\"(max-width: 650px) 100vw, 650px\"><figcaption id=\"caption-attachment-3356\" class=\"wp-caption-text\"><em>Important flux de visiteurs durant les trois jours de l&rsquo;Expo El\u00e9ctrica Internacional 2017<\/em><\/figcaption><\/figure>\n<p>La participation d&rsquo;Inmesol au salon a \u00e9t\u00e9 l&rsquo;opportunit\u00e9 d&rsquo;<strong>augmenter notre pr\u00e9sence au Mexique<\/strong>, gr\u00e2ce au remarquable travail de repr\u00e9sentation de la part de notre distributeur local, <strong>ERLUX Power Group<\/strong>.<\/p>\n<figure id=\"attachment_3357\" aria-describedby=\"caption-attachment-3357\" style=\"width: 650px\" class=\"wp-caption aligncenter\"><img decoding=\"async\" class=\"size-full wp-image-3357 lazyload\" data-src=\"\/wp-content\/uploads\/2017\/06\/4_participation-dinmesol-salon-expo-electrica-internacional-2017.jpg\" alt=\"\u00c9quipe commerciale Power ERLUX Group\" width=\"650\" height=\"399\" title=\"\" src=\"data:image\/svg+xml;base64,PHN2ZyB3aWR0aD0iMSIgaGVpZ2h0PSIxIiB4bWxucz0iaHR0cDovL3d3dy53My5vcmcvMjAwMC9zdmciPjwvc3ZnPg==\" style=\"--smush-placeholder-width: 650px; --smush-placeholder-aspect-ratio: 650\/399;\" data-srcset=\"https:\/\/www.inmesol.com\/wp-content\/uploads\/2017\/06\/4_participation-dinmesol-salon-expo-electrica-internacional-2017.jpg 650w, https:\/\/www.inmesol.com\/wp-content\/uploads\/2017\/06\/4_participation-dinmesol-salon-expo-electrica-internacional-2017-300x184.jpg 300w\" data-sizes=\"auto\" data-original-sizes=\"(max-width: 650px) 100vw, 650px\"><figcaption id=\"caption-attachment-3357\" class=\"wp-caption-text\"><em>\u00c9quipe commerciale Power ERLUX Group<\/em><\/figcaption><\/figure>\n","protected":false},"excerpt":{"rendered":"<p>Inmesol \u00e9tait pr\u00e9sent lors de la derni\u00e8re \u00e9dition du plus important salon de l&rsquo;industrie \u00e9lectrique au Mexique, Expo El\u00e9ctrica Internacional, qui a eu lieu \u00e0 Mexico les 6, 7 et 8 juin.<\/p>\n","protected":false},"author":2,"featured_media":3357,"comment_status":"closed","ping_status":"closed","sticky":false,"template":"","format":"standard","meta":{"inline_featured_image":false,"footnotes":""},"categories":[48,34],"tags":[],"categorias-smart-power-":[],"paises-":[],"class_list":["post-3352","post","type-post","status-publish","format-standard","has-post-thumbnail","hentry","category-expositions","category-frances"],"_links":{"self":[{"href":"https:\/\/www.inmesol.com\/fr\/wp-json\/wp\/v2\/posts\/3352","targetHints":{"allow":["GET"]}}],"collection":[{"href":"https:\/\/www.inmesol.com\/fr\/wp-json\/wp\/v2\/posts"}],"about":[{"href":"https:\/\/www.inmesol.com\/fr\/wp-json\/wp\/v2\/types\/post"}],"author":[{"embeddable":true,"href":"https:\/\/www.inmesol.com\/fr\/wp-json\/wp\/v2\/users\/2"}],"replies":[{"embeddable":true,"href":"https:\/\/www.inmesol.com\/fr\/wp-json\/wp\/v2\/comments?post=3352"}],"version-history":[{"count":0,"href":"https:\/\/www.inmesol.com\/fr\/wp-json\/wp\/v2\/posts\/3352\/revisions"}],"wp:featuredmedia":[{"embeddable":true,"href":"https:\/\/www.inmesol.com\/fr\/wp-json\/wp\/v2\/posts\/3357"}],"wp:attachment":[{"href":"https:\/\/www.inmesol.com\/fr\/wp-json\/wp\/v2\/media?parent=3352"}],"wp:term":[{"taxonomy":"category","embeddable":true,"href":"https:\/\/www.inmesol.com\/fr\/wp-json\/wp\/v2\/categories?post=3352"},{"taxonomy":"post_tag","embeddable":true,"href":"https:\/\/www.inmesol.com\/fr\/wp-json\/wp\/v2\/tags?post=3352"},{"taxonomy":"categorias-smart-power-","embeddable":true,"href":"https:\/\/www.inmesol.com\/fr\/wp-json\/wp\/v2\/categorias-smart-power-?post=3352"},{"taxonomy":"paises-","embeddable":true,"href":"https:\/\/www.inmesol.com\/fr\/wp-json\/wp\/v2\/paises-?post=3352"}],"curies":[{"name":"wp","href":"https:\/\/api.w.org\/{rel}","templated":true}]}}