{"id":3383,"date":"2017-07-06T08:00:03","date_gmt":"2017-07-06T06:00:03","guid":{"rendered":"http:\/\/www.inmesol.fr\/blog\/?p=3383"},"modified":"2025-01-09T16:35:39","modified_gmt":"2025-01-09T16:35:39","slug":"groupes-electrogenes-inmesol-centre-spatial-europeen-de-kourou","status":"publish","type":"post","link":"https:\/\/www.inmesol.com\/fr\/blog\/groupes-electrogenes-inmesol-centre-spatial-europeen-de-kourou\/","title":{"rendered":"Groupes \u00e9lectrog\u00e8nes INMESOL au CENTRE SPATIAL EUROP\u00c9EN DE KOUROU"},"content":{"rendered":"<h4 style=\"text-align: center;\">Pour la construction de <strong>la <u>base de lancement <\/u><\/strong>de la <strong><u>fus\u00e9e Ariane 6<\/u>.<\/strong><\/h4>\n<p>Un <strong>groupe \u00e9lectrog\u00e8ne INMESOL mod\u00e8le IV-440 a r\u00e9cemment \u00e9t\u00e9 install\u00e9 dans la centrale \u00e0 b\u00e9ton <\/strong>pour la construction de la <strong>nouvelle base de lancement d&rsquo;Ariane 6, <\/strong>situ\u00e9e dans le <strong>Centre Spatial Guyanais, \u00e0 Kourou, Guyane fran\u00e7aise<\/strong>.<\/p>\n<figure id=\"attachment_3380\" aria-describedby=\"caption-attachment-3380\" style=\"width: 640px\" class=\"wp-caption aligncenter\"><img fetchpriority=\"high\" decoding=\"async\" class=\"size-full wp-image-3380\" src=\"\/wp-content\/uploads\/2017\/07\/groupes-electrogenes-inmesol-centre-spatial-europeen-de-kourou.jpg\" alt=\"Groupe \u00e9lectrog\u00e8ne de 440 kVA LTP dans la centrale \u00e0 b\u00e9ton situ\u00e9e dans le Centre Spatial Guyanais\" width=\"640\" height=\"450\" title=\"\" srcset=\"https:\/\/www.inmesol.com\/wp-content\/uploads\/2017\/07\/groupes-electrogenes-inmesol-centre-spatial-europeen-de-kourou.jpg 640w, https:\/\/www.inmesol.com\/wp-content\/uploads\/2017\/07\/groupes-electrogenes-inmesol-centre-spatial-europeen-de-kourou-300x211.jpg 300w\" sizes=\"(max-width: 640px) 100vw, 640px\"><figcaption id=\"caption-attachment-3380\" class=\"wp-caption-text\">Groupe \u00e9lectrog\u00e8ne de 440 kVA LTP dans la centrale \u00e0 b\u00e9ton situ\u00e9e dans le Centre Spatial Guyanais<\/figcaption><\/figure>\n<p>Il s&rsquo;agit d&rsquo;un puissant groupe \u00e9lectrog\u00e8ne <strong>de secours <\/strong>qui <strong>assure l&rsquo;approvisionnement en \u00e9nergie <\/strong>en cas de <strong>d\u00e9faillance du r\u00e9seau <\/strong>et \u00e9vite une \u00e9ventuelle interruption dans les travaux de construction de la <strong>nouvelle base <\/strong>d&rsquo;o\u00f9 <strong>sera lanc\u00e9e <\/strong>la fus\u00e9e spatiale europ\u00e9enne <strong>Ariane 6<\/strong>. Ce <strong>premier lancement <\/strong>est pr\u00e9vu en <strong>2020<\/strong>.<\/p>\n<p>La navette spatiale <strong>Ariane 6, <\/strong>\u00a0con\u00e7ue par l&rsquo;<strong>Agence Spatiale Europ\u00e9enne <\/strong>(ESA), est fabriqu\u00e9e <strong>\u00e0 Paris <\/strong>et de l\u00e0 elle sera envoy\u00e9e par bateau jusqu&rsquo;au <strong>Centre Spatial Europ\u00e9en de Kourou. <\/strong>Une fois sa fabrication achev\u00e9e, elle deviendra le membre le plus jeune de la famille des v\u00e9hicules de lancement <strong>Ariane<\/strong>. Son design final a \u00e9t\u00e9 choisi lors de la r\u00e9union de l&rsquo;ESA \u00e0 niveau minist\u00e9riel en d\u00e9cembre 2014.<\/p>\n<figure id=\"attachment_3376\" aria-describedby=\"caption-attachment-3376\" style=\"width: 640px\" class=\"wp-caption aligncenter\"><img decoding=\"async\" class=\"size-full wp-image-3376 lazyload\" data-src=\"\/wp-content\/uploads\/2017\/07\/1_groupes-electrogenes-inmesol-centre-spatial-europeen-de-kourou.jpg\" alt=\"Infographie du design d&#039;Ariane 6\" width=\"640\" height=\"350\" title=\"\" src=\"data:image\/svg+xml;base64,PHN2ZyB3aWR0aD0iMSIgaGVpZ2h0PSIxIiB4bWxucz0iaHR0cDovL3d3dy53My5vcmcvMjAwMC9zdmciPjwvc3ZnPg==\" style=\"--smush-placeholder-width: 640px; --smush-placeholder-aspect-ratio: 640\/350;\" data-srcset=\"https:\/\/www.inmesol.com\/wp-content\/uploads\/2017\/07\/1_groupes-electrogenes-inmesol-centre-spatial-europeen-de-kourou.jpg 640w, https:\/\/www.inmesol.com\/wp-content\/uploads\/2017\/07\/1_groupes-electrogenes-inmesol-centre-spatial-europeen-de-kourou-300x164.jpg 300w\" data-sizes=\"auto\" data-original-sizes=\"(max-width: 640px) 100vw, 640px\"><figcaption id=\"caption-attachment-3376\" class=\"wp-caption-text\">Infographie du design d&rsquo;Ariane 6<\/figcaption><\/figure>\n<p>Pour ce nouveau projet, <strong>Ariane 6 <\/strong>doit fournir un <strong>acc\u00e8s \u00e0 l&rsquo;espace assur\u00e9 pour l&rsquo;Europe \u00e0 un prix plus comp\u00e9titif <\/strong>que celui de ces pr\u00e9d\u00e9cesseurs. Pour cela, le <strong>co\u00fbt du lancement <\/strong>a \u00e9t\u00e9 <strong>r\u00e9duit de la moiti\u00e9 <\/strong>et, pour sa fabrication, on a <strong>r\u00e9utilis\u00e9 la technologie des fiables moteurs d&rsquo;Ariane 5.<\/strong><\/p>\n<div class=\"video-responsive\"><iframe class=\"videoyoutube\" src=\"\" width=\"640\" height=\"360\" frameborder=\"0\" allowfullscreen=\"allowfullscreen\" data-src=\"https:\/\/www.youtube.com\/embed\/1Ul30dN8NOk\"><\/iframe><\/div>\n<p>Le <strong>Centre Spatial Europ\u00e9en de Kourou <\/strong>ou <strong>Centre Spatial Guyanais<\/strong>, avec une superficie de 850 km\u00b2, est le centre utilis\u00e9 par l&rsquo;<strong>Agence Spatiale Europ\u00e9enne <\/strong>pour le lancement de ses fus\u00e9es spatiales.<\/p>\n<figure id=\"attachment_3379\" aria-describedby=\"caption-attachment-3379\" style=\"width: 640px\" class=\"wp-caption aligncenter\"><img decoding=\"async\" class=\"size-full wp-image-3379 lazyload\" data-src=\"\/wp-content\/uploads\/2017\/07\/2_groupes-electrogenes-inmesol-centre-spatial-europeen-de-kourou.jpg\" alt=\"Centre Spatial Europ\u00e9en de Kourou ou Centre Spatial Guyanais\" width=\"640\" height=\"450\" title=\"\" src=\"data:image\/svg+xml;base64,PHN2ZyB3aWR0aD0iMSIgaGVpZ2h0PSIxIiB4bWxucz0iaHR0cDovL3d3dy53My5vcmcvMjAwMC9zdmciPjwvc3ZnPg==\" style=\"--smush-placeholder-width: 640px; --smush-placeholder-aspect-ratio: 640\/450;\" data-srcset=\"https:\/\/www.inmesol.com\/wp-content\/uploads\/2017\/07\/2_groupes-electrogenes-inmesol-centre-spatial-europeen-de-kourou.jpg 640w, https:\/\/www.inmesol.com\/wp-content\/uploads\/2017\/07\/2_groupes-electrogenes-inmesol-centre-spatial-europeen-de-kourou-300x211.jpg 300w\" data-sizes=\"auto\" data-original-sizes=\"(max-width: 640px) 100vw, 640px\"><figcaption id=\"caption-attachment-3379\" class=\"wp-caption-text\">Centre Spatial Europ\u00e9en de Kourou ou Centre Spatial Guyanais<\/figcaption><\/figure>\n<p>Sa localisation, \u00e0 500 km de l\u2019\u00e9quateur et \u00e0 une latitude de 5\u00b03&prime;, en fait un <strong>une enclave parfaite <\/strong>pour ce genre d&rsquo;op\u00e9rations puisque, quand la trajectoire est dirig\u00e9e vers l&rsquo;est, la rotation de la terre <strong>apporte <\/strong>une grande <strong>rapidit\u00e9 inertielle \u00e0 la fus\u00e9e<\/strong>, raison pour laquelle la mise en orbite requiert <strong>moins de combustible <\/strong>que si le lancement \u00e9tait fait depuis d&rsquo;autres enclaves.<\/p>\n<figure id=\"attachment_3378\" aria-describedby=\"caption-attachment-3378\" style=\"width: 640px\" class=\"wp-caption aligncenter\"><img decoding=\"async\" class=\"size-full wp-image-3378 lazyload\" data-src=\"\/wp-content\/uploads\/2017\/07\/3_groupes-electrogenes-inmesol-centre-spatial-europeen-de-kourou.jpg\" alt=\"Carte localisation du centre Spatial Europ\u00e9en de Kourou ou Centre Spatial Guyanais\" width=\"640\" height=\"350\" title=\"\" src=\"data:image\/svg+xml;base64,PHN2ZyB3aWR0aD0iMSIgaGVpZ2h0PSIxIiB4bWxucz0iaHR0cDovL3d3dy53My5vcmcvMjAwMC9zdmciPjwvc3ZnPg==\" style=\"--smush-placeholder-width: 640px; --smush-placeholder-aspect-ratio: 640\/350;\" data-srcset=\"https:\/\/www.inmesol.com\/wp-content\/uploads\/2017\/07\/3_groupes-electrogenes-inmesol-centre-spatial-europeen-de-kourou.jpg 640w, https:\/\/www.inmesol.com\/wp-content\/uploads\/2017\/07\/3_groupes-electrogenes-inmesol-centre-spatial-europeen-de-kourou-300x164.jpg 300w\" data-sizes=\"auto\" data-original-sizes=\"(max-width: 640px) 100vw, 640px\"><figcaption id=\"caption-attachment-3378\" class=\"wp-caption-text\">Carte localisation du centre Spatial Europ\u00e9en de Kourou ou Centre Spatial Guyanais<\/figcaption><\/figure>\n<p>Le centre poss\u00e8de 4 bases de lancement :<\/p>\n<ul>\n<li><strong>Zone de lancement Vega (B)<\/strong>: Autrefois connue sous le nom d&rsquo;<strong>ELA-1<\/strong>, elle a \u00e9t\u00e9 la premi\u00e8re base de lancement de la fus\u00e9e Ariane (utilis\u00e9e pour les mod\u00e8les Ariane 1, Ariane 2 et Ariane, d\u00e9mantel\u00e9es en 1989).<br \/>\nLa base est maintenant en processus d&rsquo;adaptation pour son utilisation avec les lanceurs <strong>Vega<\/strong><\/li>\n<\/ul>\n<ul>\n<li><strong>ZL2 (C) :<\/strong> Autrefois connue comme <strong>ELA-2<\/strong>, elle a \u00e9t\u00e9 utilis\u00e9e pour le lancement d&rsquo;<strong>Ariane 4 <\/strong>jusqu&rsquo;en 2003. (D\u00e9mantel\u00e9 en 2011).<\/li>\n<li><strong>Zone de Lancement Ariane (D)<\/strong>: Autrefois connue sous le nom d&rsquo;<strong>ELA-3<\/strong>, elle est toujours active aujourd&rsquo;hui pour <strong>Ariane 5<\/strong>.<\/li>\n<li><strong>Zone de Lancement Soyuz (F)<\/strong>: \u00c9galement connue comme ELS (<em>Ensemble de Lancement <strong>Soyouz<\/strong><\/em>). Cette installation est utilis\u00e9e pour les lancements de fus\u00e9es Soyuz-ST, de fabrication russe, depuis octobre 2011.<\/li>\n<\/ul>\n<figure id=\"attachment_3377\" aria-describedby=\"caption-attachment-3377\" style=\"width: 580px\" class=\"wp-caption aligncenter\"><img decoding=\"async\" class=\"size-full wp-image-3377 lazyload\" data-src=\"\/wp-content\/uploads\/2017\/07\/4_groupes-electrogenes-inmesol-centre-spatial-europeen-de-kourou.jpg\" alt=\"Carte localisation des tours de lancement. Image : Wikipedia\" width=\"580\" height=\"540\" title=\"\" src=\"data:image\/svg+xml;base64,PHN2ZyB3aWR0aD0iMSIgaGVpZ2h0PSIxIiB4bWxucz0iaHR0cDovL3d3dy53My5vcmcvMjAwMC9zdmciPjwvc3ZnPg==\" style=\"--smush-placeholder-width: 580px; --smush-placeholder-aspect-ratio: 580\/540;\" data-srcset=\"https:\/\/www.inmesol.com\/wp-content\/uploads\/2017\/07\/4_groupes-electrogenes-inmesol-centre-spatial-europeen-de-kourou.jpg 580w, https:\/\/www.inmesol.com\/wp-content\/uploads\/2017\/07\/4_groupes-electrogenes-inmesol-centre-spatial-europeen-de-kourou-300x279.jpg 300w\" data-sizes=\"auto\" data-original-sizes=\"(max-width: 580px) 100vw, 580px\"><figcaption id=\"caption-attachment-3377\" class=\"wp-caption-text\">Carte localisation des tours de lancement. Image : Wikipedia<\/figcaption><\/figure>\n","protected":false},"excerpt":{"rendered":"<p>Un groupe \u00e9lectrog\u00e8ne INMESOL mod\u00e8le IV-440 a r\u00e9cemment \u00e9t\u00e9 install\u00e9 dans la centrale \u00e0 b\u00e9ton pour la construction de la nouvelle base de lancement d&rsquo;Ariane 6, situ\u00e9e dans le Centre Spatial Guyanais, \u00e0 Kourou, Guyane fran\u00e7aise.<\/p>\n","protected":false},"author":2,"featured_media":3381,"comment_status":"closed","ping_status":"closed","sticky":false,"template":"","format":"standard","meta":{"inline_featured_image":false,"footnotes":""},"categories":[34,49,58],"tags":[],"categorias-smart-power-":[],"paises-":[61],"class_list":["post-3383","post","type-post","status-publish","format-standard","has-post-thumbnail","hentry","category-frances","category-groupes-electrogenes","category-casos-de-exito","paises--america"],"_links":{"self":[{"href":"https:\/\/www.inmesol.com\/fr\/wp-json\/wp\/v2\/posts\/3383","targetHints":{"allow":["GET"]}}],"collection":[{"href":"https:\/\/www.inmesol.com\/fr\/wp-json\/wp\/v2\/posts"}],"about":[{"href":"https:\/\/www.inmesol.com\/fr\/wp-json\/wp\/v2\/types\/post"}],"author":[{"embeddable":true,"href":"https:\/\/www.inmesol.com\/fr\/wp-json\/wp\/v2\/users\/2"}],"replies":[{"embeddable":true,"href":"https:\/\/www.inmesol.com\/fr\/wp-json\/wp\/v2\/comments?post=3383"}],"version-history":[{"count":0,"href":"https:\/\/www.inmesol.com\/fr\/wp-json\/wp\/v2\/posts\/3383\/revisions"}],"wp:featuredmedia":[{"embeddable":true,"href":"https:\/\/www.inmesol.com\/fr\/wp-json\/"}],"wp:attachment":[{"href":"https:\/\/www.inmesol.com\/fr\/wp-json\/wp\/v2\/media?parent=3383"}],"wp:term":[{"taxonomy":"category","embeddable":true,"href":"https:\/\/www.inmesol.com\/fr\/wp-json\/wp\/v2\/categories?post=3383"},{"taxonomy":"post_tag","embeddable":true,"href":"https:\/\/www.inmesol.com\/fr\/wp-json\/wp\/v2\/tags?post=3383"},{"taxonomy":"categorias-smart-power-","embeddable":true,"href":"https:\/\/www.inmesol.com\/fr\/wp-json\/wp\/v2\/categorias-smart-power-?post=3383"},{"taxonomy":"paises-","embeddable":true,"href":"https:\/\/www.inmesol.com\/fr\/wp-json\/wp\/v2\/paises-?post=3383"}],"curies":[{"name":"wp","href":"https:\/\/api.w.org\/{rel}","templated":true}]}}