{"id":3412,"date":"2017-08-08T14:13:37","date_gmt":"2017-08-08T12:13:37","guid":{"rendered":"http:\/\/www.inmesol.fr\/blog\/?p=3412"},"modified":"2025-01-09T16:29:23","modified_gmt":"2025-01-09T16:29:23","slug":"lenergie-inmesol-siege-central-de-commission-europeenne-berlaymont-bruxelles","status":"publish","type":"post","link":"https:\/\/www.inmesol.com\/fr\/blog\/lenergie-inmesol-siege-central-de-commission-europeenne-berlaymont-bruxelles\/","title":{"rendered":"L&rsquo;\u00e9nergie INMESOL au si\u00e8ge central de la Commission europ\u00e9enne \u2010 Berlaymont, Bruxelles"},"content":{"rendered":"<p class=\"MsoNormal\" style=\"margin-left: 5.0pt; line-height: 146%;\"><span lang=\"FR\" style=\"font-family: 'Arial',sans-serif; mso-ansi-language: FR;\">La <b>Commission europ\u00e9enne <\/b>a choisi un<b><span style=\"color: blue;\"><b> groupe \u00e9lectrog\u00e8ne de secours INMESOL <\/b>mod\u00e8le II-110<\/span><\/b>, dot\u00e9 de caract\u00e9ristiques techniques particuli\u00e8res pour fournir l&rsquo; <b>\u00e9nergie de secours <\/b>en cas de d\u00e9faillance du r\u00e9seau \u00e9lectrique de l&#8217;embl\u00e9matique b\u00e2timent institutionnel <b>bruxellois<\/b>.<\/span><\/p>\n<figure id=\"attachment_3414\" aria-describedby=\"caption-attachment-3414\" style=\"width: 640px\" class=\"wp-caption aligncenter\"><img fetchpriority=\"high\" decoding=\"async\" class=\"size-full wp-image-3414\" src=\"\/wp-content\/uploads\/2017\/08\/lenergie-inmesol-siege-central-de-commission-europeenne-berlaymont-bruxelles.jpg\" alt=\"Le Groupe \u00e9lectrog\u00e8ne de secours INMESOL mod\u00e8le II-110 s&#039;\u00e9levant jusqu&#039;au toit du b\u00e2timent Berlaymont\" width=\"640\" height=\"450\" title=\"\" srcset=\"https:\/\/www.inmesol.com\/wp-content\/uploads\/2017\/08\/lenergie-inmesol-siege-central-de-commission-europeenne-berlaymont-bruxelles.jpg 640w, https:\/\/www.inmesol.com\/wp-content\/uploads\/2017\/08\/lenergie-inmesol-siege-central-de-commission-europeenne-berlaymont-bruxelles-300x211.jpg 300w\" sizes=\"(max-width: 640px) 100vw, 640px\"><figcaption id=\"caption-attachment-3414\" class=\"wp-caption-text\">Le Groupe \u00e9lectrog\u00e8ne de secours INMESOL mod\u00e8le II-110 s&rsquo;\u00e9levant jusqu&rsquo;au toit du b\u00e2timent Berlaymont<\/figcaption><\/figure>\n<p>Il s&rsquo;agit d&rsquo;un g\u00e9n\u00e9rateur de 110 KVA de puissance LTP, insonoris\u00e9, dot\u00e9 de la technologie DSE 7410 qui lui permet de pouvoir \u00eatre contr\u00f4l\u00e9 \u00e0 distance par deux canaux de communication diff\u00e9rents (RS 232 et RS 485) et ce, de mani\u00e8re <strong>simultan\u00e9e<\/strong>. Le module DSE 7410 peut ainsi contr\u00f4ler les param\u00e8tres et les alarmes du moteur et de l&rsquo;alternateur.<\/p>\n<figure id=\"attachment_3411\" aria-describedby=\"caption-attachment-3411\" style=\"width: 580px\" class=\"wp-caption aligncenter\"><img decoding=\"async\" class=\"size-full wp-image-3411 lazyload\" data-src=\"\/wp-content\/uploads\/2017\/08\/1_lenergie-inmesol-siege-central-de-commission-europeenne-berlaymont-bruxelles.jpg\" alt=\"Le groupe \u00e9lectrog\u00e8ne de secours INMESOL mod\u00e8le II-110\" width=\"580\" height=\"450\" title=\"\" src=\"data:image\/svg+xml;base64,PHN2ZyB3aWR0aD0iMSIgaGVpZ2h0PSIxIiB4bWxucz0iaHR0cDovL3d3dy53My5vcmcvMjAwMC9zdmciPjwvc3ZnPg==\" style=\"--smush-placeholder-width: 580px; --smush-placeholder-aspect-ratio: 580\/450;\" data-srcset=\"https:\/\/www.inmesol.com\/wp-content\/uploads\/2017\/08\/1_lenergie-inmesol-siege-central-de-commission-europeenne-berlaymont-bruxelles.jpg 580w, https:\/\/www.inmesol.com\/wp-content\/uploads\/2017\/08\/1_lenergie-inmesol-siege-central-de-commission-europeenne-berlaymont-bruxelles-300x233.jpg 300w\" data-sizes=\"auto\" data-original-sizes=\"(max-width: 580px) 100vw, 580px\"><figcaption id=\"caption-attachment-3411\" class=\"wp-caption-text\">Le groupe \u00e9lectrog\u00e8ne de secours INMESOL mod\u00e8le II-110<\/figcaption><\/figure>\n<p>La <strong>sortie de puissance <\/strong>permet la connexion ind\u00e9pendante de la <strong>charge <\/strong>d&rsquo;alimentation du groupe et d&rsquo;un <strong>banc de charge <\/strong>externe pour les traditionnels <strong>tests <\/strong>de puissance <strong>p\u00e9riodiques <\/strong>r\u00e9alis\u00e9s sur les \u00e9quipements de secours ou de renfort.<\/p>\n<p>La fonction de <strong>surveillance du r\u00e9seau <\/strong>est r\u00e9alis\u00e9e par un syst\u00e8me <strong>ATS <\/strong>avec une commande <strong>DSE 335 <\/strong>qui d\u00e9tecte toute <strong>d\u00e9faillance du r\u00e9seau \u00e9lectrique <\/strong>et envoie un signal de <strong>d\u00e9marrage au moteur <\/strong>du groupe \u00e9lectrog\u00e8ne. Une fois d\u00e9marr\u00e9 et op\u00e9rationnel, la commande DSE 335 op\u00e8re pour permettre le <strong>changement d&rsquo;alimentation \u00e9lectrique <\/strong>(qui alimente \u00e0 l&rsquo;installation) entre le r\u00e9seau et le g\u00e9n\u00e9rateur et <strong>vice versa, lorsque le r\u00e9seau se r\u00e9tablit<\/strong>.<\/p>\n<figure id=\"attachment_3409\" aria-describedby=\"caption-attachment-3409\" style=\"width: 350px\" class=\"wp-caption aligncenter\"><img decoding=\"async\" class=\"size-full wp-image-3409 lazyload\" data-src=\"\/wp-content\/uploads\/2017\/08\/2_lenergie-inmesol-siege-central-de-commission-europeenne-berlaymont-bruxelles.jpg\" alt=\"Armoire ATS avec DSE 335\" width=\"350\" height=\"450\" title=\"\" src=\"data:image\/svg+xml;base64,PHN2ZyB3aWR0aD0iMSIgaGVpZ2h0PSIxIiB4bWxucz0iaHR0cDovL3d3dy53My5vcmcvMjAwMC9zdmciPjwvc3ZnPg==\" style=\"--smush-placeholder-width: 350px; --smush-placeholder-aspect-ratio: 350\/450;\" data-srcset=\"https:\/\/www.inmesol.com\/wp-content\/uploads\/2017\/08\/2_lenergie-inmesol-siege-central-de-commission-europeenne-berlaymont-bruxelles.jpg 350w, https:\/\/www.inmesol.com\/wp-content\/uploads\/2017\/08\/2_lenergie-inmesol-siege-central-de-commission-europeenne-berlaymont-bruxelles-233x300.jpg 233w\" data-sizes=\"auto\" data-original-sizes=\"(max-width: 350px) 100vw, 350px\"><figcaption id=\"caption-attachment-3409\" class=\"wp-caption-text\">Armoire ATS avec DSE 335<\/figcaption><\/figure>\n<p>La puissance, la configuration des dispositifs et les \u00e9l\u00e9ments de communication avec des syst\u00e8mes externes de ce g\u00e9n\u00e9rateur, lui permettent d&rsquo;\u00eatre tout \u00e0 fait indiqu\u00e9 pour l&rsquo;alimentation des <strong>syst\u00e8mes de s\u00e9curit\u00e9 de l&rsquo;\u00e9difice <\/strong>: alarmes incendie et temp\u00e9rature, cam\u00e9ras de surveillance, portes \u00e9lectriques, \u00e9clairage d&rsquo;urgence, etc.<\/p>\n<p>Le groupe \u00e9lectrog\u00e8ne a \u00e9t\u00e9 install\u00e9 sur la terrasse du b\u00e2timent.<\/p>\n<figure id=\"attachment_3410\" aria-describedby=\"caption-attachment-3410\" style=\"width: 640px\" class=\"wp-caption aligncenter\"><img decoding=\"async\" class=\"size-full wp-image-3410 lazyload\" data-src=\"\/wp-content\/uploads\/2017\/08\/3_lenergie-inmesol-siege-central-de-commission-europeenne-berlaymont-bruxelles.jpg\" alt=\"Cette image est la propri\u00e9t\u00e9 de l&#039;Union Europ\u00e9enne. Vue a\u00e9rienne du b\u00e2timent Berlaymont\" width=\"640\" height=\"450\" title=\"\" src=\"data:image\/svg+xml;base64,PHN2ZyB3aWR0aD0iMSIgaGVpZ2h0PSIxIiB4bWxucz0iaHR0cDovL3d3dy53My5vcmcvMjAwMC9zdmciPjwvc3ZnPg==\" style=\"--smush-placeholder-width: 640px; --smush-placeholder-aspect-ratio: 640\/450;\" data-srcset=\"https:\/\/www.inmesol.com\/wp-content\/uploads\/2017\/08\/3_lenergie-inmesol-siege-central-de-commission-europeenne-berlaymont-bruxelles.jpg 640w, https:\/\/www.inmesol.com\/wp-content\/uploads\/2017\/08\/3_lenergie-inmesol-siege-central-de-commission-europeenne-berlaymont-bruxelles-300x211.jpg 300w\" data-sizes=\"auto\" data-original-sizes=\"(max-width: 640px) 100vw, 640px\"><figcaption id=\"caption-attachment-3410\" class=\"wp-caption-text\">Cette image est la propri\u00e9t\u00e9 de l&rsquo;Union Europ\u00e9enne. Vue a\u00e9rienne du b\u00e2timent Berlaymont<\/figcaption><\/figure>\n<p>Le b\u00e2timent <strong>Berlaymont<\/strong>, est situ\u00e9 sur la place <strong>Schuman<\/strong>, connue comme le \u00ab\u00a0<strong>quartier europ\u00e9en<\/strong>\u201d et a \u00e9t\u00e9 <strong>construit dans les ann\u00e9es 60<\/strong>, pour accueillir le <strong>si\u00e8ge de la commission europ\u00e9enne<\/strong>. En 1994, il a \u00e9t\u00e9 \u00e9vacu\u00e9 pour reconstruction en raison de l&rsquo;<strong>amiante <\/strong>utilis\u00e9e pour sa construction. En <strong>2004, le b\u00e2timent \u00e9tait \u00e0 nouveau pr\u00eat \u00e0 accueillir <\/strong>la commission europ\u00e9enne.<\/p>\n<p>Le Berlaymont est un imposant \u00e9difice de <strong>14 \u00e9tages <\/strong>en forme de pales asym\u00e9triques. Il est le <strong>si\u00e8ge du pr\u00e9sident de la Commission europ\u00e9enne et de ses commissaires <\/strong>et abrite de nombreux d\u00e9partements et <strong>bureaux <\/strong>de la Commission europ\u00e9enne, <strong>des salles de presses et de t\u00e9l\u00e9vision<\/strong>, des salles de <strong>r\u00e9union<\/strong>, et un grand nombre de lieux \u00e0 usages divers, y compris un restaurant.<\/p>\n<p>La Commission europ\u00e9enne est une institution qui repr\u00e9sente et d\u00e9fend <strong>les int\u00e9r\u00eats de l&rsquo;Union europ\u00e9enne <\/strong>dans son ensemble. Elle est compos\u00e9e de 28 commissaires, un pour chaque \u00c9tat membre, et d&rsquo;un pr\u00e9sident, actuellement l&rsquo;ancien premier ministre luxembourgeois <strong>Jean-Claude Juncker<\/strong>. Sa mission principale est de :<\/p>\n<ul>\n<li><strong>Proposer <\/strong>une l\u00e9gislation au Parlement et au Conseil,<\/li>\n<li><strong>Diriger et appliquer <\/strong>les politiques et le budget de l&rsquo;UE.<\/li>\n<li><strong>Garantir <\/strong>le respect de la l\u00e9gislation europ\u00e9enne (avec la Cour europ\u00e9enne de justice).<\/li>\n<li><strong>Repr<\/strong><strong>\u00e9<\/strong><strong>senter <\/strong>l&rsquo;UE sur la sc\u00e8ne internationale.<\/li>\n<\/ul>\n<p>La <strong>vid\u00e9o <\/strong>suivante a \u00e9t\u00e9 r\u00e9alis\u00e9e il y a quelques ann\u00e9es avec l&rsquo;<strong>ancienne commission<\/strong> mais illustre bien les activit\u00e9s r\u00e9alis\u00e9es lors d&rsquo;une journ\u00e9e ordinaire au Berlaymont.<\/p>\n<div class=\"video-responsive\"><\/div>\n","protected":false},"excerpt":{"rendered":"<p>La Commission europ\u00e9enne a choisi un groupe \u00e9lectrog\u00e8ne de secours INMESOL mod\u00e8le II-110, dot\u00e9 de caract\u00e9ristiques techniques particuli\u00e8res pour fournir l&rsquo; \u00e9nergie de secours en cas de d\u00e9faillance du r\u00e9seau \u00e9lectrique de l&#8217;embl\u00e9matique b\u00e2timent institutionnel bruxellois.<\/p>\n","protected":false},"author":2,"featured_media":3415,"comment_status":"closed","ping_status":"closed","sticky":false,"template":"","format":"standard","meta":{"inline_featured_image":false,"footnotes":""},"categories":[34,49,58],"tags":[],"categorias-smart-power-":[],"paises-":[12],"class_list":["post-3412","post","type-post","status-publish","format-standard","has-post-thumbnail","hentry","category-frances","category-groupes-electrogenes","category-casos-de-exito","paises--europa"],"_links":{"self":[{"href":"https:\/\/www.inmesol.com\/fr\/wp-json\/wp\/v2\/posts\/3412","targetHints":{"allow":["GET"]}}],"collection":[{"href":"https:\/\/www.inmesol.com\/fr\/wp-json\/wp\/v2\/posts"}],"about":[{"href":"https:\/\/www.inmesol.com\/fr\/wp-json\/wp\/v2\/types\/post"}],"author":[{"embeddable":true,"href":"https:\/\/www.inmesol.com\/fr\/wp-json\/wp\/v2\/users\/2"}],"replies":[{"embeddable":true,"href":"https:\/\/www.inmesol.com\/fr\/wp-json\/wp\/v2\/comments?post=3412"}],"version-history":[{"count":0,"href":"https:\/\/www.inmesol.com\/fr\/wp-json\/wp\/v2\/posts\/3412\/revisions"}],"wp:featuredmedia":[{"embeddable":true,"href":"https:\/\/www.inmesol.com\/fr\/wp-json\/"}],"wp:attachment":[{"href":"https:\/\/www.inmesol.com\/fr\/wp-json\/wp\/v2\/media?parent=3412"}],"wp:term":[{"taxonomy":"category","embeddable":true,"href":"https:\/\/www.inmesol.com\/fr\/wp-json\/wp\/v2\/categories?post=3412"},{"taxonomy":"post_tag","embeddable":true,"href":"https:\/\/www.inmesol.com\/fr\/wp-json\/wp\/v2\/tags?post=3412"},{"taxonomy":"categorias-smart-power-","embeddable":true,"href":"https:\/\/www.inmesol.com\/fr\/wp-json\/wp\/v2\/categorias-smart-power-?post=3412"},{"taxonomy":"paises-","embeddable":true,"href":"https:\/\/www.inmesol.com\/fr\/wp-json\/wp\/v2\/paises-?post=3412"}],"curies":[{"name":"wp","href":"https:\/\/api.w.org\/{rel}","templated":true}]}}