{"id":3933,"date":"2015-04-21T10:00:42","date_gmt":"2015-04-21T08:00:42","guid":{"rendered":"http:\/\/www.inmesol.es\/blog\/?p=3933"},"modified":"2023-06-21T14:07:44","modified_gmt":"2023-06-21T14:07:44","slug":"presentamos-el-contenedor-superinsorizado-1010","status":"publish","type":"post","link":"https:\/\/www.inmesol.com\/fr\/blog\/presentamos-el-contenedor-superinsorizado-1010\/","title":{"rendered":"Contenedor para grupos electr\u00f3genos super-insonorizado IT-1010"},"content":{"rendered":"<p style=\"text-align: justify;\">En Inmesol, acabamos de finalizar la fabricaci\u00f3n de un <strong>nuevo modelo de contenedor, para grupos electr\u00f3genos, super-insonorizado&nbsp; <\/strong><strong>de 915 kVA PRP y 1010 kVA LTP dise\u00f1ado espec\u00edficamente para trabajar en emergencia<\/strong> en una planta de tratamiento mec\u00e1nico-biol\u00f3gico ubicada en el condado de Istria, en la Rep\u00fablica de Croacia.<\/p>\n<p style=\"text-align: justify;\">A diferencia de los de serie, este equipo <strong>integra dos m\u00f3dulos silenciosos externos<\/strong>, uno de admisi\u00f3n y otro de expulsi\u00f3n, que nos <strong>han permitido disminuir las emisiones sonoras<\/strong> significativamente rebaj\u00e1ndolas <strong>de los 78 dB(A) @ 7m de presi\u00f3n sonora<\/strong> que presentan los modelos est\u00e1ndar en condiciones normales <strong>a los 71 dB(A) @ 7m<\/strong>.<\/p>\n<figure id=\"attachment_3931\" aria-describedby=\"caption-attachment-3931\" style=\"width: 640px\" class=\"wp-caption aligncenter\"><img fetchpriority=\"high\" decoding=\"async\" class=\"wp-image-3931 size-full\" title=\"Contenedor de Grupo Electr\u00f3geno super silencioso\" src=\"\/wp-content\/uploads\/2015\/04\/presentamos-el-contenedor-superinsorizado-1010.jpg\" alt=\"contenedor superinsonorizado de Grupos Electr\u00f3genos IT-1010\" width=\"640\" height=\"420\"><figcaption id=\"caption-attachment-3931\" class=\"wp-caption-text\">Nuevo modelo de grupo electr\u00f3geno&nbsp;insonorizado IT-1010<\/figcaption><\/figure>\n<p style=\"text-align: justify;\"><strong>Para conseguir rebajar las emisiones sonoras en el IT-1010 hemos implementado el sistema \u201cSplitter\u201d de silenciosos<\/strong>: el flujo de aire se ha separado en finos canales que, a su vez, hemos cubierto y aislado entre s\u00ed con material absorbente, de tal modo que las ondas sonoras, al tener que diversificarse forzosamente por los diversos conductos y al toparse con el material absorbente, van perdiendo energ\u00eda progresivamente hasta disminuirla notablemente en la salida. <strong>El resultado es un generador&nbsp;super-insonorizado<\/strong>, de baja presi\u00f3n y emisi\u00f3n ac\u00fastica.<\/p>\n<p style=\"text-align: justify;\">L<strong>as principales fuentes de emisiones sonoras<\/strong> que hay que tener en cuenta a la hora de insonorizar un grupo electr\u00f3geno son las que provocan las fuerzas mec\u00e1nicas y de combusti\u00f3n del motor, el ventilador, el escape del motor, las ocasionadas por las vibraciones de las diferentes partes de la m\u00e1quina y las del alternador.<\/p>\n<p style=\"text-align: justify;\">Con este nuevo modelo, ya a la venta, aumentamos la amplia gama de <a href=\"http:\/\/www.inmesol.es\/grupos-electrogenos\/gamas-grupos-electrogenos-inmesol\/gama-emergencia.asp\" target=\"_blank\" rel=\"noopener\"><strong>grupos electr\u00f3genos Inmesol de Emergencia<\/strong><\/a> satisfaciendo as\u00ed las elevadas expectativas de un sector del mercado que demanda equipos t\u00e9cnicamente muy avanzados y respetuosos con el medio ambiente (leer art\u00edculo <a href=\"http:\/\/www.inmesol.es\/blog\/en-inmesol-disenamos-y-fabricamos-grupos-electrogenos-eco-friendly\" target=\"_blank\" rel=\"noopener\"><i>En Inmesol dise\u00f1amos y fabricamos grupos electr\u00f3genos \u2018eco-friendly\u2019<\/i><\/a>).<\/p>\n","protected":false},"excerpt":{"rendered":"<p>En Inmesol, acabamos de finalizar la fabricaci\u00f3n de un nuevo modelo de contenedor super-insonorizado\u00a0 de 915 kVA PRP y 1010 kVA LTP dise\u00f1ado espec\u00edficamente para trabajar en emergencia en una planta de tratamiento mec\u00e1nico-biol\u00f3gico ubicada en el condado de Istria, en la Rep\u00fablica de Croacia.<\/p>\n","protected":false},"author":2,"featured_media":3931,"comment_status":"open","ping_status":"closed","sticky":false,"template":"","format":"standard","meta":{"inline_featured_image":false,"footnotes":""},"categories":[21,32,58],"tags":[20,23],"categorias-smart-power-":[],"paises-":[12],"class_list":["post-3933","post","type-post","status-publish","format-standard","has-post-thumbnail","hentry","category-grupos-electrogenos","category-espanol","category-casos-de-exito","tag-grupo-electrogeno-insonorizado","tag-grupos-electrogenos-de-emergencia","paises--europa"],"_links":{"self":[{"href":"https:\/\/www.inmesol.com\/fr\/wp-json\/wp\/v2\/posts\/3933","targetHints":{"allow":["GET"]}}],"collection":[{"href":"https:\/\/www.inmesol.com\/fr\/wp-json\/wp\/v2\/posts"}],"about":[{"href":"https:\/\/www.inmesol.com\/fr\/wp-json\/wp\/v2\/types\/post"}],"author":[{"embeddable":true,"href":"https:\/\/www.inmesol.com\/fr\/wp-json\/wp\/v2\/users\/2"}],"replies":[{"embeddable":true,"href":"https:\/\/www.inmesol.com\/fr\/wp-json\/wp\/v2\/comments?post=3933"}],"version-history":[{"count":0,"href":"https:\/\/www.inmesol.com\/fr\/wp-json\/wp\/v2\/posts\/3933\/revisions"}],"wp:featuredmedia":[{"embeddable":true,"href":"https:\/\/www.inmesol.com\/fr\/wp-json\/"}],"wp:attachment":[{"href":"https:\/\/www.inmesol.com\/fr\/wp-json\/wp\/v2\/media?parent=3933"}],"wp:term":[{"taxonomy":"category","embeddable":true,"href":"https:\/\/www.inmesol.com\/fr\/wp-json\/wp\/v2\/categories?post=3933"},{"taxonomy":"post_tag","embeddable":true,"href":"https:\/\/www.inmesol.com\/fr\/wp-json\/wp\/v2\/tags?post=3933"},{"taxonomy":"categorias-smart-power-","embeddable":true,"href":"https:\/\/www.inmesol.com\/fr\/wp-json\/wp\/v2\/categorias-smart-power-?post=3933"},{"taxonomy":"paises-","embeddable":true,"href":"https:\/\/www.inmesol.com\/fr\/wp-json\/wp\/v2\/paises-?post=3933"}],"curies":[{"name":"wp","href":"https:\/\/api.w.org\/{rel}","templated":true}]}}