{"id":4525,"date":"2015-10-06T14:43:08","date_gmt":"2015-10-06T12:43:08","guid":{"rendered":"http:\/\/www.inmesol.es\/blog\/?p=4525"},"modified":"2024-01-29T10:07:36","modified_gmt":"2024-01-29T10:07:36","slug":"directivos-y-tecnicos-de-empresas-distribuidoras-de-latinoamerica-visitan-las-instalaciones-de-inmesol-en-espana","status":"publish","type":"post","link":"https:\/\/www.inmesol.com\/fr\/blog\/directivos-y-tecnicos-de-empresas-distribuidoras-de-latinoamerica-visitan-las-instalaciones-de-inmesol-en-espana\/","title":{"rendered":"Directivos y t\u00e9cnicos de empresas distribuidoras de Latinoam\u00e9rica visitan las instalaciones de INMESOL en ESPA\u00d1A"},"content":{"rendered":"<p>Varios de nuestros distribuidores Latinoamericanos de: Rep\u00fablica Dominicana, Guatemala, Paraguay, Uruguay y Ecuador nos visitaron recientemente con la finalidad de <strong>exponer y analizar<\/strong> la situaci\u00f3n del <strong>mercado<\/strong> en <strong>Sudam\u00e9rica<\/strong>, conocer las <strong>instalaciones<\/strong> y el <strong>proceso productivo,<\/strong>\u00a0ampliar conocimientos t\u00e9cnicos sobre los <strong>motores<\/strong> y las \u00faltimas <strong>novedades <\/strong>que INMESOL est\u00e1 incorporando en sus <strong>grupos electr\u00f3genos<\/strong>.<\/p>\n<figure id=\"attachment_4520\" aria-describedby=\"caption-attachment-4520\" style=\"width: 1200px\" class=\"wp-caption aligncenter\"><img fetchpriority=\"high\" decoding=\"async\" class=\"wp-image-4520 size-full\" title=\"Distribuidores de Latinoam\u00e9rica junto a la Directiva y responsables t\u00e9cnico y comercial de Inmesol\" src=\"\/wp-content\/uploads\/2015\/10\/directivos-y-tecnicos-de-empresas-distribuidoras-de-latinoamerica-visitan-las-instalaciones-de-inmesol-en-espana.jpg\" alt=\"Distribuidores de Latinoam\u00e9rica junto a la Directiva y responsables t\u00e9cnico y comercial de Inmesol\" width=\"1200\" height=\"850\" \/><figcaption id=\"caption-attachment-4520\" class=\"wp-caption-text\">Distribuidores de Latinoam\u00e9rica junto a la Directiva y responsables t\u00e9cnico y comercial de Inmesol<\/figcaption><\/figure>\n<p>Con inter\u00e9s especial recibieron la explicaciones por parte del <strong>Director de Producci\u00f3n<\/strong>, <strong>Jose Luis<\/strong><strong> Solano<\/strong>, que mostr\u00f3 las instalaciones y las diferentes fases del sistema productivo, acompa\u00f1ado por el <strong>Director de Ventas internacionales<\/strong>, <strong>Ram\u00f3n Solano<\/strong>, el <strong>Ingeniero de Ventas y post venta<\/strong>, <strong>Sergio Frutos<\/strong> y el <strong>Responsable de ventas en Latinoam\u00e9rica<\/strong>, <strong>Luis Navarro.<\/strong><\/p>\n<p>&nbsp;<\/p>\n<p>[rev_slider alias=\u00a0\u00bbInstalaciones-1&Prime;]<\/p>\n<p>&nbsp;<\/p>\n<p>Las explicaciones en <strong>detalle<\/strong> de cada una de estas fases por parte de los anfitriones, fueron muy bien <strong>valoradas<\/strong> por nuestros visitantes.<\/p>\n<p>Quedaron muy sorprendidos por la automatizaci\u00f3n de la mayor\u00eda de los <strong>procesos<\/strong> que conforman la fabricaci\u00f3n de los <strong>grupos electr\u00f3genos<\/strong>, llam\u00e1ndoles poderosamente la atenci\u00f3n la <strong>instalaci\u00f3n de pintura<\/strong> y sobre todo, el <strong>tratamiento<\/strong> previo que reciben las piezas de las planchas de acero antes de ser pintadas.<\/p>\n<p>Pero sin duda, el comentario un\u00e1nime fue la <strong>capacidad <\/strong>de INMESOL para <strong>asumir <\/strong>todo el proceso de fabricaci\u00f3n de una forma controlada y en cadena, sin necesidad de subcontratar nada a excepci\u00f3n del motor y alternador.<\/p>\n<p>&nbsp;<\/p>\n<p>[rev_slider alias=\u00a0\u00bbinstalaciones-2&Prime;]<\/p>\n<p>&nbsp;<\/p>\n<p>Tras la visita a las instalaciones y una vez visto el proceso productivo, se dio paso a las <strong>Jornadas de Formaci\u00f3n T\u00e9cnica.<\/strong><\/p>\n<p>Para ello contamos con la colaboraci\u00f3n de nuestros proveedores de <strong>motores<\/strong> <strong>FPT, VOLVO PENTA y KOHLER.<\/strong><\/p>\n<p>Cada fabricante, adem\u00e1s de una presentaci\u00f3n destacando las particularidades de sus motores, ofreci\u00f3 una exposici\u00f3n te\u00f3rico \u2013 pr\u00e1ctica de los aspectos m\u00e1s relevantes en cuanto a <strong>mantenimiento<\/strong> y a <strong>reparaci\u00f3n.<\/strong><\/p>\n<p>&nbsp;<\/p>\n<p>[rev_slider alias=\u00a0\u00bbinstalaciones-3&Prime;]<\/p>\n<p>&nbsp;<\/p>\n<p>Cuatros jornadas de intensa actividad, donde adem\u00e1s de <strong>cumplir los objetivos<\/strong> previstos, nuestros distribuidores disfrutaron de un programa de <strong>actividades culturales<\/strong> en la ciudad de Murcia y un periodo de convivencia donde sin duda, se han estrechado <strong>lazos de colaboraci\u00f3n<\/strong>.<\/p>\n<p>&nbsp;<\/p>\n<p>[rev_slider alias=\u00a0\u00bbinstalaciones-4&Prime;]<\/p>\n<p>&nbsp;<\/p>\n<p><strong>Jose Luis<\/strong><strong> Solano Ba\u00f1o, presidente fundador de INMESOL<\/strong>, quiso agradecer personalmente a cada uno de los Distribuidores su visita y el <strong>inter\u00e9s<\/strong> que todos han mostrado por nuestra organizaci\u00f3n y por conocer nuestros productos m\u00e1s a fondo, requisitos fundamentales para la consecuci\u00f3n de una <strong>buena labor comercial<\/strong>.<\/p>\n<p>\u00c9l mismo se hizo cargo de la entrega de los <strong>diplomas<\/strong> acreditativos a cada uno de los participantes.<\/p>\n<p>&nbsp;<\/p>\n<p>[rev_slider alias=\u00a0\u00bbinstalaciones-5&Prime;]<\/p>\n<p>&nbsp;<\/p>\n","protected":false},"excerpt":{"rendered":"<p>Varios de nuestros distribuidores Latinoamericanos de: Rep\u00fablica Dominicana, Guatemala, Paraguay, Uruguay y Ecuador nos visitaron recientemente con la finalidad de conocer las instalaciones y el proceso productivo, ampliar conocimientos t\u00e9cnicos sobre los motores y las \u00faltimas novedades que estamos incorporando en los grupos electr\u00f3genos.<\/p>\n","protected":false},"author":2,"featured_media":4519,"comment_status":"closed","ping_status":"closed","sticky":false,"template":"","format":"standard","meta":{"inline_featured_image":false,"footnotes":""},"categories":[17,26,32],"tags":[],"categorias-smart-power-":[],"paises-":[],"class_list":["post-4525","post","type-post","status-publish","format-standard","has-post-thumbnail","hentry","category-corporativo","category-distribuidores","category-espanol"],"_links":{"self":[{"href":"https:\/\/www.inmesol.com\/fr\/wp-json\/wp\/v2\/posts\/4525","targetHints":{"allow":["GET"]}}],"collection":[{"href":"https:\/\/www.inmesol.com\/fr\/wp-json\/wp\/v2\/posts"}],"about":[{"href":"https:\/\/www.inmesol.com\/fr\/wp-json\/wp\/v2\/types\/post"}],"author":[{"embeddable":true,"href":"https:\/\/www.inmesol.com\/fr\/wp-json\/wp\/v2\/users\/2"}],"replies":[{"embeddable":true,"href":"https:\/\/www.inmesol.com\/fr\/wp-json\/wp\/v2\/comments?post=4525"}],"version-history":[{"count":0,"href":"https:\/\/www.inmesol.com\/fr\/wp-json\/wp\/v2\/posts\/4525\/revisions"}],"wp:featuredmedia":[{"embeddable":true,"href":"https:\/\/www.inmesol.com\/fr\/wp-json\/"}],"wp:attachment":[{"href":"https:\/\/www.inmesol.com\/fr\/wp-json\/wp\/v2\/media?parent=4525"}],"wp:term":[{"taxonomy":"category","embeddable":true,"href":"https:\/\/www.inmesol.com\/fr\/wp-json\/wp\/v2\/categories?post=4525"},{"taxonomy":"post_tag","embeddable":true,"href":"https:\/\/www.inmesol.com\/fr\/wp-json\/wp\/v2\/tags?post=4525"},{"taxonomy":"categorias-smart-power-","embeddable":true,"href":"https:\/\/www.inmesol.com\/fr\/wp-json\/wp\/v2\/categorias-smart-power-?post=4525"},{"taxonomy":"paises-","embeddable":true,"href":"https:\/\/www.inmesol.com\/fr\/wp-json\/wp\/v2\/paises-?post=4525"}],"curies":[{"name":"wp","href":"https:\/\/api.w.org\/{rel}","templated":true}]}}