{"id":4611,"date":"2015-12-24T13:06:54","date_gmt":"2015-12-24T12:06:54","guid":{"rendered":"http:\/\/www.inmesol.es\/blog\/?p=4611"},"modified":"2023-06-21T10:15:06","modified_gmt":"2023-06-21T10:15:06","slug":"aumenta-la-demanda-de-grupos-electrogenos-adaptados-para-instalaciones-con-conductores-de-aluminio","status":"publish","type":"post","link":"https:\/\/www.inmesol.com\/fr\/blog\/aumenta-la-demanda-de-grupos-electrogenos-adaptados-para-instalaciones-con-conductores-de-aluminio\/","title":{"rendered":"Aumenta la demanda de grupos electr\u00f3genos adaptados para instalaciones con conductores de aluminio"},"content":{"rendered":"<h4 style=\"text-align: center;\">\u201cEl sue\u00f1o de los instaladores\u201d<\/h4>\n<p>Hace poco m\u00e1s de dos a\u00f1os, public\u00e1bamos en nuestro blog el art\u00edculo: <a href=\"http:\/\/www.inmesol.es\/blog\/solucionamos-la-incompatibilidad-cobre-aluminio\" target=\"_blank\" rel=\"noopener\">Solucionamos la incompatibilidad cobre aluminio<\/a>.\u00a0En \u00e9l, se hac\u00eda una comparativa entre las propiedades de los <strong>conductores de Cobre<\/strong> y los de <strong>Aluminio<\/strong> y se anunciaba el presumible crecimiento del uso de estos \u00faltimos, por ser un material m\u00e1s econ\u00f3mico.<\/p>\n<p style=\"text-align: center;\"><img fetchpriority=\"high\" decoding=\"async\" class=\"aligncenter wp-image-4606 size-full\" title=\"Grupos electr\u00f3genos adaptados para instalaciones con conductores de aluminio\" src=\"\/wp-content\/uploads\/2015\/12\/aumenta-la-demanda-de-grupos-electrogenos-adaptados-para-instalaciones-con-conductores-de-aluminio.jpg\" alt=\"Grupos electr\u00f3genos adaptados para instalaciones con conductores de aluminio\" width=\"580\" height=\"380\" \/><\/p>\n<p>Sin embargo, no solo esta ha sido la \u00fanica raz\u00f3n que ha hecho que el uso de conductores de Aluminio en las instalaciones prolifere, sino que hay que a\u00f1adirle un hecho que ha crecido a nivel mundial, como es el <strong>robo del cobre<\/strong>. El comercio internacional del Cobre facilita, de alguna manera, la venta de este metal y es un codiciado bot\u00edn para los ladrones. No ocurre lo mismo con el Aluminio, que no tiene un valor tan elevado.<\/p>\n<p style=\"text-align: center;\"><img decoding=\"async\" class=\"aligncenter wp-image-4607 size-full lazyload\" title=\"Robo del cobre\" data-src=\"\/wp-content\/uploads\/2015\/12\/1_aumenta-la-demanda-de-grupos-electrogenos-adaptados-para-instalaciones-con-conductores-de-aluminio.jpg\" alt=\"Robo del cobre\" width=\"580\" height=\"380\" src=\"data:image\/svg+xml;base64,PHN2ZyB3aWR0aD0iMSIgaGVpZ2h0PSIxIiB4bWxucz0iaHR0cDovL3d3dy53My5vcmcvMjAwMC9zdmciPjwvc3ZnPg==\" style=\"--smush-placeholder-width: 580px; --smush-placeholder-aspect-ratio: 580\/380;\" \/><\/p>\n<p>La <strong>soluci\u00f3n<\/strong> al problema de <strong>conectar cargas<\/strong> con conductores de <strong>Aluminio <\/strong>(que son conductores bastante r\u00edgidos) <strong>al grupo electr\u00f3geno,<\/strong> tambi\u00e9n comentada en este post ha tenido una inmejorable aceptaci\u00f3n entre nuestros clientes, puesto que <strong>facilita <\/strong>enormemente la labor de instalaci\u00f3n entre la carga y el grupo electr\u00f3geno, disponiendo de diferentes accesos y un generoso espacio para conectar los terminales de cualquier tipo de conductor, cobre \u00f3 aluminio.<\/p>\n<figure id=\"attachment_4608\" aria-describedby=\"caption-attachment-4608\" style=\"width: 640px\" class=\"wp-caption aligncenter\"><img decoding=\"async\" class=\"wp-image-4608 size-full lazyload\" title=\"Amplio y vers\u00e1til cuadro de conexiones de carga\" data-src=\"\/wp-content\/uploads\/2015\/12\/2_aumenta-la-demanda-de-grupos-electrogenos-adaptados-para-instalaciones-con-conductores-de-aluminio.jpg\" alt=\"Amplio y vers\u00e1til cuadro de conexiones de carga\" width=\"640\" height=\"450\" src=\"data:image\/svg+xml;base64,PHN2ZyB3aWR0aD0iMSIgaGVpZ2h0PSIxIiB4bWxucz0iaHR0cDovL3d3dy53My5vcmcvMjAwMC9zdmciPjwvc3ZnPg==\" style=\"--smush-placeholder-width: 640px; --smush-placeholder-aspect-ratio: 640\/450;\" \/><figcaption id=\"caption-attachment-4608\" class=\"wp-caption-text\">Amplio y vers\u00e1til cuadro de conexiones de carga<\/figcaption><\/figure>\n<p>Efectivamente, despu\u00e9s del tiempo transcurrido desde que escribimos este post somos testigos de que cada vez son mucho m\u00e1s numerosas las instalaciones nuevas donde se utilizan conductores de Aluminio en lugar de los tradicionales de Cobre.<\/p>\n<p>La <strong>demanda<\/strong> actual de este tipo de m\u00e1quina se ha <strong>triplicado <\/strong>en lo que llevamos de a\u00f1o con respecto al a\u00f1o pasado.<\/p>\n<figure id=\"attachment_4610\" aria-describedby=\"caption-attachment-4610\" style=\"width: 640px\" class=\"wp-caption aligncenter\"><img decoding=\"async\" class=\"wp-image-4610 size-full lazyload\" title=\"Grupo electr\u00f3geno especial para instalaciones de conductores de Aluminio\" data-src=\"\/wp-content\/uploads\/2015\/12\/3_aumenta-la-demanda-de-grupos-electrogenos-adaptados-para-instalaciones-con-conductores-de-aluminio.jpg\" alt=\"Grupo electr\u00f3geno especial para instalaciones de conductores de Aluminio\" width=\"640\" height=\"450\" src=\"data:image\/svg+xml;base64,PHN2ZyB3aWR0aD0iMSIgaGVpZ2h0PSIxIiB4bWxucz0iaHR0cDovL3d3dy53My5vcmcvMjAwMC9zdmciPjwvc3ZnPg==\" style=\"--smush-placeholder-width: 640px; --smush-placeholder-aspect-ratio: 640\/450;\" \/><figcaption id=\"caption-attachment-4610\" class=\"wp-caption-text\">Grupo electr\u00f3geno especial para instalaciones de conductores de Aluminio<\/figcaption><\/figure>\n","protected":false},"excerpt":{"rendered":"<p>Hace poco m\u00e1s de dos a\u00f1os, public\u00e1bamos en nuestro blog el art\u00edculo: Solucionamos la incompatibilidad cobre aluminio. En \u00e9l, se hac\u00eda una comparativa entre las propiedades de los conductores de Cobre y los de Aluminio y se anunciaba el presumible crecimiento del uso de estos \u00faltimos, por ser un material m\u00e1s econ\u00f3mico.<\/p>\n","protected":false},"author":2,"featured_media":4609,"comment_status":"open","ping_status":"closed","sticky":false,"template":"","format":"standard","meta":{"inline_featured_image":false,"footnotes":""},"categories":[21,32],"tags":[],"categorias-smart-power-":[],"paises-":[],"class_list":["post-4611","post","type-post","status-publish","format-standard","has-post-thumbnail","hentry","category-grupos-electrogenos","category-espanol"],"_links":{"self":[{"href":"https:\/\/www.inmesol.com\/fr\/wp-json\/wp\/v2\/posts\/4611","targetHints":{"allow":["GET"]}}],"collection":[{"href":"https:\/\/www.inmesol.com\/fr\/wp-json\/wp\/v2\/posts"}],"about":[{"href":"https:\/\/www.inmesol.com\/fr\/wp-json\/wp\/v2\/types\/post"}],"author":[{"embeddable":true,"href":"https:\/\/www.inmesol.com\/fr\/wp-json\/wp\/v2\/users\/2"}],"replies":[{"embeddable":true,"href":"https:\/\/www.inmesol.com\/fr\/wp-json\/wp\/v2\/comments?post=4611"}],"version-history":[{"count":0,"href":"https:\/\/www.inmesol.com\/fr\/wp-json\/wp\/v2\/posts\/4611\/revisions"}],"wp:featuredmedia":[{"embeddable":true,"href":"https:\/\/www.inmesol.com\/fr\/wp-json\/"}],"wp:attachment":[{"href":"https:\/\/www.inmesol.com\/fr\/wp-json\/wp\/v2\/media?parent=4611"}],"wp:term":[{"taxonomy":"category","embeddable":true,"href":"https:\/\/www.inmesol.com\/fr\/wp-json\/wp\/v2\/categories?post=4611"},{"taxonomy":"post_tag","embeddable":true,"href":"https:\/\/www.inmesol.com\/fr\/wp-json\/wp\/v2\/tags?post=4611"},{"taxonomy":"categorias-smart-power-","embeddable":true,"href":"https:\/\/www.inmesol.com\/fr\/wp-json\/wp\/v2\/categorias-smart-power-?post=4611"},{"taxonomy":"paises-","embeddable":true,"href":"https:\/\/www.inmesol.com\/fr\/wp-json\/wp\/v2\/paises-?post=4611"}],"curies":[{"name":"wp","href":"https:\/\/api.w.org\/{rel}","templated":true}]}}