{"id":4626,"date":"2016-01-15T00:39:43","date_gmt":"2016-01-14T23:39:43","guid":{"rendered":"http:\/\/www.inmesol.es\/blog\/?p=4626"},"modified":"2023-06-21T14:14:41","modified_gmt":"2023-06-21T14:14:41","slug":"los-grupos-electrogenos-en-los-almacenes-de-medicamentos","status":"publish","type":"post","link":"https:\/\/www.inmesol.com\/fr\/blog\/los-grupos-electrogenos-en-los-almacenes-de-medicamentos\/","title":{"rendered":"Los grupos electr\u00f3genos en los almacenes de medicamentos"},"content":{"rendered":"<p>En varias ocasiones se ha destacado la importancia de la instalaci\u00f3n de los grupos electr\u00f3genos en los <strong>Hospitales<\/strong>, no en vano, su uso en <strong>emergencia<\/strong> es obligatorio por normativa. Si se produce un <strong>fallo <\/strong>en el suministro el\u00e9ctrico <strong>de la red<\/strong> general en el transcurso de una intervenci\u00f3n quir\u00fargica, y no se dispusiera de otra fuente de energ\u00eda alternativa en emergencia, las consecuencias ser\u00edan <strong>catastr\u00f3ficas<\/strong>.<\/p>\n<p>En este post, vamos a destacar otro de los usos de extremada importancia de un <strong>grupo electr\u00f3geno<\/strong>. Se trata del papel que juega dentro de la instalaci\u00f3n el\u00e9ctrica de un <strong>almac\u00e9n de productos farmac\u00e9uticos<\/strong>, particularmente de <strong>medicamentos<\/strong>.<\/p>\n<figure id=\"attachment_4625\" aria-describedby=\"caption-attachment-4625\" style=\"width: 640px\" class=\"wp-caption aligncenter\"><img fetchpriority=\"high\" decoding=\"async\" class=\"wp-image-4625 size-full\" title=\"Grupo electr\u00f3geno instalado en el exterior del almac\u00e9n de distribuci\u00f3n de productos farmacol\u00f3gicos\" src=\"\/wp-content\/uploads\/2016\/01\/los-grupos-electrogenos-en-los-almacenes-de-medicamentos.jpg\" alt=\"Grupo electr\u00f3geno instalado en el exterior del almac\u00e9n de medicamentos\" width=\"640\" height=\"450\"><figcaption id=\"caption-attachment-4625\" class=\"wp-caption-text\">Grupo electr\u00f3geno INMESOL II-110 instalado en el exterior del almac\u00e9n de distribuci\u00f3n de productos farmacol\u00f3gicos en Werne (Alemania)<\/figcaption><\/figure>\n<p>El <strong>proceso de distribuci\u00f3n<\/strong> de medicamentos desde el laboratorio donde se fabrican hasta que se dispensan, est\u00e1 perfectamente regulado mediante <strong>normativa <\/strong>y documentos de referencia aplicables en todas sus etapas, para garantizar la <strong>calidad del medicamento<\/strong> a la hora de su consumo.<\/p>\n<p>En este sentido, existe una <strong>estricta regulaci\u00f3n<\/strong> que obliga que las condiciones ambientales y de seguridad de la <strong>conservaci\u00f3n <\/strong>de los medicamentos sea la adecuada.<\/p>\n<p>En un <strong>almac\u00e9n de productos farmac\u00e9uticos,<\/strong> para conservar adecuadamente los medicamentos, deben tenerse en cuenta los siguientes factores ambientales: <strong>luz, humedad y temperatura<\/strong>.<\/p>\n<figure id=\"attachment_4622\" aria-describedby=\"caption-attachment-4622\" style=\"width: 640px\" class=\"wp-caption aligncenter\"><img decoding=\"async\" class=\"wp-image-4622 size-full lazyload\" title=\"Interior de un almac\u00e9n de distribuci\u00f3n de productos farmacol\u00f3gicos en Werne (Alemania)\" data-src=\"\/wp-content\/uploads\/2016\/01\/1_los-grupos-electrogenos-en-los-almacenes-de-medicamentos.jpg\" alt=\"Interior de un almac\u00e9n de distribuci\u00f3n de productos farmacol\u00f3gicos en Werne (Alemania)\" width=\"640\" height=\"450\" src=\"data:image\/svg+xml;base64,PHN2ZyB3aWR0aD0iMSIgaGVpZ2h0PSIxIiB4bWxucz0iaHR0cDovL3d3dy53My5vcmcvMjAwMC9zdmciPjwvc3ZnPg==\" style=\"--smush-placeholder-width: 640px; --smush-placeholder-aspect-ratio: 640\/450;\"><figcaption id=\"caption-attachment-4622\" class=\"wp-caption-text\">Interior de un almac\u00e9n de distribuci\u00f3n de productos farmacol\u00f3gicos en Werne (Alemania)<\/figcaption><\/figure>\n<p>Existen muchos medicamentos que sufren <strong>degradaci\u00f3n<\/strong> con la <strong>luz solar<\/strong> y es conveniente almacenarlos con sus envases originales y alejados de ventanas y puertas.<\/p>\n<p>La <strong>humedad<\/strong>, es otro de los factores que influye en las condiciones de <strong>estabilidad<\/strong> de los medicamentos, por eso es conveniente no almacenarlos en contacto con paredes o muros y dejar espacios abiertos entre ellos.<\/p>\n<p>Y por \u00faltimo, el factor m\u00e1s importante a tener en cuenta es la <strong>temperatura<\/strong>, ya que todos los productos a conservar requieren un ambiente con temperatura <strong>controlada<\/strong>. Hay medicamentos cuya temperatura id\u00f3nea es de 20-22\u00baC, y otros, como <strong>la<\/strong> <strong>insulina<\/strong>, que se deterioran a temperatura ambiente y que deben de ser conservados en frigor\u00edficos o congeladores.<\/p>\n<p>En Werne, Alemania, una empresa distribuidora de productos farmac\u00e9uticos adquiri\u00f3 recientemente un grupo electr\u00f3geno INMESOL modelo <strong>II-110<\/strong> en emergencia con la red, justo para alimentar los <strong>equipos de refrigeraci\u00f3n<\/strong> que almacenan este tipo de medicamentos <strong>termol\u00e1biles<\/strong>.<\/p>\n<figure id=\"attachment_4624\" aria-describedby=\"caption-attachment-4624\" style=\"width: 640px\" class=\"wp-caption aligncenter\"><img decoding=\"async\" class=\"wp-image-4624 size-full lazyload\" title=\"Almac\u00e9n de distribuci\u00f3n de productos farmacol\u00f3gicos en Werne (Alemania)\" data-src=\"\/wp-content\/uploads\/2016\/01\/2_los-grupos-electrogenos-en-los-almacenes-de-medicamentos.jpg\" alt=\"Almac\u00e9n de distribuci\u00f3n de productos farmacol\u00f3gicos en Werne (Alemania)\" width=\"640\" height=\"450\" src=\"data:image\/svg+xml;base64,PHN2ZyB3aWR0aD0iMSIgaGVpZ2h0PSIxIiB4bWxucz0iaHR0cDovL3d3dy53My5vcmcvMjAwMC9zdmciPjwvc3ZnPg==\" style=\"--smush-placeholder-width: 640px; --smush-placeholder-aspect-ratio: 640\/450;\"><figcaption id=\"caption-attachment-4624\" class=\"wp-caption-text\">Almac\u00e9n de distribuci\u00f3n de productos farmacol\u00f3gicos en Werne (Alemania)<\/figcaption><\/figure>\n<p>El <strong>control del grupo electr\u00f3geno<\/strong> se encuentra en un armario dentro de la sala de m\u00e1quinas.<\/p>\n<p>En la imagen se aprecia dicho cuadro de control con la central <strong>DSE 6020 MKII<\/strong>, que vigila la red y hace arrancar al grupo electr\u00f3geno cuando se produce fallo de esta, asumiendo la carga de las <strong>m\u00e1quinas frigor\u00edficas<\/strong> durante el tiempo que dure el fallo.<\/p>\n<figure id=\"attachment_4623\" aria-describedby=\"caption-attachment-4623\" style=\"width: 640px\" class=\"wp-caption aligncenter\"><img decoding=\"async\" class=\"wp-image-4623 size-full lazyload\" title=\"Sala de m\u00e1quinas del almac\u00e9n de distribuci\u00f3n de productos farmacol\u00f3gicos en Werne (Alemania)\" data-src=\"\/wp-content\/uploads\/2016\/01\/3_los-grupos-electrogenos-en-los-almacenes-de-medicamentos.jpg\" alt=\"Sala de m\u00e1quinas del almac\u00e9n de distribuci\u00f3n de productos farmacol\u00f3gicos en Werne (Alemania)\" width=\"640\" height=\"450\" src=\"data:image\/svg+xml;base64,PHN2ZyB3aWR0aD0iMSIgaGVpZ2h0PSIxIiB4bWxucz0iaHR0cDovL3d3dy53My5vcmcvMjAwMC9zdmciPjwvc3ZnPg==\" style=\"--smush-placeholder-width: 640px; --smush-placeholder-aspect-ratio: 640\/450;\"><figcaption id=\"caption-attachment-4623\" class=\"wp-caption-text\">Sala de m\u00e1quinas del almac\u00e9n de distribuci\u00f3n de productos farmacol\u00f3gicos en Werne (Alemania)<\/figcaption><\/figure>\n","protected":false},"excerpt":{"rendered":"<p>En este post, vamos a destacar otro de los usos de extremada importancia de un grupo electr\u00f3geno. Se trata del papel que juega dentro de la instalaci\u00f3n el\u00e9ctrica de un almac\u00e9n de productos farmac\u00e9uticos, particularmente de medicamentos.<\/p>\n","protected":false},"author":2,"featured_media":4621,"comment_status":"open","ping_status":"closed","sticky":false,"template":"","format":"standard","meta":{"inline_featured_image":false,"footnotes":""},"categories":[21,32,58],"tags":[23],"categorias-smart-power-":[],"paises-":[12],"class_list":["post-4626","post","type-post","status-publish","format-standard","has-post-thumbnail","hentry","category-grupos-electrogenos","category-espanol","category-casos-de-exito","tag-grupos-electrogenos-de-emergencia","paises--europa"],"_links":{"self":[{"href":"https:\/\/www.inmesol.com\/fr\/wp-json\/wp\/v2\/posts\/4626","targetHints":{"allow":["GET"]}}],"collection":[{"href":"https:\/\/www.inmesol.com\/fr\/wp-json\/wp\/v2\/posts"}],"about":[{"href":"https:\/\/www.inmesol.com\/fr\/wp-json\/wp\/v2\/types\/post"}],"author":[{"embeddable":true,"href":"https:\/\/www.inmesol.com\/fr\/wp-json\/wp\/v2\/users\/2"}],"replies":[{"embeddable":true,"href":"https:\/\/www.inmesol.com\/fr\/wp-json\/wp\/v2\/comments?post=4626"}],"version-history":[{"count":0,"href":"https:\/\/www.inmesol.com\/fr\/wp-json\/wp\/v2\/posts\/4626\/revisions"}],"wp:featuredmedia":[{"embeddable":true,"href":"https:\/\/www.inmesol.com\/fr\/wp-json\/"}],"wp:attachment":[{"href":"https:\/\/www.inmesol.com\/fr\/wp-json\/wp\/v2\/media?parent=4626"}],"wp:term":[{"taxonomy":"category","embeddable":true,"href":"https:\/\/www.inmesol.com\/fr\/wp-json\/wp\/v2\/categories?post=4626"},{"taxonomy":"post_tag","embeddable":true,"href":"https:\/\/www.inmesol.com\/fr\/wp-json\/wp\/v2\/tags?post=4626"},{"taxonomy":"categorias-smart-power-","embeddable":true,"href":"https:\/\/www.inmesol.com\/fr\/wp-json\/wp\/v2\/categorias-smart-power-?post=4626"},{"taxonomy":"paises-","embeddable":true,"href":"https:\/\/www.inmesol.com\/fr\/wp-json\/wp\/v2\/paises-?post=4626"}],"curies":[{"name":"wp","href":"https:\/\/api.w.org\/{rel}","templated":true}]}}