{"id":4864,"date":"2016-05-03T19:26:11","date_gmt":"2016-05-03T17:26:11","guid":{"rendered":"http:\/\/www.inmesol.es\/blog\/?p=4864"},"modified":"2026-01-19T16:37:27","modified_gmt":"2026-01-19T16:37:27","slug":"inmesol-pueblo-ecuatoriano","status":"publish","type":"post","link":"https:\/\/www.inmesol.com\/fr\/blog\/inmesol-pueblo-ecuatoriano\/","title":{"rendered":"Inmesol, con el pueblo ecuatoriano"},"content":{"rendered":"<h4>Inmesol dona dos generadores el\u00e9ctricos al Gobierno de Ecuador para ayudar en las tareas de reconstrucci\u00f3n tras el terremoto<\/h4>\n<p>El C\u00f3nsul y vicec\u00f3nsul del pa\u00eds latino en Murcia, han visitado hoy las instalaciones de la empresa para formalizar el env\u00edo de los equipos.<\/p>\n<p style=\"text-align: center;\"><img fetchpriority=\"high\" decoding=\"async\" class=\" size-full wp-image-4861 aligncenter\" src=\"\/wp-content\/uploads\/2016\/05\/inmesol-pueblo-ecuatoriano.jpg\" alt=\"Inmesol, con el pueblo ecuatoriano\" width=\"640\" height=\"450\" title=\"\" srcset=\"https:\/\/www.inmesol.com\/wp-content\/uploads\/2016\/05\/inmesol-pueblo-ecuatoriano.jpg 640w, https:\/\/www.inmesol.com\/wp-content\/uploads\/2016\/05\/inmesol-pueblo-ecuatoriano-300x211.jpg 300w\" sizes=\"(max-width: 640px) 100vw, 640px\"><\/p>\n<p>La empresa murciana <strong>Inmesol<\/strong>, fabricante de <strong>generadores el\u00e9ctricos<\/strong> situada en Corvera \u2013 Murcia \u2013 Espa\u00f1a, ha donado dos generadores al Gobierno de Ecuador para ayudar en las tareas de rescate tras el devastador terremoto del pasado 16 de abril.<\/p>\n<p>Jos\u00e9 Luis Solano, presidente del Grupo Solano, grupo empresarial al que pertenece Inmesol, ha recibido hoy la visita del C\u00f3nsul y Vicec\u00f3nsul de Ecuador en Murcia, Sr. <strong>D. Gustavo Mateus Acosta<\/strong> y <strong>Sr. D. Juan Valencia Qui\u00f1onez<\/strong>, en las instalaciones de INMESOL para formalizar la <strong>donaci\u00f3n <\/strong>de los equipos.<\/p>\n<p>Se trata de <strong>dos<\/strong> grupos electr\u00f3genos, modelo <strong>AL-700<\/strong> de la gama port\u00e1til, con motor diesel <strong>Lombardini y arranque el\u00e9ctrico.<\/strong><\/p>\n<p>Cada uno de los grupos electr\u00f3genos es capaz de generar una potencia de <strong>7kVA <\/strong>e incorporan un <strong>kit de ruedas<\/strong> para mejorar su movilidad, permitiendo su <strong>f\u00e1cil<\/strong> transporte a las zonas m\u00e1s sensibles golpeadas por el movimiento s\u00edsmico.<\/p>\n<p>Los <strong>generadores<\/strong> ser\u00e1n enviados <strong>v\u00eda a\u00e9rea<\/strong> en fechas muy pr\u00f3ximas y trasladados a la zona del se\u00edsmo a la mayor brevedad posible bajo la <strong>coordinaci\u00f3n de la embajada de Ecuador<\/strong> <strong>en Madrid<\/strong> y las autoridades encargadas de regular las ayudas in situ.<\/p>\n<p>En palabras de Jos\u00e9 Luis Solano, \u00ab\u00a0es un ejercicio de solidaridad ofrecer los recursos de los que disponemos al servicio de las personas que los necesitan, en este caso el pueblo ecuatoriano, con el que Inmesol mantiene muy buenas relaciones empresariales\u00a0\u00bb.<\/p>\n<p>Por su parte, el C\u00f3nsul y Vicec\u00f3nsul de Ecuador en Murcia, han agradecido el gesto solidario de Inmesol en nombre del pueblo al que representa.<\/p>\n<p>La <strong>responsabilidad social corporativa y la solidaridad<\/strong> son dos valores en los que se fundamenta la <strong>filosof\u00eda<\/strong> empresarial de <strong>Inmesol<\/strong>.<\/p>\n","protected":false},"excerpt":{"rendered":"<p>Inmesol dona dos generadores el\u00e9ctricos al Gobierno de Ecuador para ayudar en las tareas de reconstrucci\u00f3n tras el terremoto.<\/p>\n","protected":false},"author":2,"featured_media":4862,"comment_status":"open","ping_status":"closed","sticky":false,"template":"","format":"standard","meta":{"inline_featured_image":false,"footnotes":""},"categories":[17,32,58],"tags":[],"categorias-smart-power-":[],"paises-":[61],"class_list":["post-4864","post","type-post","status-publish","format-standard","has-post-thumbnail","hentry","category-corporativo","category-espanol","category-casos-de-exito","paises--america"],"_links":{"self":[{"href":"https:\/\/www.inmesol.com\/fr\/wp-json\/wp\/v2\/posts\/4864","targetHints":{"allow":["GET"]}}],"collection":[{"href":"https:\/\/www.inmesol.com\/fr\/wp-json\/wp\/v2\/posts"}],"about":[{"href":"https:\/\/www.inmesol.com\/fr\/wp-json\/wp\/v2\/types\/post"}],"author":[{"embeddable":true,"href":"https:\/\/www.inmesol.com\/fr\/wp-json\/wp\/v2\/users\/2"}],"replies":[{"embeddable":true,"href":"https:\/\/www.inmesol.com\/fr\/wp-json\/wp\/v2\/comments?post=4864"}],"version-history":[{"count":0,"href":"https:\/\/www.inmesol.com\/fr\/wp-json\/wp\/v2\/posts\/4864\/revisions"}],"wp:featuredmedia":[{"embeddable":true,"href":"https:\/\/www.inmesol.com\/fr\/wp-json\/"}],"wp:attachment":[{"href":"https:\/\/www.inmesol.com\/fr\/wp-json\/wp\/v2\/media?parent=4864"}],"wp:term":[{"taxonomy":"category","embeddable":true,"href":"https:\/\/www.inmesol.com\/fr\/wp-json\/wp\/v2\/categories?post=4864"},{"taxonomy":"post_tag","embeddable":true,"href":"https:\/\/www.inmesol.com\/fr\/wp-json\/wp\/v2\/tags?post=4864"},{"taxonomy":"categorias-smart-power-","embeddable":true,"href":"https:\/\/www.inmesol.com\/fr\/wp-json\/wp\/v2\/categorias-smart-power-?post=4864"},{"taxonomy":"paises-","embeddable":true,"href":"https:\/\/www.inmesol.com\/fr\/wp-json\/wp\/v2\/paises-?post=4864"}],"curies":[{"name":"wp","href":"https:\/\/api.w.org\/{rel}","templated":true}]}}