{"id":4930,"date":"2016-05-09T08:00:56","date_gmt":"2016-05-09T06:00:56","guid":{"rendered":"http:\/\/www.inmesol.es\/blog\/?p=4930"},"modified":"2023-06-21T10:14:53","modified_gmt":"2023-06-21T10:14:53","slug":"generacion-hibrida-gensetmeeting-2016","status":"publish","type":"post","link":"https:\/\/www.inmesol.com\/fr\/blog\/generacion-hibrida-gensetmeeting-2016\/","title":{"rendered":"Generaci\u00f3n h\u00edbrida en Gensetmeeting 2016."},"content":{"rendered":"<p>El pasado d\u00eda 21 de Abril, tugo lugar en Madrid el tercer encuentro sobre el sector de los <strong>grupos electr\u00f3genos <\/strong>y la <strong>hibridaci\u00f3n<\/strong> de estos con las <strong>energ\u00edas renovables<\/strong>.<\/p>\n<figure id=\"attachment_4929\" aria-describedby=\"caption-attachment-4929\" style=\"width: 525px\" class=\"wp-caption aligncenter\"><img fetchpriority=\"high\" decoding=\"async\" class=\"size-full wp-image-4929\" src=\"\/wp-content\/uploads\/2016\/05\/generacion-hibrida-gensetmeeting-2016.jpg\" alt=\"Inmesol ha sido uno de los patrocinadores de este destacado evento organizado por Energ\u00e9tica XXI\" width=\"525\" height=\"222\" title=\"\" srcset=\"https:\/\/www.inmesol.com\/wp-content\/uploads\/2016\/05\/generacion-hibrida-gensetmeeting-2016.jpg 525w, https:\/\/www.inmesol.com\/wp-content\/uploads\/2016\/05\/generacion-hibrida-gensetmeeting-2016-300x127.jpg 300w\" sizes=\"(max-width: 525px) 100vw, 525px\"><figcaption id=\"caption-attachment-4929\" class=\"wp-caption-text\">Inmesol ha sido uno de los patrocinadores de este destacado evento organizado por Energ\u00e9tica XXI<\/figcaption><\/figure>\n<p>En dicho encuentro se dieron citas los principales <strong>fabricantes <\/strong>de generadores el\u00e9ctricos, componentes y sistemas de control, y se abordaron temas sobre el crecimiento en Espa\u00f1a de instalaciones el\u00e9ctricas basadas en la generaci\u00f3n h\u00edbrida de los grupos electr\u00f3genos con energ\u00eda solar fotovoltaica. El <strong>ahorro energ\u00e9tico<\/strong> producido por la combinaci\u00f3n de <strong>ambas fuentes<\/strong>, lo convierten en una <strong>\u00f3ptima<\/strong> alternativa para sectores tales como el <strong>agropecuario \u00f3 telecomunicaciones. <\/strong><\/p>\n<figure id=\"attachment_4928\" aria-describedby=\"caption-attachment-4928\" style=\"width: 640px\" class=\"wp-caption aligncenter\"><img decoding=\"async\" class=\"size-large wp-image-4928 lazyload\" data-src=\"\/wp-content\/uploads\/2016\/05\/1_generacion-hibrida-gensetmeeting-2016.jpg\" alt=\"Asistentes en uno de las ponencias del programa\" width=\"640\" height=\"375\" title=\"\" src=\"data:image\/svg+xml;base64,PHN2ZyB3aWR0aD0iMSIgaGVpZ2h0PSIxIiB4bWxucz0iaHR0cDovL3d3dy53My5vcmcvMjAwMC9zdmciPjwvc3ZnPg==\" style=\"--smush-placeholder-width: 640px; --smush-placeholder-aspect-ratio: 640\/375;\" data-srcset=\"https:\/\/www.inmesol.com\/wp-content\/uploads\/2016\/05\/1_generacion-hibrida-gensetmeeting-2016.jpg 640w, https:\/\/www.inmesol.com\/wp-content\/uploads\/2016\/05\/1_generacion-hibrida-gensetmeeting-2016-300x176.jpg 300w\" data-sizes=\"auto\" data-original-sizes=\"(max-width: 640px) 100vw, 640px\"><figcaption id=\"caption-attachment-4928\" class=\"wp-caption-text\">Asistentes en uno de las ponencias del programa<\/figcaption><\/figure>\n<p>La jornada comenz\u00f3 con la exposici\u00f3n de las necesidades y experiencias de una importante empresa del sector de las <strong>Telecomunicaciones,<\/strong> usuaria habitual de grupos electr\u00f3genos, como es <strong>Telef\u00f3nica.<\/strong><\/p>\n<p>Destacaron tres escenarios:<\/p>\n<ul>\n<li>Centros de datos.<\/li>\n<li>Situaciones de emergencia.<\/li>\n<li>Lugares donde no existe la red el\u00e9ctrica.<\/li>\n<\/ul>\n<p>Para instalaciones de telecomunicaciones situadas en instalaciones donde <strong>no existe la red el\u00e9ctrica<\/strong>, fueron destacados algunos de los problemas que se encuentran cuando usan \u00fanicamente generadores el\u00e9ctricos:<\/p>\n<ul>\n<li>Se encuentran funcionando 24 horas por d\u00eda.<\/li>\n<li>Las labores de mantenimiento resultan complejas por la dificultad en el acceso a las instalaciones, el tiempo, etc.<\/li>\n<li>Vandalismo.<\/li>\n<\/ul>\n<p>Para este tipo de instalaciones, la soluci\u00f3n \u00f3ptima pasa por el uso de un <strong>sistema h\u00edbrido apropiado.<\/strong><\/p>\n<p>INMESOL, lleva varios a\u00f1os trabajando en el desarrollo de <a href=\"http:\/\/www.inmesol.es\/sistema-hibrido\/sistema-hibrido.asp\" target=\"_blank\" rel=\"noopener\">Sistemas h\u00edbridos<\/a> que cumplan con los requerimientos y las necesidades de empresas de Telecomunicaciones como Telef\u00f3nica.<\/p>\n<p><a href=\"http:\/\/www.inmesol.es\/sistema-hibrido\/sistema-hibrido.asp\" target=\"_blank\" rel=\"noopener\">http:\/\/www.inmesol.es\/sistema-hibrido\/sistema-hibrido.asp<\/a><\/p>\n","protected":false},"excerpt":{"rendered":"<p>El pasado d\u00eda 21 de Abril, tugo lugar en Madrid el tercer encuentro sobre el sector de los grupos electr\u00f3genos y la hibridaci\u00f3n de estos con las energ\u00edas renovables.<\/p>\n","protected":false},"author":2,"featured_media":4927,"comment_status":"open","ping_status":"closed","sticky":false,"template":"","format":"standard","meta":{"inline_featured_image":false,"footnotes":""},"categories":[19,32],"tags":[24],"categorias-smart-power-":[],"paises-":[],"class_list":["post-4930","post","type-post","status-publish","format-standard","has-post-thumbnail","hentry","category-ferias-eventos","category-espanol","tag-grupos-electrogenos-hibridos"],"_links":{"self":[{"href":"https:\/\/www.inmesol.com\/fr\/wp-json\/wp\/v2\/posts\/4930","targetHints":{"allow":["GET"]}}],"collection":[{"href":"https:\/\/www.inmesol.com\/fr\/wp-json\/wp\/v2\/posts"}],"about":[{"href":"https:\/\/www.inmesol.com\/fr\/wp-json\/wp\/v2\/types\/post"}],"author":[{"embeddable":true,"href":"https:\/\/www.inmesol.com\/fr\/wp-json\/wp\/v2\/users\/2"}],"replies":[{"embeddable":true,"href":"https:\/\/www.inmesol.com\/fr\/wp-json\/wp\/v2\/comments?post=4930"}],"version-history":[{"count":0,"href":"https:\/\/www.inmesol.com\/fr\/wp-json\/wp\/v2\/posts\/4930\/revisions"}],"wp:featuredmedia":[{"embeddable":true,"href":"https:\/\/www.inmesol.com\/fr\/wp-json\/"}],"wp:attachment":[{"href":"https:\/\/www.inmesol.com\/fr\/wp-json\/wp\/v2\/media?parent=4930"}],"wp:term":[{"taxonomy":"category","embeddable":true,"href":"https:\/\/www.inmesol.com\/fr\/wp-json\/wp\/v2\/categories?post=4930"},{"taxonomy":"post_tag","embeddable":true,"href":"https:\/\/www.inmesol.com\/fr\/wp-json\/wp\/v2\/tags?post=4930"},{"taxonomy":"categorias-smart-power-","embeddable":true,"href":"https:\/\/www.inmesol.com\/fr\/wp-json\/wp\/v2\/categorias-smart-power-?post=4930"},{"taxonomy":"paises-","embeddable":true,"href":"https:\/\/www.inmesol.com\/fr\/wp-json\/wp\/v2\/paises-?post=4930"}],"curies":[{"name":"wp","href":"https:\/\/api.w.org\/{rel}","templated":true}]}}