{"id":4956,"date":"2016-05-24T20:58:16","date_gmt":"2016-05-24T18:58:16","guid":{"rendered":"http:\/\/www.inmesol.es\/blog\/?p=4956"},"modified":"2026-01-16T11:32:48","modified_gmt":"2026-01-16T11:32:48","slug":"curso-mtu-inmesol","status":"publish","type":"post","link":"https:\/\/www.inmesol.com\/fr\/blog\/curso-mtu-inmesol\/","title":{"rendered":"Curso MTU en INMESOL"},"content":{"rendered":"<p>La semana pasada tuvo lugar en <strong>INMESOL<\/strong> una jornada de formaci\u00f3n <strong>t\u00e9cnico &#8211; comercial<\/strong> acerca de las <strong>novedades<\/strong> que <strong>MTU <\/strong>ha desarrollado en sus motores, destacando las <strong>ventajas<\/strong> tecnol\u00f3gicas de los <strong>nuevos modelos<\/strong>.<\/p>\n<p><strong>MTU<\/strong> es uno de los proveedores de <strong>motores<\/strong> cuya relaci\u00f3n comercial se remonta pr\u00e1cticamente al inicio de la actividad de INMESOL como fabricante de generadores el\u00e9ctricos.<\/p>\n<figure id=\"attachment_4950\" aria-describedby=\"caption-attachment-4950\" style=\"width: 640px\" class=\"wp-caption aligncenter\"><img fetchpriority=\"high\" decoding=\"async\" class=\"size-large wp-image-4950\" src=\"\/wp-content\/uploads\/2016\/05\/curso-mtu-inmesol.jpg\" alt=\"Sergio Frutos y Antonio Escudero del Dpto. de Ingenier\u00eda y Postventa de INMESOL asistiendo a la jornada\" width=\"640\" height=\"450\" title=\"\" srcset=\"https:\/\/www.inmesol.com\/wp-content\/uploads\/2016\/05\/curso-mtu-inmesol.jpg 640w, https:\/\/www.inmesol.com\/wp-content\/uploads\/2016\/05\/curso-mtu-inmesol-300x211.jpg 300w\" sizes=\"(max-width: 640px) 100vw, 640px\"><figcaption id=\"caption-attachment-4950\" class=\"wp-caption-text\">Sergio Frutos y Antonio Escudero del Dpto. de Ingenier\u00eda y Postventa de INMESOL asistiendo a la jornada<\/figcaption><\/figure>\n<p>Pablo Fern\u00e1ndez y H\u00e9ctor L\u00f3pez, Ingenieros de Aplicaci\u00f3n de MTU impartieron un interesante curso donde el departamento <strong>comercial<\/strong>, <strong>t\u00e9cnico <\/strong>y servicio <strong>postventa <\/strong>de INMESOL tuvieron la oportunidad, entre otras cosas, de conocer interesantes desarrollos para aplicaciones cuya <strong>demanda actual<\/strong> se encuentra en constante crecimiento.<\/p>\n<p>Hablamos de los nuevos <strong>grupos de aplicaciones<\/strong> <strong>3F<\/strong><strong> y 3G<\/strong>, correspondientes a <strong>Centros de Datos<\/strong> y aplicaciones en <strong>respaldo a la Red <\/strong>respectivamente.<\/p>\n<p style=\"text-align: center;\"><img decoding=\"async\" class=\"aligncenter size-full wp-image-4949 lazyload\" data-src=\"\/wp-content\/uploads\/2016\/05\/1_curso-mtu-inmesol.jpg\" alt=\"MTU Ratings vs ISO definitions\" width=\"500\" height=\"400\" title=\"\" src=\"data:image\/svg+xml;base64,PHN2ZyB3aWR0aD0iMSIgaGVpZ2h0PSIxIiB4bWxucz0iaHR0cDovL3d3dy53My5vcmcvMjAwMC9zdmciPjwvc3ZnPg==\" style=\"--smush-placeholder-width: 500px; --smush-placeholder-aspect-ratio: 500\/400;\" data-srcset=\"https:\/\/www.inmesol.com\/wp-content\/uploads\/2016\/05\/1_curso-mtu-inmesol.jpg 500w, https:\/\/www.inmesol.com\/wp-content\/uploads\/2016\/05\/1_curso-mtu-inmesol-300x240.jpg 300w\" data-sizes=\"auto\" data-original-sizes=\"(max-width: 500px) 100vw, 500px\"><\/p>\n<p><strong>CENTROS DE DATOS:<\/strong><\/p>\n<p>La nueva era de la <strong>tecnolog\u00eda<\/strong> y <strong>telecomunicaciones<\/strong>, as\u00ed como el volumen de informaci\u00f3n que se maneja hoy en d\u00eda a nivel mundial y en el que se basa la econom\u00eda actual, requiere de la demanda creciente <strong>de centros de datos<\/strong>, tanto a nivel interno en las empresas \u00f3 bien externo.<\/p>\n<p>Habl\u00e1bamos sobre ello en nuestro art\u00edculo del blog:<\/p>\n<p><strong><a href=\"https:\/\/www.inmesol.com\/blog\/grupos-electrogenos-inmesol-para-centros-de-datos\/\">Grupos electr\u00f3genos para centros de datos<\/a><\/strong><\/p>\n<p>MTU ha desarrollado motores para uso en <strong>emergencia en caso de fallo de red<\/strong>, que cumplen con todos los requisitos requeridos para este tipo de aplicaciones, incluyendo el cumplimiento de las exigencias del <strong>Uptime Institute<\/strong>, certificador especialista de Centros de Datos.<\/p>\n<p style=\"text-align: center;\"><img decoding=\"async\" class=\"aligncenter size-full wp-image-4958 lazyload\" data-src=\"\/wp-content\/uploads\/2016\/05\/2_curso-mtu-inmesol.jpg\" alt=\"3F \u2013 Data centre continuous power\" width=\"500\" height=\"400\" title=\"\" src=\"data:image\/svg+xml;base64,PHN2ZyB3aWR0aD0iMSIgaGVpZ2h0PSIxIiB4bWxucz0iaHR0cDovL3d3dy53My5vcmcvMjAwMC9zdmciPjwvc3ZnPg==\" style=\"--smush-placeholder-width: 500px; --smush-placeholder-aspect-ratio: 500\/400;\" data-srcset=\"https:\/\/www.inmesol.com\/wp-content\/uploads\/2016\/05\/2_curso-mtu-inmesol.jpg 500w, https:\/\/www.inmesol.com\/wp-content\/uploads\/2016\/05\/2_curso-mtu-inmesol-300x240.jpg 300w\" data-sizes=\"auto\" data-original-sizes=\"(max-width: 500px) 100vw, 500px\"><\/p>\n<p><strong>APLICACIONES EN RESPALDO A LA RED (GRID STABILITY POWER)<\/strong><\/p>\n<p>Este tipo de aplicaciones son t\u00edpicas de lugares que no disponen de un buen <strong>sistema de generaci\u00f3n y distribuci\u00f3n de energ\u00eda<\/strong> el\u00e9ctrica, por ser muy <strong>antiguos <\/strong>\u00f3 en lugares donde la generaci\u00f3n est\u00e1 basada en <strong>fuentes renovables<\/strong> (parques e\u00f3licos \u00f3 fotovoltaicos) donde se puede interrumpir la producci\u00f3n por falta de viento \u00f3 sol.<\/p>\n<p>En Inglaterra existen programas como <strong>STOR<\/strong>, que utilizan plantas de grupos electr\u00f3genos para un reestablecimiento <strong>r\u00e1pido y sincronizado<\/strong> del suministro el\u00e9ctrico cuando se produce un corte \u00f3 existe un pico en la demanda energ\u00e9tica. El modo de funcionamiento de estos <strong>generadores<\/strong> es en paralelo entre ellos y en <strong>paralelo con la red<\/strong>:<\/p>\n<p><strong>NUEVOS MOTORES SERIE 2000<\/strong><\/p>\n<p>Inmesol ha introducido dentro de su gama, grupos electr\u00f3genos con motores de la <strong>nueva serie 2000G06. <\/strong>Motores con un tama\u00f1o m\u00e1s reducido y compacto, dotados de un sistema de inyecci\u00f3n <strong>common rail<\/strong> aportan las siguientes ventajas:<\/p>\n<ul>\n<li><strong>Reducci\u00f3n del consumo<\/strong> cumpliendo las normativas de emisiones de gases.<\/li>\n<li>Motor con una <strong>aceptaci\u00f3n <\/strong>de la carga <strong>mejorada<\/strong>.<\/li>\n<li>Periodos de mantenimiento m\u00e1s largos.<\/li>\n<li>Se ha mejorado el <strong>derating.<\/strong><\/li>\n<li>Buen funcionamiento incluso con <strong>porcentajes de carga bajos<\/strong><\/li>\n<\/ul>\n<figure id=\"attachment_4953\" aria-describedby=\"caption-attachment-4953\" style=\"width: 550px\" class=\"wp-caption aligncenter\"><img decoding=\"async\" class=\"size-full wp-image-4953 lazyload\" data-src=\"\/wp-content\/uploads\/2016\/05\/3_curso-mtu-inmesol.jpg\" alt=\"Infograf\u00eda motor nueva serie 2000\" width=\"550\" height=\"382\" title=\"\" src=\"data:image\/svg+xml;base64,PHN2ZyB3aWR0aD0iMSIgaGVpZ2h0PSIxIiB4bWxucz0iaHR0cDovL3d3dy53My5vcmcvMjAwMC9zdmciPjwvc3ZnPg==\" style=\"--smush-placeholder-width: 550px; --smush-placeholder-aspect-ratio: 550\/382;\" data-srcset=\"https:\/\/www.inmesol.com\/wp-content\/uploads\/2016\/05\/3_curso-mtu-inmesol.jpg 550w, https:\/\/www.inmesol.com\/wp-content\/uploads\/2016\/05\/3_curso-mtu-inmesol-300x208.jpg 300w\" data-sizes=\"auto\" data-original-sizes=\"(max-width: 550px) 100vw, 550px\"><figcaption id=\"caption-attachment-4953\" class=\"wp-caption-text\">Infograf\u00eda motor nueva serie 2000<\/figcaption><\/figure>\n<p>Tradicionalmente, los motores MTU se caracterizan por el uso de la <strong>alta tecnolog\u00eda<\/strong> utilizada en su dise\u00f1o y la <strong>fiabilidad <\/strong>que ofrecen.<\/p>\n<p>Sus <strong>numerosos cilindros<\/strong> le confieren <strong>estabilidad<\/strong> y los hacen motores equilibrados, lo que se traduce en una <strong>reducci\u00f3n de vibraciones<\/strong> considerable y por consiguiente, una reducci\u00f3n de emisiones sonoras que junto a la <strong>insonorizaci\u00f3n de las carrocer\u00edas<\/strong> que INMESOL fabrica dan como resultado <strong>grupos electr\u00f3genos con bajas emisiones sonoras<\/strong> y muy apropiados para las aplicaciones m\u00e1s exigentes.<\/p>\n<figure id=\"attachment_4954\" aria-describedby=\"caption-attachment-4954\" style=\"width: 640px\" class=\"wp-caption aligncenter\"><img decoding=\"async\" class=\"size-large wp-image-4954 lazyload\" data-src=\"\/wp-content\/uploads\/2016\/05\/4_curso-mtu-inmesol.jpg\" alt=\"Modelo grupo electr\u00f3geno INMESOL CT-1500\" width=\"640\" height=\"320\" title=\"\" src=\"data:image\/svg+xml;base64,PHN2ZyB3aWR0aD0iMSIgaGVpZ2h0PSIxIiB4bWxucz0iaHR0cDovL3d3dy53My5vcmcvMjAwMC9zdmciPjwvc3ZnPg==\" style=\"--smush-placeholder-width: 640px; --smush-placeholder-aspect-ratio: 640\/320;\" data-srcset=\"https:\/\/www.inmesol.com\/wp-content\/uploads\/2016\/05\/4_curso-mtu-inmesol.jpg 640w, https:\/\/www.inmesol.com\/wp-content\/uploads\/2016\/05\/4_curso-mtu-inmesol-300x150.jpg 300w\" data-sizes=\"auto\" data-original-sizes=\"(max-width: 640px) 100vw, 640px\"><figcaption id=\"caption-attachment-4954\" class=\"wp-caption-text\">Modelo grupo electr\u00f3geno INMESOL CT-1500<\/figcaption><\/figure>\n","protected":false},"excerpt":{"rendered":"<p>La semana pasada tuvo lugar en INMESOL una jornada de formaci\u00f3n t\u00e9cnico &#8211; comercial acerca de las novedades que MTU ha desarrollado en sus motores, destacando las ventajas tecnol\u00f3gicas de los nuevos modelos.<\/p>\n","protected":false},"author":2,"featured_media":4951,"comment_status":"open","ping_status":"closed","sticky":false,"template":"","format":"standard","meta":{"inline_featured_image":false,"footnotes":""},"categories":[17,32],"tags":[],"categorias-smart-power-":[],"paises-":[],"class_list":["post-4956","post","type-post","status-publish","format-standard","has-post-thumbnail","hentry","category-corporativo","category-espanol"],"_links":{"self":[{"href":"https:\/\/www.inmesol.com\/fr\/wp-json\/wp\/v2\/posts\/4956","targetHints":{"allow":["GET"]}}],"collection":[{"href":"https:\/\/www.inmesol.com\/fr\/wp-json\/wp\/v2\/posts"}],"about":[{"href":"https:\/\/www.inmesol.com\/fr\/wp-json\/wp\/v2\/types\/post"}],"author":[{"embeddable":true,"href":"https:\/\/www.inmesol.com\/fr\/wp-json\/wp\/v2\/users\/2"}],"replies":[{"embeddable":true,"href":"https:\/\/www.inmesol.com\/fr\/wp-json\/wp\/v2\/comments?post=4956"}],"version-history":[{"count":0,"href":"https:\/\/www.inmesol.com\/fr\/wp-json\/wp\/v2\/posts\/4956\/revisions"}],"wp:featuredmedia":[{"embeddable":true,"href":"https:\/\/www.inmesol.com\/fr\/wp-json\/"}],"wp:attachment":[{"href":"https:\/\/www.inmesol.com\/fr\/wp-json\/wp\/v2\/media?parent=4956"}],"wp:term":[{"taxonomy":"category","embeddable":true,"href":"https:\/\/www.inmesol.com\/fr\/wp-json\/wp\/v2\/categories?post=4956"},{"taxonomy":"post_tag","embeddable":true,"href":"https:\/\/www.inmesol.com\/fr\/wp-json\/wp\/v2\/tags?post=4956"},{"taxonomy":"categorias-smart-power-","embeddable":true,"href":"https:\/\/www.inmesol.com\/fr\/wp-json\/wp\/v2\/categorias-smart-power-?post=4956"},{"taxonomy":"paises-","embeddable":true,"href":"https:\/\/www.inmesol.com\/fr\/wp-json\/wp\/v2\/paises-?post=4956"}],"curies":[{"name":"wp","href":"https:\/\/api.w.org\/{rel}","templated":true}]}}