{"id":4971,"date":"2016-06-01T11:38:32","date_gmt":"2016-06-01T09:38:32","guid":{"rendered":"http:\/\/www.inmesol.es\/blog\/?p=4971"},"modified":"2026-01-16T11:48:59","modified_gmt":"2026-01-16T11:48:59","slug":"presentacion-en-guatemala","status":"publish","type":"post","link":"https:\/\/www.inmesol.com\/fr\/blog\/presentacion-en-guatemala\/","title":{"rendered":"Presentaci\u00f3n en GUATEMALA"},"content":{"rendered":"<p><strong>Inmesol, <\/strong>representado por <strong>Luis Navarro<\/strong><strong>,<\/strong> Responsable Comercial de Latinoam\u00e9rica, se ha desplazado hasta Guatemala para presentar las <strong>novedades <\/strong>de los generadores desarrolladas en los \u00faltimos meses.<\/p>\n<p>El evento fue organizado por nuestro distribuidor <strong><a href=\"https:\/\/www.inmesol.com\/blog\/nuestro-distribuidor-guatemala-aumenta-stock-grupos-electrogenos-inmesol\/\">Topke<\/a>, <\/strong>y fue su <strong>presidente Ing. Allan Rasch<\/strong>, el encargado de inaugurar la jornada.<\/p>\n<figure id=\"attachment_4967\" aria-describedby=\"caption-attachment-4967\" style=\"width: 640px\" class=\"wp-caption aligncenter\"><img fetchpriority=\"high\" decoding=\"async\" class=\"size-large wp-image-4967\" src=\"\/wp-content\/uploads\/2016\/06\/presentacion-en-guatemala.jpg\" alt=\"Luis Navarro de INMESOL, Ing. Allan Rasch Topke e Ing. Boris G. de Le\u00f3n\" width=\"640\" height=\"450\" title=\"\" srcset=\"https:\/\/www.inmesol.com\/wp-content\/uploads\/2016\/06\/presentacion-en-guatemala.jpg 640w, https:\/\/www.inmesol.com\/wp-content\/uploads\/2016\/06\/presentacion-en-guatemala-300x211.jpg 300w\" sizes=\"(max-width: 640px) 100vw, 640px\"><figcaption id=\"caption-attachment-4967\" class=\"wp-caption-text\">Luis Navarro de INMESOL, Ing. Allan Rasch Topke e Ing. Boris G. de Le\u00f3n<\/figcaption><\/figure>\n<p>La <strong>primera parte <\/strong>de la jornada, se celebr\u00f3 en el <strong>hotel Conquistador <\/strong>y estaba dirigida al colectivo t\u00e9cnico e industrial de Guatemala: representantes de empresas de <strong>instalaciones industriales<\/strong>, <strong>ingenier\u00edas de proyectos y empresarios del sector agr\u00edcola y regad\u00edo<\/strong>, entre otros.<\/p>\n<figure id=\"attachment_4970\" aria-describedby=\"caption-attachment-4970\" style=\"width: 640px\" class=\"wp-caption aligncenter\"><img decoding=\"async\" class=\"size-large wp-image-4970 lazyload\" data-src=\"\/wp-content\/uploads\/2016\/06\/1_presentacion-en-guatemala.jpg\" alt=\"Luis Navarro Cort\u00e9s de INMESOL e Ing. Boris G. de Le\u00f3n\" width=\"640\" height=\"450\" title=\"\" src=\"data:image\/svg+xml;base64,PHN2ZyB3aWR0aD0iMSIgaGVpZ2h0PSIxIiB4bWxucz0iaHR0cDovL3d3dy53My5vcmcvMjAwMC9zdmciPjwvc3ZnPg==\" style=\"--smush-placeholder-width: 640px; --smush-placeholder-aspect-ratio: 640\/450;\" data-srcset=\"https:\/\/www.inmesol.com\/wp-content\/uploads\/2016\/06\/1_presentacion-en-guatemala.jpg 640w, https:\/\/www.inmesol.com\/wp-content\/uploads\/2016\/06\/1_presentacion-en-guatemala-300x211.jpg 300w\" data-sizes=\"auto\" data-original-sizes=\"(max-width: 640px) 100vw, 640px\"><figcaption id=\"caption-attachment-4970\" class=\"wp-caption-text\">Luis Navarro Cort\u00e9s de INMESOL e Ing. Boris G. de Le\u00f3n<\/figcaption><\/figure>\n<p>Luis Navarro comenz\u00f3 con una breve <strong>presentaci\u00f3n<\/strong> de la empresa INMESOL, su filosof\u00eda y su sistema productivo, para luego dar paso a entrar en detalles sobre los productos y las nuevas <a href=\"https:\/\/www.inmesol.com\/blog\/os-presentamos-las-novedades-incorporadas-en-el-diseno-de-la-carroceria-inmesol-mod-300-400-y-las-ventajas-que-aportan\/\"><strong>novedades <\/strong><\/a>introducidas:<\/p>\n<p>La <strong>nueva gama <\/strong>de grupos electr\u00f3genos para <strong>explotaciones<\/strong><strong> agrarias y ganaderas<\/strong>, la <a href=\"https:\/\/www.inmesol.com\/grupos-electrogenos\/gama-rental\/\"><strong>nueva gama rental<\/strong><\/a>, <strong>los nuevos motores<\/strong>, fueron temas que se vieron con detenimiento durante la jornada.<\/p>\n<figure id=\"attachment_4969\" aria-describedby=\"caption-attachment-4969\" style=\"width: 640px\" class=\"wp-caption aligncenter\"><img decoding=\"async\" class=\"size-large wp-image-4969 lazyload\" data-src=\"\/wp-content\/uploads\/2016\/06\/2_presentacion-en-guatemala.jpg\" alt=\"Asistentes atendiendo las explicaciones de Luis Navarro\" width=\"640\" height=\"450\" title=\"\" src=\"data:image\/svg+xml;base64,PHN2ZyB3aWR0aD0iMSIgaGVpZ2h0PSIxIiB4bWxucz0iaHR0cDovL3d3dy53My5vcmcvMjAwMC9zdmciPjwvc3ZnPg==\" style=\"--smush-placeholder-width: 640px; --smush-placeholder-aspect-ratio: 640\/450;\" data-srcset=\"https:\/\/www.inmesol.com\/wp-content\/uploads\/2016\/06\/2_presentacion-en-guatemala.jpg 640w, https:\/\/www.inmesol.com\/wp-content\/uploads\/2016\/06\/2_presentacion-en-guatemala-300x211.jpg 300w\" data-sizes=\"auto\" data-original-sizes=\"(max-width: 640px) 100vw, 640px\"><figcaption id=\"caption-attachment-4969\" class=\"wp-caption-text\">Asistentes atendiendo las explicaciones de Luis Navarro<\/figcaption><\/figure>\n<p>Los asistentes se mostraron muy interesados por las <strong>distintas configuraciones <\/strong>de los grupos electr\u00f3genos y les result\u00f3 muy interesante las caracter\u00edsticas propias que caracterizan los equipos de INMESOL: el <strong>acabado de la carrocer\u00eda<\/strong>, la <strong>insonorizaci\u00f3n<\/strong>, la <a href=\"https:\/\/www.inmesol.com\/blog\/chasis-estanco-de-serie-en-toda-la-gama-de-carrocerias\/\"><strong>estanqueidad <\/strong>del chasis<\/a>, la <strong>tecnolog\u00eda <\/strong>de sus cuadros de control y la <strong>calidad <\/strong>de los componentes que conforman el grupo con <strong>motores y alternadores <\/strong>de marcas de reconocido prestigio.<\/p>\n<p>La <strong>segunda<\/strong> <strong>parte<\/strong> de la jornada se celebr\u00f3 en las <strong>instalaciones de Topke<\/strong>, donde se pudieron ver en directo los grupos electr\u00f3genos de los que se hab\u00edan hablado anteriormente.<\/p>\n<p>Grupos electr\u00f3genos de <strong>diferentes gamas <\/strong>y dise\u00f1ados para un amplio abanico de <u>aplicaciones<\/u> que Topke dispone en su amplio stockaje.<\/p>\n<p>Todas las dudas de los asistentes fueron resueltas por los Ingenieros de Topke e INMESOL.<\/p>\n<p style=\"text-align: center;\">\n<p style=\"text-align: center;\">\n","protected":false},"excerpt":{"rendered":"<p>Inmesol, representado por Luis Navarro, Responsable Comercial de Latinoam\u00e9rica, se ha desplazado hasta Guatemala para presentar las novedades de los generadores desarrolladas en los \u00faltimos meses. El evento fue organizado por nuestro distribuidor Topke, y fue su presidente Ing. Allan Rasch, el encargado de inaugurar la jornada.<\/p>\n","protected":false},"author":2,"featured_media":4968,"comment_status":"open","ping_status":"closed","sticky":false,"template":"","format":"standard","meta":{"inline_featured_image":false,"footnotes":""},"categories":[17,32],"tags":[],"categorias-smart-power-":[],"paises-":[],"class_list":["post-4971","post","type-post","status-publish","format-standard","has-post-thumbnail","hentry","category-corporativo","category-espanol"],"_links":{"self":[{"href":"https:\/\/www.inmesol.com\/fr\/wp-json\/wp\/v2\/posts\/4971","targetHints":{"allow":["GET"]}}],"collection":[{"href":"https:\/\/www.inmesol.com\/fr\/wp-json\/wp\/v2\/posts"}],"about":[{"href":"https:\/\/www.inmesol.com\/fr\/wp-json\/wp\/v2\/types\/post"}],"author":[{"embeddable":true,"href":"https:\/\/www.inmesol.com\/fr\/wp-json\/wp\/v2\/users\/2"}],"replies":[{"embeddable":true,"href":"https:\/\/www.inmesol.com\/fr\/wp-json\/wp\/v2\/comments?post=4971"}],"version-history":[{"count":0,"href":"https:\/\/www.inmesol.com\/fr\/wp-json\/wp\/v2\/posts\/4971\/revisions"}],"wp:featuredmedia":[{"embeddable":true,"href":"https:\/\/www.inmesol.com\/fr\/wp-json\/"}],"wp:attachment":[{"href":"https:\/\/www.inmesol.com\/fr\/wp-json\/wp\/v2\/media?parent=4971"}],"wp:term":[{"taxonomy":"category","embeddable":true,"href":"https:\/\/www.inmesol.com\/fr\/wp-json\/wp\/v2\/categories?post=4971"},{"taxonomy":"post_tag","embeddable":true,"href":"https:\/\/www.inmesol.com\/fr\/wp-json\/wp\/v2\/tags?post=4971"},{"taxonomy":"categorias-smart-power-","embeddable":true,"href":"https:\/\/www.inmesol.com\/fr\/wp-json\/wp\/v2\/categorias-smart-power-?post=4971"},{"taxonomy":"paises-","embeddable":true,"href":"https:\/\/www.inmesol.com\/fr\/wp-json\/wp\/v2\/paises-?post=4971"}],"curies":[{"name":"wp","href":"https:\/\/api.w.org\/{rel}","templated":true}]}}