{"id":5002,"date":"2016-06-30T08:00:35","date_gmt":"2016-06-30T06:00:35","guid":{"rendered":"http:\/\/www.inmesol.es\/blog\/?p=5002"},"modified":"2023-06-21T10:14:49","modified_gmt":"2023-06-21T10:14:49","slug":"el-avion-solar-impulse-2-en-sevilla-espana","status":"publish","type":"post","link":"https:\/\/www.inmesol.com\/fr\/blog\/el-avion-solar-impulse-2-en-sevilla-espana\/","title":{"rendered":"El avi\u00f3n solar en Sevilla, Espa\u00f1a"},"content":{"rendered":"<p><strong>En febrero de 2015<\/strong>, nos hicimos eco en este blog del proyecto de una apasionante aventura a la vez que incre\u00edble proyecto y que a d\u00eda de hoy est\u00e1 convirti\u00e9ndose en una realidad.<\/p>\n<p>Cuando publicamos el post \u201c<strong><a href=\"http:\/\/www.inmesol.es\/blog\/solar-impulse-2-el-primer-avion-solar-que-dara-la-vuelta-al-mundo-sin-combustibles-fosiles\" target=\"_blank\" rel=\"noopener\">Solar Impulse 2: el primer avi\u00f3n solar que dar\u00e1 la vuelta al mundo sin combustibles f\u00f3siles<\/a>\u201d<\/strong>, no imagin\u00e1bamos que podr\u00eda ser <strong>Sevilla<\/strong> una de las escalas elegidas para formar parte de este apasionante viaje.<\/p>\n<div class=\"video-responsive\"><iframe src=\"https:\/\/www.youtube.com\/embed\/9ExvAfoWwuo\" width=\"640\" height=\"360\" frameborder=\"0\" allowfullscreen=\"allowfullscreen\"><\/iframe><\/div>\n<p>Tras despegar de <strong>New York<\/strong>, el avi\u00f3n solar cruz\u00f3 el Oc\u00e9ano Atl\u00e1ntico para llegar a <strong>Sevilla <\/strong>en poco m\u00e1s de <strong>70 horas<\/strong>.<\/p>\n<p>Durante esta etapa n\u00famero 15, el avi\u00f3n fue pilotado por <strong>Bertrand Piccard<\/strong> qui\u00e9n se mostr\u00f3 radiante de felicidad tras su llegada.<\/p>\n<blockquote class=\"twitter-video\" data-lang=\"es\">\n<p dir=\"ltr\" lang=\"en\">Good morning <a href=\"https:\/\/twitter.com\/hashtag\/Seville?src=hash\" target=\"_blank\" rel=\"noopener\">#Seville<\/a>! Do you have a lot of direct flights from <a href=\"https:\/\/twitter.com\/hashtag\/NYC?src=hash\" target=\"_blank\" rel=\"noopener\">#NYC<\/a>? &#x1f609; <a href=\"https:\/\/twitter.com\/hashtag\/futureisclean?src=hash\" target=\"_blank\" rel=\"noopener\">#futureisclean<\/a><a href=\"https:\/\/t.co\/ZCSMOOgva4\">pic.twitter.com\/ZCSMOOgva4<\/a><\/p>\n<p>\u2014 Bertrand PICCARD (@bertrandpiccard) <a href=\"https:\/\/twitter.com\/bertrandpiccard\/status\/745860836472799232\" target=\"_blank\" rel=\"noopener\">23 de junio de 2016<\/a><\/p><\/blockquote>\n<p>&nbsp;<\/p>\n<h2>CON PASO LENTO PERO FIRME<\/h2>\n<p>El avi\u00f3n solar Impulse 2, finalmente inici\u00f3 su aventura desde <strong>Abu Dabi<\/strong> en Emiratos \u00c1rabes, el <strong>9 de marzo de 2015<\/strong>. Tal y como estaba previsto recorri\u00f3 <strong>India, Myanmar, China y EE.UU<\/strong>, donde lleg\u00f3 a <strong>Hawai el 3 de Julio de 2015.<\/strong> All\u00ed tuvo que permanecer casi 10 meses por motivos t\u00e9cnicos antes de proseguir el viaje. Por fin el <strong>11 de Junio de 2016 lleg\u00f3 a New York y el 23 de Junio a Sevilla<\/strong>.<\/p>\n<p><img fetchpriority=\"high\" decoding=\"async\" class=\"aligncenter size-large wp-image-5005\" src=\"\/wp-content\/uploads\/2016\/06\/el-avion-solar-impulse-2-en-sevilla-espana.jpg\" alt=\"Mapa viaje solar impulse 2\" width=\"640\" height=\"388\" title=\"\" srcset=\"https:\/\/www.inmesol.com\/wp-content\/uploads\/2016\/06\/el-avion-solar-impulse-2-en-sevilla-espana.jpg 640w, https:\/\/www.inmesol.com\/wp-content\/uploads\/2016\/06\/el-avion-solar-impulse-2-en-sevilla-espana-300x182.jpg 300w\" sizes=\"(max-width: 640px) 100vw, 640px\"><\/p>\n<p>Est\u00e1 claro que los <strong>75 km\/h<\/strong> de velocidad que alcanza el avi\u00f3n solar<strong>, frente\u00a0 los 900 km\/h<\/strong> que alcanza un avi\u00f3n comercial puede hacer pensar que este avi\u00f3n sigue siendo una utop\u00eda desde un punto de vista pr\u00e1ctico, pero lo que se est\u00e1 demostrando es que nos encontramos ante el inicio de una nueva era, una era sostenible donde la tecnolog\u00eda nos ofrece un uso de la energ\u00eda mucho m\u00e1s inteligente, el uso de las energ\u00edas renovables y su almacenamiento para ser utilizada racionalmente.<\/p>\n<p>Proyectos de este tipo generan <strong>esperanza<\/strong> ante una sociedad basada en el consumo.<\/p>\n<p>Seguiremos expectantes al <strong>avi\u00f3n solar Impulse 2 <\/strong>en sus \u00faltimos pasos hasta llegar a <strong>Myanmar<\/strong> de nuevo, punto de <strong>inicio y conclusi\u00f3n<\/strong> de esta apasionante aventura.<\/p>\n<p>&nbsp;<\/p>\n<p><script src=\"\/\/platform.twitter.com\/widgets.js\" async=\"\" charset=\"utf-8\"><\/script><\/p>\n","protected":false},"excerpt":{"rendered":"<p>Tras despegar de New York, el avi\u00f3n solar cruz\u00f3 el Oc\u00e9ano Atl\u00e1ntico para llegar a Sevilla en poco m\u00e1s de 70 horas. Durante esta etapa n\u00famero 15, el avi\u00f3n fue pilotado por Bertrand Piccard<\/p>\n","protected":false},"author":2,"featured_media":5007,"comment_status":"open","ping_status":"closed","sticky":false,"template":"","format":"standard","meta":{"inline_featured_image":false,"footnotes":""},"categories":[22,32],"tags":[],"categorias-smart-power-":[],"paises-":[],"class_list":["post-5002","post","type-post","status-publish","format-standard","has-post-thumbnail","hentry","category-ciencia-y-tecnologia","category-espanol"],"_links":{"self":[{"href":"https:\/\/www.inmesol.com\/fr\/wp-json\/wp\/v2\/posts\/5002","targetHints":{"allow":["GET"]}}],"collection":[{"href":"https:\/\/www.inmesol.com\/fr\/wp-json\/wp\/v2\/posts"}],"about":[{"href":"https:\/\/www.inmesol.com\/fr\/wp-json\/wp\/v2\/types\/post"}],"author":[{"embeddable":true,"href":"https:\/\/www.inmesol.com\/fr\/wp-json\/wp\/v2\/users\/2"}],"replies":[{"embeddable":true,"href":"https:\/\/www.inmesol.com\/fr\/wp-json\/wp\/v2\/comments?post=5002"}],"version-history":[{"count":0,"href":"https:\/\/www.inmesol.com\/fr\/wp-json\/wp\/v2\/posts\/5002\/revisions"}],"wp:featuredmedia":[{"embeddable":true,"href":"https:\/\/www.inmesol.com\/fr\/wp-json\/"}],"wp:attachment":[{"href":"https:\/\/www.inmesol.com\/fr\/wp-json\/wp\/v2\/media?parent=5002"}],"wp:term":[{"taxonomy":"category","embeddable":true,"href":"https:\/\/www.inmesol.com\/fr\/wp-json\/wp\/v2\/categories?post=5002"},{"taxonomy":"post_tag","embeddable":true,"href":"https:\/\/www.inmesol.com\/fr\/wp-json\/wp\/v2\/tags?post=5002"},{"taxonomy":"categorias-smart-power-","embeddable":true,"href":"https:\/\/www.inmesol.com\/fr\/wp-json\/wp\/v2\/categorias-smart-power-?post=5002"},{"taxonomy":"paises-","embeddable":true,"href":"https:\/\/www.inmesol.com\/fr\/wp-json\/wp\/v2\/paises-?post=5002"}],"curies":[{"name":"wp","href":"https:\/\/api.w.org\/{rel}","templated":true}]}}