{"id":5050,"date":"2016-07-21T08:00:43","date_gmt":"2016-07-21T06:00:43","guid":{"rendered":"http:\/\/www.inmesol.es\/blog\/?p=5050"},"modified":"2025-01-09T16:37:26","modified_gmt":"2025-01-09T16:37:26","slug":"fiabilidad-seguridad-la-conservacion-productos-lacteos","status":"publish","type":"post","link":"https:\/\/www.inmesol.com\/fr\/blog\/fiabilidad-seguridad-la-conservacion-productos-lacteos\/","title":{"rendered":"Fiabilidad y seguridad para la conservaci\u00f3n de productos l\u00e1cteos"},"content":{"rendered":"<p>Recientemente se ha terminado la instalaci\u00f3n de un grupo electr\u00f3geno de la gama emergencia modelo <strong>IV\u2010700<\/strong>, en un <strong>centro log\u00edstico para refrigeraci\u00f3n de productos l\u00e1cteos<\/strong>, ubicada en la ciudad Lower Saxony, en Alemania.<\/p>\n<p>Se trata de una m\u00e1quina de 700 KVA LTP con un tanque de combustible de 2500 litros.<\/p>\n<figure id=\"attachment_5048\" aria-describedby=\"caption-attachment-5048\" style=\"width: 640px\" class=\"wp-caption aligncenter\"><img fetchpriority=\"high\" decoding=\"async\" class=\"wp-image-5048 size-large\" title=\"Grupo electr\u00f3geno IV\u2010700 en el exterior del Centro log\u00edstico en LOWERSAXONY\" src=\"\/wp-content\/uploads\/2016\/07\/fiabilidad-seguridad-la-conservacion-productos-lacteos.jpg\" alt=\"Grupo electr\u00f3geno IV\u2010700 en el exterior del Centro log\u00edstico en LOWERSAXONY\" width=\"640\" height=\"450\" srcset=\"https:\/\/www.inmesol.com\/wp-content\/uploads\/2016\/07\/fiabilidad-seguridad-la-conservacion-productos-lacteos.jpg 640w, https:\/\/www.inmesol.com\/wp-content\/uploads\/2016\/07\/fiabilidad-seguridad-la-conservacion-productos-lacteos-300x211.jpg 300w\" sizes=\"(max-width: 640px) 100vw, 640px\" \/><figcaption id=\"caption-attachment-5048\" class=\"wp-caption-text\">Grupo electr\u00f3geno INMESOL IV\u2010700 instalado en el exterior del Centro log\u00edstico para refrigeraci\u00f3n de productos de leche en LOWERSAXONY, ALEMANIA<\/figcaption><\/figure>\n<p>La importancia de la <strong>refrigeraci\u00f3n de la leche <\/strong>para conseguir condiciones \u00f3ptimas de temperatura, para que la leche conserve sus cualidades desde su orde\u00f1o hasta su reparto, requiere de <strong>instalaciones <\/strong>de refrigeraci\u00f3n donde el suministro de energ\u00eda el\u00e9ctrico est\u00e9 garantizado.<\/p>\n<p>Hoy en d\u00eda las <strong>redes el\u00e9ctricas <\/strong>son bastante fiables, sin embargo no est\u00e1n exentas de sufrir <strong>fallos <\/strong>que podr\u00edan causar <strong>grandes p\u00e9rdidas <\/strong>por esta interrupci\u00f3n de suministro el\u00e9ctrico. Para estos casos un <strong>grupo electr\u00f3geno <\/strong>que respalda a la red en caso de fallo, se convierte en una <strong>rentable y fiable soluci\u00f3n<\/strong>.<\/p>\n","protected":false},"excerpt":{"rendered":"<p>Recientemente se ha terminado la instalaci\u00f3n de un grupo electr\u00f3geno de la gama emergencia modelo IV\u2010700, en un centro log\u00edstico para refrigeraci\u00f3n de productos l\u00e1cteos, ubicada en la ciudad Lower Saxony, en Alemania.<\/p>\n","protected":false},"author":2,"featured_media":5052,"comment_status":"open","ping_status":"closed","sticky":false,"template":"","format":"standard","meta":{"inline_featured_image":false,"footnotes":""},"categories":[21,32,58],"tags":[23],"categorias-smart-power-":[],"paises-":[12],"class_list":["post-5050","post","type-post","status-publish","format-standard","has-post-thumbnail","hentry","category-grupos-electrogenos","category-espanol","category-casos-de-exito","tag-grupos-electrogenos-de-emergencia","paises--europa"],"_links":{"self":[{"href":"https:\/\/www.inmesol.com\/fr\/wp-json\/wp\/v2\/posts\/5050","targetHints":{"allow":["GET"]}}],"collection":[{"href":"https:\/\/www.inmesol.com\/fr\/wp-json\/wp\/v2\/posts"}],"about":[{"href":"https:\/\/www.inmesol.com\/fr\/wp-json\/wp\/v2\/types\/post"}],"author":[{"embeddable":true,"href":"https:\/\/www.inmesol.com\/fr\/wp-json\/wp\/v2\/users\/2"}],"replies":[{"embeddable":true,"href":"https:\/\/www.inmesol.com\/fr\/wp-json\/wp\/v2\/comments?post=5050"}],"version-history":[{"count":0,"href":"https:\/\/www.inmesol.com\/fr\/wp-json\/wp\/v2\/posts\/5050\/revisions"}],"wp:featuredmedia":[{"embeddable":true,"href":"https:\/\/www.inmesol.com\/fr\/wp-json\/wp\/v2\/media\/5052"}],"wp:attachment":[{"href":"https:\/\/www.inmesol.com\/fr\/wp-json\/wp\/v2\/media?parent=5050"}],"wp:term":[{"taxonomy":"category","embeddable":true,"href":"https:\/\/www.inmesol.com\/fr\/wp-json\/wp\/v2\/categories?post=5050"},{"taxonomy":"post_tag","embeddable":true,"href":"https:\/\/www.inmesol.com\/fr\/wp-json\/wp\/v2\/tags?post=5050"},{"taxonomy":"categorias-smart-power-","embeddable":true,"href":"https:\/\/www.inmesol.com\/fr\/wp-json\/wp\/v2\/categorias-smart-power-?post=5050"},{"taxonomy":"paises-","embeddable":true,"href":"https:\/\/www.inmesol.com\/fr\/wp-json\/wp\/v2\/paises-?post=5050"}],"curies":[{"name":"wp","href":"https:\/\/api.w.org\/{rel}","templated":true}]}}