{"id":5088,"date":"2016-09-07T11:52:09","date_gmt":"2016-09-07T09:52:09","guid":{"rendered":"http:\/\/www.inmesol.es\/blog\/?p=5088"},"modified":"2025-01-08T18:34:16","modified_gmt":"2025-01-08T18:34:16","slug":"el-sector-del-alquiler-maqinaria-en-pleno-proceso-de-crecimiento","status":"publish","type":"post","link":"https:\/\/www.inmesol.com\/fr\/blog\/el-sector-del-alquiler-maqinaria-en-pleno-proceso-de-crecimiento\/","title":{"rendered":"El sector del alquiler de maquinaria, en pleno proceso de crecimiento"},"content":{"rendered":"<p style=\"text-align: center;\"><img fetchpriority=\"high\" decoding=\"async\" class=\"aligncenter size-full wp-image-5085\" src=\"\/wp-content\/uploads\/2016\/09\/el-sector-del-alquiler-maqinaria-en-pleno-proceso-de-crecimiento.jpg\" alt=\"El sector del alquiler en pleno proceso de crecimiento\" width=\"595\" height=\"300\" title=\"\" srcset=\"https:\/\/www.inmesol.com\/wp-content\/uploads\/2016\/09\/el-sector-del-alquiler-maqinaria-en-pleno-proceso-de-crecimiento.jpg 595w, https:\/\/www.inmesol.com\/wp-content\/uploads\/2016\/09\/el-sector-del-alquiler-maqinaria-en-pleno-proceso-de-crecimiento-300x151.jpg 300w\" sizes=\"(max-width: 595px) 100vw, 595px\"><\/p>\n<p>Con la llegada de la crisis econ\u00f3mica y la crisis en la construcci\u00f3n en 2008, el <strong>sector del alquiler de maquinaria<\/strong> sufri\u00f3 una espectacular ca\u00edda, por ser uno de los principales mercados para los alquiladores.<\/p>\n<p>A lo largo de este tiempo, los alquiladores no se han quedado parados, han entendido el hecho de que, depender \u00fanicamente de un solo mercado les pone ante una situaci\u00f3n econ\u00f3mica demasiado arriesgada.<\/p>\n<h3><strong><em>\u00bfQu\u00e9 hacer para cambiar esta situaci\u00f3n y empezar a crecer?<\/em><\/strong><\/h3>\n<h3><strong>Diversificaci\u00f3n<\/strong><\/h3>\n<p>Centrarse en <strong>nuevos nichos<\/strong> de mercado: empresas que organizan <strong>espect\u00e1culos, eventos y promociones<\/strong>, empresas de <strong>restauraci\u00f3n, servicios<\/strong> de <strong>catering y hoteles<\/strong>, etc. y en general cualquier tipo de empresa que necesita asegurar el suministro el\u00e9ctrico en momentos muy concretos y puntuales.<\/p>\n<figure id=\"attachment_5083\" aria-describedby=\"caption-attachment-5083\" style=\"width: 640px\" class=\"wp-caption aligncenter\"><img decoding=\"async\" class=\"size-large wp-image-5083 lazyload\" data-src=\"\/wp-content\/uploads\/2016\/09\/1_el-sector-del-alquiler-maqinaria-en-pleno-proceso-de-crecimiento.jpg\" alt=\"Grupos electr\u00f3genos - Espect\u00e1culos, eventos y promociones - Foto de Daniel Robert\" width=\"640\" height=\"450\" title=\"\" src=\"data:image\/svg+xml;base64,PHN2ZyB3aWR0aD0iMSIgaGVpZ2h0PSIxIiB4bWxucz0iaHR0cDovL3d3dy53My5vcmcvMjAwMC9zdmciPjwvc3ZnPg==\" style=\"--smush-placeholder-width: 640px; --smush-placeholder-aspect-ratio: 640\/450;\" data-srcset=\"https:\/\/www.inmesol.com\/wp-content\/uploads\/2016\/09\/1_el-sector-del-alquiler-maqinaria-en-pleno-proceso-de-crecimiento.jpg 640w, https:\/\/www.inmesol.com\/wp-content\/uploads\/2016\/09\/1_el-sector-del-alquiler-maqinaria-en-pleno-proceso-de-crecimiento-300x211.jpg 300w\" data-sizes=\"auto\" data-original-sizes=\"(max-width: 640px) 100vw, 640px\"><figcaption id=\"caption-attachment-5083\" class=\"wp-caption-text\">Foto de Daniel Robert<\/figcaption><\/figure>\n<h3><strong>Ampliar los servicios<\/strong><\/h3>\n<p>Las empresas alquiladoras actuales no solo alquilan sus m\u00e1quinas, sino que <strong>ofrecen \u00f3ptimas soluciones<\/strong> para cada necesidad de sus clientes, ofreciendo un servicio totalmente <strong>profesionalizado<\/strong>.<\/p>\n<figure id=\"attachment_5084\" aria-describedby=\"caption-attachment-5084\" style=\"width: 504px\" class=\"wp-caption aligncenter\"><img decoding=\"async\" class=\"size-full wp-image-5084 lazyload\" data-src=\"\/wp-content\/uploads\/2016\/09\/2_el-sector-del-alquiler-maqinaria-en-pleno-proceso-de-crecimiento.jpg\" alt=\"Las empresas alquiladoras ofreciendo un servicio totalmente profesionalizado - Foto de Grenoble\" width=\"504\" height=\"328\" title=\"\" src=\"data:image\/svg+xml;base64,PHN2ZyB3aWR0aD0iMSIgaGVpZ2h0PSIxIiB4bWxucz0iaHR0cDovL3d3dy53My5vcmcvMjAwMC9zdmciPjwvc3ZnPg==\" style=\"--smush-placeholder-width: 504px; --smush-placeholder-aspect-ratio: 504\/328;\" data-srcset=\"https:\/\/www.inmesol.com\/wp-content\/uploads\/2016\/09\/2_el-sector-del-alquiler-maqinaria-en-pleno-proceso-de-crecimiento.jpg 504w, https:\/\/www.inmesol.com\/wp-content\/uploads\/2016\/09\/2_el-sector-del-alquiler-maqinaria-en-pleno-proceso-de-crecimiento-300x195.jpg 300w\" data-sizes=\"auto\" data-original-sizes=\"(max-width: 504px) 100vw, 504px\"><figcaption id=\"caption-attachment-5084\" class=\"wp-caption-text\">Foto de Grenoble<\/figcaption><\/figure>\n<h3><strong>Hacerse de una flota de equipos tecnol\u00f3gicos, sostenibles y con las \u00faltimas novedades en materia de seguridad.<\/strong><\/h3>\n<p>Los eventuales y diferentes requerimientos de los equipos de alquiler, demandan m\u00e1quinas <strong>robustas, compactas<\/strong>, con <strong>bajos niveles de emisiones sonoras y de gases<\/strong>, con <strong>amplios accesos<\/strong> que faciliten el mantenimiento y sobre todo, con <strong>elementos de protecci\u00f3n<\/strong> que garanticen un <strong>manejo<\/strong> <strong>seguro, <\/strong>tanto desde el punto de vista del funcionamiento como desde el punto de vista de la manejabilidad, puesto que son m\u00e1quinas que est\u00e1n cambiando de lugar con mucha frecuencia.<\/p>\n<p>En el dise\u00f1o de los grupos electr\u00f3genos Rental (alquiler) de INMESOL, se han tenido en cuenta todos estos factores.<\/p>\n<figure id=\"attachment_5086\" aria-describedby=\"caption-attachment-5086\" style=\"width: 640px\" class=\"wp-caption aligncenter\"><img decoding=\"async\" class=\"wp-image-5086 size-large lazyload\" title=\"Grupos electr\u00f3genos para alquiler\" data-src=\"\/wp-content\/uploads\/2016\/09\/3_el-sector-del-alquiler-maqinaria-en-pleno-proceso-de-crecimiento.jpg\" alt=\"Grupos electr\u00f3genos de la Gama Rental INMESOL\" width=\"640\" height=\"450\" src=\"data:image\/svg+xml;base64,PHN2ZyB3aWR0aD0iMSIgaGVpZ2h0PSIxIiB4bWxucz0iaHR0cDovL3d3dy53My5vcmcvMjAwMC9zdmciPjwvc3ZnPg==\" style=\"--smush-placeholder-width: 640px; --smush-placeholder-aspect-ratio: 640\/450;\" data-srcset=\"https:\/\/www.inmesol.com\/wp-content\/uploads\/2016\/09\/3_el-sector-del-alquiler-maqinaria-en-pleno-proceso-de-crecimiento.jpg 640w, https:\/\/www.inmesol.com\/wp-content\/uploads\/2016\/09\/3_el-sector-del-alquiler-maqinaria-en-pleno-proceso-de-crecimiento-300x211.jpg 300w\" data-sizes=\"auto\" data-original-sizes=\"(max-width: 640px) 100vw, 640px\" \/><figcaption id=\"caption-attachment-5086\" class=\"wp-caption-text\">Grupos electr\u00f3genos de la Gama Rental<\/figcaption><\/figure>\n<h3><strong>Agruparse en Asociaciones <\/strong><\/h3>\n<p>Siempre se ha dicho que <strong>\u201c<em>la uni\u00f3n hace la fuerza<\/em>\u201d<\/strong> y no le falta raz\u00f3n al significado de dicha frase.<\/p>\n<p>Los alquiladores, as\u00ed como los fabricantes de m\u00e1quinas de alquiler, han encontrado en asociaciones como el <strong>ERA <\/strong>(Asociaci\u00f3n Europa del alquiler) \u00f3 como <strong>ASEAMAC<\/strong> (Asociaci\u00f3n Espa\u00f1ola de Alquiladores de maquinaria), una f\u00f3rmula perfecta para impulsar el sector de manera conjunta, <strong>fomentando la profesionalidad<\/strong> y <strong>promocionando las ventajas del modelo del alquiler<\/strong>, y que est\u00e1 obteniendo unos resultados estupendos.<\/p>\n<h4><em>Inmesol ha experimentado en lo que llevamos de 2016, un incremento en las ventas de grupos electr\u00f3genos de alquiler del orden del 25 % con respecto al<\/em> <em>mismo periodo en 2015. <\/em><\/h4>\n","protected":false},"excerpt":{"rendered":"<p>Con la llegada de la crisis econ\u00f3mica y la crisis en la construcci\u00f3n en 2008, el sector del alquiler sufri\u00f3 una espectacular ca\u00edda, por ser uno de los principales mercados para los alquiladores.<\/p>\n","protected":false},"author":2,"featured_media":5087,"comment_status":"open","ping_status":"closed","sticky":false,"template":"","format":"standard","meta":{"inline_featured_image":false,"footnotes":""},"categories":[17,32],"tags":[29],"categorias-smart-power-":[],"paises-":[],"class_list":["post-5088","post","type-post","status-publish","format-standard","has-post-thumbnail","hentry","category-corporativo","category-espanol","tag-grupos-electrogenos-alquiler-rental"],"_links":{"self":[{"href":"https:\/\/www.inmesol.com\/fr\/wp-json\/wp\/v2\/posts\/5088","targetHints":{"allow":["GET"]}}],"collection":[{"href":"https:\/\/www.inmesol.com\/fr\/wp-json\/wp\/v2\/posts"}],"about":[{"href":"https:\/\/www.inmesol.com\/fr\/wp-json\/wp\/v2\/types\/post"}],"author":[{"embeddable":true,"href":"https:\/\/www.inmesol.com\/fr\/wp-json\/wp\/v2\/users\/2"}],"replies":[{"embeddable":true,"href":"https:\/\/www.inmesol.com\/fr\/wp-json\/wp\/v2\/comments?post=5088"}],"version-history":[{"count":0,"href":"https:\/\/www.inmesol.com\/fr\/wp-json\/wp\/v2\/posts\/5088\/revisions"}],"wp:featuredmedia":[{"embeddable":true,"href":"https:\/\/www.inmesol.com\/fr\/wp-json\/"}],"wp:attachment":[{"href":"https:\/\/www.inmesol.com\/fr\/wp-json\/wp\/v2\/media?parent=5088"}],"wp:term":[{"taxonomy":"category","embeddable":true,"href":"https:\/\/www.inmesol.com\/fr\/wp-json\/wp\/v2\/categories?post=5088"},{"taxonomy":"post_tag","embeddable":true,"href":"https:\/\/www.inmesol.com\/fr\/wp-json\/wp\/v2\/tags?post=5088"},{"taxonomy":"categorias-smart-power-","embeddable":true,"href":"https:\/\/www.inmesol.com\/fr\/wp-json\/wp\/v2\/categorias-smart-power-?post=5088"},{"taxonomy":"paises-","embeddable":true,"href":"https:\/\/www.inmesol.com\/fr\/wp-json\/wp\/v2\/paises-?post=5088"}],"curies":[{"name":"wp","href":"https:\/\/api.w.org\/{rel}","templated":true}]}}