{"id":5100,"date":"2016-09-14T11:48:05","date_gmt":"2016-09-14T09:48:05","guid":{"rendered":"http:\/\/www.inmesol.es\/blog\/?p=5100"},"modified":"2023-06-21T10:14:42","modified_gmt":"2023-06-21T10:14:42","slug":"soluciones-transporte-de-grupos-electrogenos-a-traves-del-diseno","status":"publish","type":"post","link":"https:\/\/www.inmesol.com\/fr\/blog\/soluciones-transporte-de-grupos-electrogenos-a-traves-del-diseno\/","title":{"rendered":"Soluciones al transporte de grupos electr\u00f3genos a trav\u00e9s del dise\u00f1o"},"content":{"rendered":"<h3 style=\"text-align: left;\"><strong>El nuevo dise\u00f1o de carrocer\u00eda modelo 145\u2010165 kVA para la <a href=\"http:\/\/www.inmesol.es\/grupos-electrogenos\/gamas-grupos-electrogenos-inmesol\/gama-rental.asp\" target=\"_blank\" rel=\"noopener\">GAMA RENTAL de grupos electr\u00f3genos<\/a> sale al mercado<\/strong><\/h3>\n<p>El <strong>Departamento T\u00e9cnico de INMESOL <\/strong>ha desarrollado una nueva carrocer\u00eda de <strong>145\u2010165 KVA <\/strong>que alberga los modelos de grupos electr\u00f3genos <strong>IIRN\u2010145, IIRN\u2010165, IVRN\u2010145 e IVRN\u2010165<\/strong>.<\/p>\n<p>Se trata de un <strong>dise\u00f1o m\u00e1s peque\u00f1o<\/strong>, pero <strong>conservando <\/strong>todas las <strong>cualidades <\/strong>en cuanto a prestaciones y resultados de <strong>emisiones sonoras <\/strong>igual de <strong>satisfactorio <\/strong>que las de de su hermana mayor.<\/p>\n<p>Estos modelos de grupos electr\u00f3genos habitualmente se montaban en la carrocer\u00eda con dimensiones: 3640mm x 1380mm x 2145 mm.<\/p>\n<p>Sus nuevas dimensiones <strong>3525mm x 1140mm x 1950mm<\/strong>, permiten <strong>aprovechar <\/strong>al m\u00e1ximo las combinaciones de carga, tanto <strong>mar\u00edtima <\/strong>como <strong>terrestre<\/strong>.<\/p>\n<p style=\"text-align: center;\">[rev_slider alias=\u00a0\u00bbnew-rental\u00a0\u00bb]<\/p>\n<p style=\"text-align: left;\">En la siguiente imagen puede apreciarse c\u00f3mo un cami\u00f3n de plataforma 40 pies puede transportar <strong>hasta 6 unidades <\/strong>debido a la sutil reducci\u00f3n del ancho de la carrocer\u00eda.<\/p>\n<div class=\"video-responsive\"><iframe src=\"https:\/\/www.youtube.com\/embed\/Vthi-3EWNfQ?rel=0\" width=\"640\" height=\"360\" frameborder=\"0\" allowfullscreen=\"allowfullscreen\"><\/iframe><\/div>\n<p style=\"text-align: left;\"><em>Infograf\u00eda de un cami\u00f3n de 40 pies transportando 6 Uds. de los modelos de grupos electr\u00f3genos modelos IRN-165, IVRN-145 e IVRN-165<\/em><\/p>\n<p><strong>Antonio<\/strong> <strong>M\u00e1rmol, <\/strong>responsable del Dpto. Comercial Rental en Europa, muy satisfecho del resultado afirma que: \u201c<em>este nuevo dise\u00f1o va a <strong>beneficiar <\/strong>a muchos <strong>alquiladores <\/strong>que deben de <strong>transportar <\/strong>varios grupos electr\u00f3genos constantemente de unos sitios a otros y ser\u00e1 muy bien acogida por parte de clientes y potenciales clientes que demandaban este tipo de necesidades y cuyas impresiones recog\u00ed en <a href=\"http:\/\/www.inmesol.es\/blog\/la-nueva-gama-rental-inmesol-en-bauma-2016\" target=\"_blank\" rel=\"noopener\">BAUMA 2016<\/a>\u201d.<\/em><\/p>\n<figure id=\"attachment_5099\" aria-describedby=\"caption-attachment-5099\" style=\"width: 640px\" class=\"wp-caption aligncenter\"><img fetchpriority=\"high\" decoding=\"async\" class=\"size-large wp-image-5099\" src=\"\/wp-content\/uploads\/2016\/09\/soluciones-transporte-de-grupos-electrogenos-a-traves-del-diseno.jpg\" alt=\"Antonio M\u00c1RMOL, responsable de Dpto. Comercial Rental en Europa\" width=\"640\" height=\"240\" title=\"\" srcset=\"https:\/\/www.inmesol.com\/wp-content\/uploads\/2016\/09\/soluciones-transporte-de-grupos-electrogenos-a-traves-del-diseno.jpg 640w, https:\/\/www.inmesol.com\/wp-content\/uploads\/2016\/09\/soluciones-transporte-de-grupos-electrogenos-a-traves-del-diseno-300x113.jpg 300w\" sizes=\"(max-width: 640px) 100vw, 640px\"><figcaption id=\"caption-attachment-5099\" class=\"wp-caption-text\">Antonio M\u00c1RMOL, responsable de Dpto. Comercial Rental en Europa<\/figcaption><\/figure>\n<h3><strong>MEDIO AMBIENTE<\/strong><\/h3>\n<p>Una vez m\u00e1s, hemos desarrollado un dise\u00f1o para disminuir la necesidad del transporte, por ende el gasto de combustible y la reducci\u00f3n de emisiones. Un nuevo dise\u00f1o en l\u00ednea con la filosof\u00eda de INMESOL, cuyos objetivos se centran siempre en conseguir una <strong>mejor econom\u00eda<\/strong>, una <strong>mejor eficiencia <\/strong>y una <strong>disminuci\u00f3n del impacto ambiental<\/strong>.<\/p>\n<p>&nbsp;<\/p>\n","protected":false},"excerpt":{"rendered":"<p>El Departamento T\u00e9cnico de INMESOL ha desarrollado una nueva carrocer\u00eda de 145\u2010165 KVA que alberga los modelos de grupos electr\u00f3genos IIRN\u2010145, IIRN\u2010165, IVRN\u2010145 e IVRN\u2010165.<\/p>\n","protected":false},"author":2,"featured_media":5098,"comment_status":"open","ping_status":"closed","sticky":false,"template":"","format":"standard","meta":{"inline_featured_image":false,"footnotes":""},"categories":[21,32],"tags":[29],"categorias-smart-power-":[],"paises-":[],"class_list":["post-5100","post","type-post","status-publish","format-standard","has-post-thumbnail","hentry","category-grupos-electrogenos","category-espanol","tag-grupos-electrogenos-alquiler-rental"],"_links":{"self":[{"href":"https:\/\/www.inmesol.com\/fr\/wp-json\/wp\/v2\/posts\/5100","targetHints":{"allow":["GET"]}}],"collection":[{"href":"https:\/\/www.inmesol.com\/fr\/wp-json\/wp\/v2\/posts"}],"about":[{"href":"https:\/\/www.inmesol.com\/fr\/wp-json\/wp\/v2\/types\/post"}],"author":[{"embeddable":true,"href":"https:\/\/www.inmesol.com\/fr\/wp-json\/wp\/v2\/users\/2"}],"replies":[{"embeddable":true,"href":"https:\/\/www.inmesol.com\/fr\/wp-json\/wp\/v2\/comments?post=5100"}],"version-history":[{"count":0,"href":"https:\/\/www.inmesol.com\/fr\/wp-json\/wp\/v2\/posts\/5100\/revisions"}],"wp:featuredmedia":[{"embeddable":true,"href":"https:\/\/www.inmesol.com\/fr\/wp-json\/"}],"wp:attachment":[{"href":"https:\/\/www.inmesol.com\/fr\/wp-json\/wp\/v2\/media?parent=5100"}],"wp:term":[{"taxonomy":"category","embeddable":true,"href":"https:\/\/www.inmesol.com\/fr\/wp-json\/wp\/v2\/categories?post=5100"},{"taxonomy":"post_tag","embeddable":true,"href":"https:\/\/www.inmesol.com\/fr\/wp-json\/wp\/v2\/tags?post=5100"},{"taxonomy":"categorias-smart-power-","embeddable":true,"href":"https:\/\/www.inmesol.com\/fr\/wp-json\/wp\/v2\/categorias-smart-power-?post=5100"},{"taxonomy":"paises-","embeddable":true,"href":"https:\/\/www.inmesol.com\/fr\/wp-json\/wp\/v2\/paises-?post=5100"}],"curies":[{"name":"wp","href":"https:\/\/api.w.org\/{rel}","templated":true}]}}