{"id":5154,"date":"2016-10-31T17:15:15","date_gmt":"2016-10-31T16:15:15","guid":{"rendered":"http:\/\/www.inmesol.es\/blog\/?p=5154"},"modified":"2026-01-19T17:36:43","modified_gmt":"2026-01-19T17:36:43","slug":"2a-jornadas-tecnicas-inmesol-latam-2016","status":"publish","type":"post","link":"https:\/\/www.inmesol.com\/fr\/blog\/2a-jornadas-tecnicas-inmesol-latam-2016\/","title":{"rendered":"2\u00aa Jornadas T\u00e9cnicas INMESOL \/ Latinoam\u00e9rica 2016"},"content":{"rendered":"<p>Tras el \u00e9xito del a\u00f1o pasado y por <strong>segundo a\u00f1o<\/strong> consecutivo, del 19 al 23 de septiembre, se celebraron en INMESOL las <strong>2\u00aa Jornadas T\u00e9cnicas <\/strong>dirigidas a nuestros distribuidores de <strong>Latinoam\u00e9rica.<\/strong><\/p>\n<p>Este a\u00f1o participaron distribuidores de <strong>Costa Rica, Ecuador, Guatemala, Per\u00fa, Panam\u00e1 y Venezuela<\/strong>.<\/p>\n<figure id=\"attachment_5155\" aria-describedby=\"caption-attachment-5155\" style=\"width: 640px\" class=\"wp-caption alignnone\"><img fetchpriority=\"high\" decoding=\"async\" class=\"size-large wp-image-5155\" src=\"\/wp-content\/uploads\/2016\/10\/2a-jornadas-tecnicas-inmesol-latam-2016.jpg\" alt=\"Distribuidores de Latinoam\u00e9rica, equipo t\u00e9cnico y comercial junto a la Directiva de INMESOL\" width=\"640\" height=\"480\" title=\"\" srcset=\"https:\/\/www.inmesol.com\/wp-content\/uploads\/2016\/10\/2a-jornadas-tecnicas-inmesol-latam-2016.jpg 640w, https:\/\/www.inmesol.com\/wp-content\/uploads\/2016\/10\/2a-jornadas-tecnicas-inmesol-latam-2016-300x225.jpg 300w\" sizes=\"(max-width: 640px) 100vw, 640px\"><figcaption id=\"caption-attachment-5155\" class=\"wp-caption-text\"><em>Distribuidores de Latinoam\u00e9rica, equipo t\u00e9cnico y comercial junto a la Directiva de INMESOL<\/em><\/figcaption><\/figure>\n<p>Las relaciones comerciales con los pa\u00edses latinoamericanos, a\u00f1o tras a\u00f1o se est\u00e1 viendo <strong>fortalecidas <\/strong>como consecuencia directa de una muy <strong>buena labor del Dpto. Comercial<\/strong>, <strong>apoyada<\/strong> por todo el <strong>equipo<\/strong> de INMESOL, y <strong>reforzada<\/strong> por la <strong>gerencia<\/strong>.<\/p>\n<figure id=\"attachment_5156\" aria-describedby=\"caption-attachment-5156\" style=\"width: 640px\" class=\"wp-caption alignnone\"><img decoding=\"async\" class=\"size-large wp-image-5156 lazyload\" data-src=\"\/wp-content\/uploads\/2016\/10\/1_2a-jornadas-tecnicas-inmesol-latam-2016.jpg\" alt=\"Banderas de los pa\u00edses visitantes\" width=\"640\" height=\"425\" title=\"\" src=\"data:image\/svg+xml;base64,PHN2ZyB3aWR0aD0iMSIgaGVpZ2h0PSIxIiB4bWxucz0iaHR0cDovL3d3dy53My5vcmcvMjAwMC9zdmciPjwvc3ZnPg==\" style=\"--smush-placeholder-width: 640px; --smush-placeholder-aspect-ratio: 640\/425;\" data-srcset=\"https:\/\/www.inmesol.com\/wp-content\/uploads\/2016\/10\/1_2a-jornadas-tecnicas-inmesol-latam-2016.jpg 640w, https:\/\/www.inmesol.com\/wp-content\/uploads\/2016\/10\/1_2a-jornadas-tecnicas-inmesol-latam-2016-300x199.jpg 300w\" data-sizes=\"auto\" data-original-sizes=\"(max-width: 640px) 100vw, 640px\"><figcaption id=\"caption-attachment-5156\" class=\"wp-caption-text\"><em>Banderas de los pa\u00edses visitantes<\/em><\/figcaption><\/figure>\n<h2><\/h2>\n<h2>VISITA A LAS INSTALACIONES y SISTEMA DE PRODUCCI\u00d3N<\/h2>\n<p>A lo largo de una intensa semana se desarroll\u00f3 un programa orientado a ofrecer todo el conocimiento posible sobre nuestros <strong>productos (generadores<\/strong>), el <strong>sistema productivo<\/strong> y las <strong>instalaciones<\/strong>.<\/p>\n<p>El <strong>Director de Producci\u00f3n<\/strong>, <strong>Jos\u00e9 Luis<\/strong><strong> Solano<\/strong>, dirigi\u00f3 la visita por las instalaciones y mostr\u00f3 las diferentes fases del sistema productivo. Acompa\u00f1ado por el <strong>Ingeniero de Ventas y post venta<\/strong>, <strong>Sergio Frutos<\/strong> y el <strong>Responsable de ventas en Latinoam\u00e9rica<\/strong>, <strong>Luis Navarro<\/strong><strong>, <\/strong>resolvieron todas las cuestiones de nuestros interesados visitantes.<\/p>\n<p>Los <strong>detalles<\/strong> que caracterizan los dise\u00f1os de los equipos de INMESOL para <strong>facilitar los accesos<\/strong> y <strong>labores de mantenimiento<\/strong>, la calidad del producto usando <strong>componentes<\/strong> <strong>100% europeos <\/strong>y las soluciones de dise\u00f1o adoptadas utilizando <strong>barreras de sonido<\/strong> estrat\u00e9gicamente localizadas para <strong>reducir las emisiones sonoras<\/strong>, fueron aspectos que llamaron mucho la atenci\u00f3n de nuestros distribuidores.<\/p>\n<h2>JORNADAS DE FORMACI\u00d3N T\u00c9CNICA<\/h2>\n<p>Una vez conocido el proceso de fabricaci\u00f3n de los equipos, comenzaron las <strong>Jornadas de Formaci\u00f3n T\u00e9cnica, <\/strong>propiamente dichas<strong>.<\/strong><\/p>\n<p>Por parte de INMESOL, <strong>Sergio Frutos<\/strong> expuso temas, entre otros, tan interesantes e importantes como las <strong>diferentes configuraciones<\/strong> de los grupos electr\u00f3genos en funci\u00f3n de las aplicaciones, <strong>las unidades de control <\/strong>con centrales DEEP SEA y el funcionamiento de los cuadros de transferencia \u00f3 conmutaci\u00f3n.<\/p>\n<p>Para entender m\u00e1s a fondo una parte fundamental de los generadores, como es el <strong>motor<\/strong>, contamos con la colaboraci\u00f3n de nuestros proveedores de <strong>motores<\/strong> <strong>KOHLER, FPT y VOLVO PENTA.<\/strong><\/p>\n<h3>VISITA CULTURAL POR LA CIUDAD DE MURCIA<\/h3>\n<p>Una vez concluidas las Jornadas de Formaci\u00f3n, dentro del programa hubo lugar tambi\u00e9n para disfrutar de nuestra hermosa ciudad de Murcia y su extraordinario clima.<\/p>\n<div id='gallery-1' class='gallery galleryid-5154 gallery-columns-2 gallery-size-medium'><figure class='gallery-item'>\n\t\t\t<div class='gallery-icon landscape'>\n\t\t\t\t<img decoding=\"async\" width=\"300\" height=\"211\" data-src=\"https:\/\/www.inmesol.com\/wp-content\/uploads\/2016\/11\/3_inmesol-celebra-xx-aniversario-aseamac-300x211.jpg\" class=\"attachment-medium size-medium lazyload\" alt=\"\" data-srcset=\"https:\/\/www.inmesol.com\/wp-content\/uploads\/2016\/11\/3_inmesol-celebra-xx-aniversario-aseamac-300x211.jpg 300w, https:\/\/www.inmesol.com\/wp-content\/uploads\/2016\/11\/3_inmesol-celebra-xx-aniversario-aseamac.jpg 640w\" data-sizes=\"auto\" title=\"\" src=\"data:image\/svg+xml;base64,PHN2ZyB3aWR0aD0iMSIgaGVpZ2h0PSIxIiB4bWxucz0iaHR0cDovL3d3dy53My5vcmcvMjAwMC9zdmciPjwvc3ZnPg==\" style=\"--smush-placeholder-width: 300px; --smush-placeholder-aspect-ratio: 300\/211;\" data-original-sizes=\"(max-width: 300px) 100vw, 300px\">\n\t\t\t<\/div><\/figure><figure class='gallery-item'>\n\t\t\t<div class='gallery-icon landscape'>\n\t\t\t\t<img decoding=\"async\" width=\"300\" height=\"211\" data-src=\"https:\/\/www.inmesol.com\/wp-content\/uploads\/2016\/11\/2_inmesol-celebra-xx-aniversario-aseamac-300x211.jpg\" class=\"attachment-medium size-medium lazyload\" alt=\"\" data-srcset=\"https:\/\/www.inmesol.com\/wp-content\/uploads\/2016\/11\/2_inmesol-celebra-xx-aniversario-aseamac-300x211.jpg 300w, https:\/\/www.inmesol.com\/wp-content\/uploads\/2016\/11\/2_inmesol-celebra-xx-aniversario-aseamac.jpg 640w\" data-sizes=\"auto\" title=\"\" src=\"data:image\/svg+xml;base64,PHN2ZyB3aWR0aD0iMSIgaGVpZ2h0PSIxIiB4bWxucz0iaHR0cDovL3d3dy53My5vcmcvMjAwMC9zdmciPjwvc3ZnPg==\" style=\"--smush-placeholder-width: 300px; --smush-placeholder-aspect-ratio: 300\/211;\" data-original-sizes=\"(max-width: 300px) 100vw, 300px\">\n\t\t\t<\/div><\/figure>\n\t\t<\/div>\n\n<h3>ENTREGA DE DIPLOMAS<\/h3>\n<p><strong>Jose Luis<\/strong><strong> Solano Ba\u00f1o, presidente fundador de INMESOL<\/strong>, comparti\u00f3 con los participantes una tradicional comida con productos murcianos y aprovech\u00f3 la oportunidad para agradecer a todos la visita e <strong>inter\u00e9s<\/strong> mostrado por\u00a0 nuestros productos y\u00a0 nuestra organizaci\u00f3n.<\/p>\n<p>Tras disfrutar de la gastronom\u00eda murciana, se produjo la entrega de diplomas por parte del presidente a cada uno de los participantes.<\/p>\n","protected":false},"excerpt":{"rendered":"<p>Por segundo a\u00f1o consecutivo, del 19 al 23 de septiembre, se celebraron en INMESOL las 2\u00aa Jornadas T\u00e9cnicas dirigidas a nuestros distribuidores de Latinoam\u00e9rica.<\/p>\n","protected":false},"author":2,"featured_media":5170,"comment_status":"open","ping_status":"closed","sticky":false,"template":"","format":"standard","meta":{"inline_featured_image":false,"footnotes":""},"categories":[17,26,32],"tags":[],"categorias-smart-power-":[],"paises-":[],"class_list":["post-5154","post","type-post","status-publish","format-standard","has-post-thumbnail","hentry","category-corporativo","category-distribuidores","category-espanol"],"_links":{"self":[{"href":"https:\/\/www.inmesol.com\/fr\/wp-json\/wp\/v2\/posts\/5154","targetHints":{"allow":["GET"]}}],"collection":[{"href":"https:\/\/www.inmesol.com\/fr\/wp-json\/wp\/v2\/posts"}],"about":[{"href":"https:\/\/www.inmesol.com\/fr\/wp-json\/wp\/v2\/types\/post"}],"author":[{"embeddable":true,"href":"https:\/\/www.inmesol.com\/fr\/wp-json\/wp\/v2\/users\/2"}],"replies":[{"embeddable":true,"href":"https:\/\/www.inmesol.com\/fr\/wp-json\/wp\/v2\/comments?post=5154"}],"version-history":[{"count":0,"href":"https:\/\/www.inmesol.com\/fr\/wp-json\/wp\/v2\/posts\/5154\/revisions"}],"wp:featuredmedia":[{"embeddable":true,"href":"https:\/\/www.inmesol.com\/fr\/wp-json\/"}],"wp:attachment":[{"href":"https:\/\/www.inmesol.com\/fr\/wp-json\/wp\/v2\/media?parent=5154"}],"wp:term":[{"taxonomy":"category","embeddable":true,"href":"https:\/\/www.inmesol.com\/fr\/wp-json\/wp\/v2\/categories?post=5154"},{"taxonomy":"post_tag","embeddable":true,"href":"https:\/\/www.inmesol.com\/fr\/wp-json\/wp\/v2\/tags?post=5154"},{"taxonomy":"categorias-smart-power-","embeddable":true,"href":"https:\/\/www.inmesol.com\/fr\/wp-json\/wp\/v2\/categorias-smart-power-?post=5154"},{"taxonomy":"paises-","embeddable":true,"href":"https:\/\/www.inmesol.com\/fr\/wp-json\/wp\/v2\/paises-?post=5154"}],"curies":[{"name":"wp","href":"https:\/\/api.w.org\/{rel}","templated":true}]}}