{"id":5217,"date":"2016-11-15T11:12:33","date_gmt":"2016-11-15T10:12:33","guid":{"rendered":"http:\/\/www.inmesol.es\/blog\/?p=5217"},"modified":"2025-01-08T18:27:04","modified_gmt":"2025-01-08T18:27:04","slug":"inmesol-celebra-xx-aniversario-aseamac","status":"publish","type":"post","link":"https:\/\/www.inmesol.com\/fr\/blog\/inmesol-celebra-xx-aniversario-aseamac\/","title":{"rendered":"Inmesol celebra el XX ANIVERSARIO de ASEAMAC"},"content":{"rendered":"<p style=\"text-align: center;\"><img fetchpriority=\"high\" decoding=\"async\" class=\"aligncenter size-large wp-image-5065\" src=\"\/wp-content\/uploads\/2016\/11\/inmesol-celebra-xx-aniversario-aseamac.jpg\" alt=\"Inmesol, miembro de ASEAMAC\" width=\"640\" height=\"200\" title=\"\" srcset=\"https:\/\/www.inmesol.com\/wp-content\/uploads\/2016\/11\/inmesol-celebra-xx-aniversario-aseamac.jpg 640w, https:\/\/www.inmesol.com\/wp-content\/uploads\/2016\/11\/inmesol-celebra-xx-aniversario-aseamac-300x94.jpg 300w\" sizes=\"(max-width: 640px) 100vw, 640px\"><\/p>\n<p>La <strong>Asociaci\u00f3n<\/strong><strong> espa\u00f1ola de alquiladores de maquinaria<\/strong>, <strong>ASEAMAC<\/strong>, ha cumplido 20 a\u00f1os de actividad e <strong>INMESOL, <\/strong>como <em><u>miembro<\/u><\/em>, ha sido part\u00edcipe de esta celebraci\u00f3n.<\/p>\n<figure id=\"attachment_5212\" aria-describedby=\"caption-attachment-5212\" style=\"width: 640px\" class=\"wp-caption aligncenter\"><img decoding=\"async\" class=\"size-large wp-image-5212 lazyload\" data-src=\"\/wp-content\/uploads\/2016\/11\/1_inmesol-celebra-xx-aniversario-aseamac.jpg\" alt=\"De izquierda a derecha: Joaqu\u00edn Cazorla (Dpto. Ventas Nacional de INMESOL), Jordi Torres (miembro de la Junta Directiva de ASEAMAC) e Ignacio Morell (Dpto. Ventas Nacional de INMESOL)\" width=\"640\" height=\"450\" title=\"\" src=\"data:image\/svg+xml;base64,PHN2ZyB3aWR0aD0iMSIgaGVpZ2h0PSIxIiB4bWxucz0iaHR0cDovL3d3dy53My5vcmcvMjAwMC9zdmciPjwvc3ZnPg==\" style=\"--smush-placeholder-width: 640px; --smush-placeholder-aspect-ratio: 640\/450;\" data-srcset=\"https:\/\/www.inmesol.com\/wp-content\/uploads\/2016\/11\/1_inmesol-celebra-xx-aniversario-aseamac.jpg 640w, https:\/\/www.inmesol.com\/wp-content\/uploads\/2016\/11\/1_inmesol-celebra-xx-aniversario-aseamac-300x211.jpg 300w\" data-sizes=\"auto\" data-original-sizes=\"(max-width: 640px) 100vw, 640px\"><figcaption id=\"caption-attachment-5212\" class=\"wp-caption-text\">De izquierda a derecha: Joaqu\u00edn Cazorla (Dpto. Ventas Nacional de INMESOL), Jordi Torres (miembro de la Junta Directiva de ASEAMAC) e Ignacio Morell (Dpto. Ventas Nacional de INMESOL)<\/figcaption><\/figure>\n<p>El pasado 4 de Noviembre, <strong>ASEAMAC<\/strong> con motivo de la celebraci\u00f3n de su <strong>XX Aniversario<\/strong>, organiz\u00f3 una serie de actos que culmin\u00f3 con una <strong>Cena de Gala<\/strong> en el hist\u00f3rico <strong>Casino de Madrid.<\/strong><\/p>\n<p style=\"text-align: center;\"><img decoding=\"async\" class=\"aligncenter size-large wp-image-5214 lazyload\" data-src=\"\/wp-content\/uploads\/2016\/11\/2_inmesol-celebra-xx-aniversario-aseamac.jpg\" alt=\"ASEAMAC XX Aniversario\" width=\"640\" height=\"450\" title=\"\" src=\"data:image\/svg+xml;base64,PHN2ZyB3aWR0aD0iMSIgaGVpZ2h0PSIxIiB4bWxucz0iaHR0cDovL3d3dy53My5vcmcvMjAwMC9zdmciPjwvc3ZnPg==\" style=\"--smush-placeholder-width: 640px; --smush-placeholder-aspect-ratio: 640\/450;\" data-srcset=\"https:\/\/www.inmesol.com\/wp-content\/uploads\/2016\/11\/2_inmesol-celebra-xx-aniversario-aseamac.jpg 640w, https:\/\/www.inmesol.com\/wp-content\/uploads\/2016\/11\/2_inmesol-celebra-xx-aniversario-aseamac-300x211.jpg 300w\" data-sizes=\"auto\" data-original-sizes=\"(max-width: 640px) 100vw, 640px\"><\/p>\n<p>Este distinguido evento, se convirti\u00f3 en punto de encuentro de <strong>miembros de la Junta Directiva<\/strong>, <strong>asociados<\/strong>, <strong>fabricantes de maquinaria<\/strong> y representantes de diferentes <strong>instituciones p\u00fablicas<\/strong>, donde tuvieron la oportunidad de intercambiar impresiones de una forma distendida.<\/p>\n<p style=\"text-align: center;\"><img decoding=\"async\" class=\"aligncenter size-large wp-image-5215 lazyload\" data-src=\"\/wp-content\/uploads\/2016\/11\/3_inmesol-celebra-xx-aniversario-aseamac.jpg\" alt=\"ASEAMAC XX Aniversario Cena de Gala Casino de Madrid\" width=\"640\" height=\"450\" title=\"\" src=\"data:image\/svg+xml;base64,PHN2ZyB3aWR0aD0iMSIgaGVpZ2h0PSIxIiB4bWxucz0iaHR0cDovL3d3dy53My5vcmcvMjAwMC9zdmciPjwvc3ZnPg==\" style=\"--smush-placeholder-width: 640px; --smush-placeholder-aspect-ratio: 640\/450;\" data-srcset=\"https:\/\/www.inmesol.com\/wp-content\/uploads\/2016\/11\/3_inmesol-celebra-xx-aniversario-aseamac.jpg 640w, https:\/\/www.inmesol.com\/wp-content\/uploads\/2016\/11\/3_inmesol-celebra-xx-aniversario-aseamac-300x211.jpg 300w\" data-sizes=\"auto\" data-original-sizes=\"(max-width: 640px) 100vw, 640px\"><\/p>\n<p>Momentos antes de la cena, tuvo lugar una <strong>Asamblea General<\/strong>, donde el <strong>presidente de ASEAMAC<\/strong>, <strong>Juan Jos\u00e9 Torres<\/strong>, hizo un recorrido por la <strong>trayectoria <\/strong>de la Asociaci\u00f3n desde sus inicios, destacando la situaci\u00f3n de <strong>progreso actual<\/strong>, con un incremento de 7 a 50 miembros en un periodo de 4 a\u00f1os.<\/p>\n<figure id=\"attachment_5216\" aria-describedby=\"caption-attachment-5216\" style=\"width: 640px\" class=\"wp-caption aligncenter\"><img decoding=\"async\" class=\"size-large wp-image-5216 lazyload\" data-src=\"\/wp-content\/uploads\/2016\/11\/4_inmesol-celebra-xx-aniversario-aseamac.jpg\" alt=\"Foto de grupo de los asistentes a la celebraci\u00f3n XX Aniversario ASEAMAC\" width=\"640\" height=\"450\" title=\"\" src=\"data:image\/svg+xml;base64,PHN2ZyB3aWR0aD0iMSIgaGVpZ2h0PSIxIiB4bWxucz0iaHR0cDovL3d3dy53My5vcmcvMjAwMC9zdmciPjwvc3ZnPg==\" style=\"--smush-placeholder-width: 640px; --smush-placeholder-aspect-ratio: 640\/450;\" data-srcset=\"https:\/\/www.inmesol.com\/wp-content\/uploads\/2016\/11\/4_inmesol-celebra-xx-aniversario-aseamac.jpg 640w, https:\/\/www.inmesol.com\/wp-content\/uploads\/2016\/11\/4_inmesol-celebra-xx-aniversario-aseamac-300x211.jpg 300w\" data-sizes=\"auto\" data-original-sizes=\"(max-width: 640px) 100vw, 640px\"><figcaption id=\"caption-attachment-5216\" class=\"wp-caption-text\">Foto de grupo de los asistentes a la celebraci\u00f3n XX Aniversario ASEAMAC<\/figcaption><\/figure>\n","protected":false},"excerpt":{"rendered":"<p>La Asociaci\u00f3n espa\u00f1ola de alquiladores de maquinaria, ASEAMAC, ha cumplido 20 a\u00f1os de actividad e INMESOL, como miembro, ha sido part\u00edcipe de esta celebraci\u00f3n.<\/p>\n","protected":false},"author":2,"featured_media":5213,"comment_status":"open","ping_status":"closed","sticky":false,"template":"","format":"standard","meta":{"inline_featured_image":false,"footnotes":""},"categories":[17,19,32],"tags":[],"categorias-smart-power-":[],"paises-":[],"class_list":["post-5217","post","type-post","status-publish","format-standard","has-post-thumbnail","hentry","category-corporativo","category-ferias-eventos","category-espanol"],"_links":{"self":[{"href":"https:\/\/www.inmesol.com\/fr\/wp-json\/wp\/v2\/posts\/5217","targetHints":{"allow":["GET"]}}],"collection":[{"href":"https:\/\/www.inmesol.com\/fr\/wp-json\/wp\/v2\/posts"}],"about":[{"href":"https:\/\/www.inmesol.com\/fr\/wp-json\/wp\/v2\/types\/post"}],"author":[{"embeddable":true,"href":"https:\/\/www.inmesol.com\/fr\/wp-json\/wp\/v2\/users\/2"}],"replies":[{"embeddable":true,"href":"https:\/\/www.inmesol.com\/fr\/wp-json\/wp\/v2\/comments?post=5217"}],"version-history":[{"count":0,"href":"https:\/\/www.inmesol.com\/fr\/wp-json\/wp\/v2\/posts\/5217\/revisions"}],"wp:featuredmedia":[{"embeddable":true,"href":"https:\/\/www.inmesol.com\/fr\/wp-json\/"}],"wp:attachment":[{"href":"https:\/\/www.inmesol.com\/fr\/wp-json\/wp\/v2\/media?parent=5217"}],"wp:term":[{"taxonomy":"category","embeddable":true,"href":"https:\/\/www.inmesol.com\/fr\/wp-json\/wp\/v2\/categories?post=5217"},{"taxonomy":"post_tag","embeddable":true,"href":"https:\/\/www.inmesol.com\/fr\/wp-json\/wp\/v2\/tags?post=5217"},{"taxonomy":"categorias-smart-power-","embeddable":true,"href":"https:\/\/www.inmesol.com\/fr\/wp-json\/wp\/v2\/categorias-smart-power-?post=5217"},{"taxonomy":"paises-","embeddable":true,"href":"https:\/\/www.inmesol.com\/fr\/wp-json\/wp\/v2\/paises-?post=5217"}],"curies":[{"name":"wp","href":"https:\/\/api.w.org\/{rel}","templated":true}]}}