{"id":5253,"date":"2016-11-29T10:38:27","date_gmt":"2016-11-29T09:38:27","guid":{"rendered":"http:\/\/www.inmesol.es\/blog\/?p=5253"},"modified":"2023-06-21T14:23:17","modified_gmt":"2023-06-21T14:23:17","slug":"hospital-republica-dominicana-ya-cuenta-dos-plantas-electricas-inmesol","status":"publish","type":"post","link":"https:\/\/www.inmesol.com\/fr\/blog\/hospital-republica-dominicana-ya-cuenta-dos-plantas-electricas-inmesol\/","title":{"rendered":"Hospital en REP\u00daBLICA DOMINICANA ya cuenta con dos plantas el\u00e9ctricas INMESOL"},"content":{"rendered":"<h3>El <strong>HOSPITAL LAS COLINAS<\/strong> adquiri\u00f3 hace unos meses estas dos&nbsp;plantas el\u00e9ctricas de 1010 kVA LTP a trav\u00e9s de nuestro distribuidor <strong>FERRETER\u00cdA OCHOA, S.A<\/strong><\/h3>\n<p>En <strong>Santiago de los Caballeros<\/strong>, segunda ciudad m\u00e1s importante de la <strong>Rep\u00fablica<\/strong><strong> Dominicana<\/strong>, despu\u00e9s de Santo Domingo, acaba de construirse el <strong>Hospital General Las Colinas<\/strong>.<\/p>\n<p>En el s\u00f3tano del hospital, se han instalado dos plantas el\u00e9ctricas de 1010 kVA (808kW) de potencia LTP, con funcionamiento en <strong>paralelo,<\/strong> en <strong>emergencia y sincronizados con la red<\/strong>.<\/p>\n<p>Estos mismos equipos fueron descritos antes de salir de las instalaciones de INMESOL en el post <em>\u201c<strong><u><a href=\"http:\/\/www.inmesol.es\/blog\/grupos-electrogenos-en-paralelo-potencia-y-eficacia-integradas-en-un-unico-sistema\" target=\"_blank\" rel=\"noopener\">Grupos electr\u00f3genos en paralelo: potencia y eficacia integradas en un \u00fanico sistema<\/a>\u201d<\/u><\/strong><\/em>, donde se explica con detalle el funcionamiento del sistema.<\/p>\n<figure id=\"attachment_5252\" aria-describedby=\"caption-attachment-5252\" style=\"width: 640px\" class=\"wp-caption aligncenter\"><img fetchpriority=\"high\" decoding=\"async\" class=\"size-large wp-image-5252\" src=\"\/wp-content\/uploads\/2016\/11\/hospital-republica-dominicana-ya-cuenta-dos-plantas-electricas-inmesol.jpg\" alt=\"Las dos plantas el\u00e9ctricas de 1010 KVA LTP reci\u00e9n instaladas en el s\u00f3tano del Hospital Central Las Colinas\" width=\"640\" height=\"400\" title=\"\" srcset=\"https:\/\/www.inmesol.com\/wp-content\/uploads\/2016\/11\/hospital-republica-dominicana-ya-cuenta-dos-plantas-electricas-inmesol.jpg 640w, https:\/\/www.inmesol.com\/wp-content\/uploads\/2016\/11\/hospital-republica-dominicana-ya-cuenta-dos-plantas-electricas-inmesol-300x188.jpg 300w\" sizes=\"(max-width: 640px) 100vw, 640px\"><figcaption id=\"caption-attachment-5252\" class=\"wp-caption-text\">Las dos plantas el\u00e9ctricas de 1010 KVA LTP reci\u00e9n instaladas en el s\u00f3tano del Hospital Central Las Colinas<\/figcaption><\/figure>\n<p>Las plantas el\u00e9ctricas \u00f3 generadores, han sido conectadas a las cargas m\u00e1s <strong>cr\u00edticas<\/strong> del hospital, quir\u00f3fanos, urgencias, iluminaci\u00f3n, etc. donde el suministro el\u00e9ctrico queda <strong>garantizado<\/strong>.<\/p>\n<figure id=\"attachment_5251\" aria-describedby=\"caption-attachment-5251\" style=\"width: 640px\" class=\"wp-caption aligncenter\"><img decoding=\"async\" class=\"size-large wp-image-5251 lazyload\" data-src=\"\/wp-content\/uploads\/2016\/11\/1_hospital-republica-dominicana-ya-cuenta-dos-plantas-electricas-inmesol.jpg\" alt=\"Directores t\u00e9cnicos de obra, t\u00e9cnicos de mantenimiento del hospital, t\u00e9cnicos instaladores y t\u00e9cnicos comerciales tras la instalaci\u00f3n y puesta en marcha de las plantas el\u00e9ctricas\" width=\"640\" height=\"450\" title=\"\" src=\"data:image\/svg+xml;base64,PHN2ZyB3aWR0aD0iMSIgaGVpZ2h0PSIxIiB4bWxucz0iaHR0cDovL3d3dy53My5vcmcvMjAwMC9zdmciPjwvc3ZnPg==\" style=\"--smush-placeholder-width: 640px; --smush-placeholder-aspect-ratio: 640\/450;\" data-srcset=\"https:\/\/www.inmesol.com\/wp-content\/uploads\/2016\/11\/1_hospital-republica-dominicana-ya-cuenta-dos-plantas-electricas-inmesol.jpg 640w, https:\/\/www.inmesol.com\/wp-content\/uploads\/2016\/11\/1_hospital-republica-dominicana-ya-cuenta-dos-plantas-electricas-inmesol-300x211.jpg 300w\" data-sizes=\"auto\" data-original-sizes=\"(max-width: 640px) 100vw, 640px\"><figcaption id=\"caption-attachment-5251\" class=\"wp-caption-text\">Directores t\u00e9cnicos de obra, t\u00e9cnicos de mantenimiento del hospital, t\u00e9cnicos instaladores y t\u00e9cnicos comerciales tras la instalaci\u00f3n y puesta en marcha de las plantas el\u00e9ctricas<\/figcaption><\/figure>\n<p>El Hospital General Las Colinas, proyecto promovido por <strong>UNITED TELEMEDICINE NETWORK,<\/strong> es un <strong>moderno<\/strong> centro sanitario de <strong>alto nivel, <\/strong>dotado de la \u00faltima <strong>tecnolog\u00eda<\/strong> y ubicado estrat\u00e9gicamente en un \u00e1rea en pleno proceso de desarrollo, junto a uno de los Centros comerciales m\u00e1s importantes de la zona: Las Colinas.<\/p>\n<p>Su puesta en marcha aliviar\u00e1 la <strong>demanda de servicios de salud<\/strong> requerida por la alta densidad de poblaci\u00f3n de la zona.<\/p>\n<div class=\"video-responsive\"><iframe src=\"https:\/\/www.youtube.com\/embed\/JX_af0B1uks\" width=\"640\" height=\"360\" frameborder=\"0\" allowfullscreen=\"allowfullscreen\"><\/iframe><\/div>\n<p>Cuenta con un \u00e1rea construida de 15000 m2 distribuidos en un edificio de <strong>6 plantas y un s\u00f3tano<\/strong>, con capacidad para <strong>55 consultorios m\u00e9dicos, 6 quir\u00f3fanos, 104 camas, \u00e1rea de emergencias y 1000 estacionamientos privados<\/strong>.<\/p>\n<p style=\"text-align: center;\"><img decoding=\"async\" class=\"aligncenter size-large wp-image-5250 lazyload\" data-src=\"\/wp-content\/uploads\/2016\/11\/2_hospital-republica-dominicana-ya-cuenta-dos-plantas-electricas-inmesol.jpg\" alt=\"Hospital Las Colinas\" width=\"640\" height=\"278\" title=\"\" src=\"data:image\/svg+xml;base64,PHN2ZyB3aWR0aD0iMSIgaGVpZ2h0PSIxIiB4bWxucz0iaHR0cDovL3d3dy53My5vcmcvMjAwMC9zdmciPjwvc3ZnPg==\" style=\"--smush-placeholder-width: 640px; --smush-placeholder-aspect-ratio: 640\/278;\" data-srcset=\"https:\/\/www.inmesol.com\/wp-content\/uploads\/2016\/11\/2_hospital-republica-dominicana-ya-cuenta-dos-plantas-electricas-inmesol.jpg 640w, https:\/\/www.inmesol.com\/wp-content\/uploads\/2016\/11\/2_hospital-republica-dominicana-ya-cuenta-dos-plantas-electricas-inmesol-300x130.jpg 300w\" data-sizes=\"auto\" data-original-sizes=\"(max-width: 640px) 100vw, 640px\"><\/p>\n<p>Actualmente est\u00e1n operativas las secciones de <strong>URGENCIAS, RAYOS X y la unidad de ONCOLOG\u00cdA<\/strong>. Progresivamente se ir\u00e1n habilitando el resto de servicios del hospital.<\/p>\n<p>Su <strong>inauguraci\u00f3n oficial<\/strong> est\u00e1 prevista para <strong>principios del 2017<\/strong>.<\/p>\n<h3><strong>Datos de contacto del distribuidor de INMESOL en Rep\u00fablica Dominicana:<\/strong><\/h3>\n<p><strong>FERRETER\u00cdA OCHOA<\/strong><\/p>\n<p><strong>AV. IMBERT N\u00ba 53, C.P 51000 SANTIAGO<\/strong><\/p>\n<p><strong>REPUBLICA DOMINICANA<\/strong><\/p>\n<p><strong>TEL.- +809 971 8000<\/strong><\/p>\n<p><strong>estarlinsalcedo@ochoa.com.do<\/strong><\/p>\n","protected":false},"excerpt":{"rendered":"<p>El HOSPITAL LAS COLINAS adquiri\u00f3 hace unos meses estas dos plantas el\u00e9ctricas de 1010 kVA LTP a trav\u00e9s de nuestro distribuidor FERRETER\u00cdA OCHOA, S.A.<\/p>\n","protected":false},"author":2,"featured_media":5249,"comment_status":"open","ping_status":"closed","sticky":false,"template":"","format":"standard","meta":{"inline_featured_image":false,"footnotes":""},"categories":[21,26,32,58],"tags":[],"categorias-smart-power-":[],"paises-":[61],"class_list":["post-5253","post","type-post","status-publish","format-standard","has-post-thumbnail","hentry","category-grupos-electrogenos","category-distribuidores","category-espanol","category-casos-de-exito","paises--america"],"_links":{"self":[{"href":"https:\/\/www.inmesol.com\/fr\/wp-json\/wp\/v2\/posts\/5253","targetHints":{"allow":["GET"]}}],"collection":[{"href":"https:\/\/www.inmesol.com\/fr\/wp-json\/wp\/v2\/posts"}],"about":[{"href":"https:\/\/www.inmesol.com\/fr\/wp-json\/wp\/v2\/types\/post"}],"author":[{"embeddable":true,"href":"https:\/\/www.inmesol.com\/fr\/wp-json\/wp\/v2\/users\/2"}],"replies":[{"embeddable":true,"href":"https:\/\/www.inmesol.com\/fr\/wp-json\/wp\/v2\/comments?post=5253"}],"version-history":[{"count":0,"href":"https:\/\/www.inmesol.com\/fr\/wp-json\/wp\/v2\/posts\/5253\/revisions"}],"wp:featuredmedia":[{"embeddable":true,"href":"https:\/\/www.inmesol.com\/fr\/wp-json\/"}],"wp:attachment":[{"href":"https:\/\/www.inmesol.com\/fr\/wp-json\/wp\/v2\/media?parent=5253"}],"wp:term":[{"taxonomy":"category","embeddable":true,"href":"https:\/\/www.inmesol.com\/fr\/wp-json\/wp\/v2\/categories?post=5253"},{"taxonomy":"post_tag","embeddable":true,"href":"https:\/\/www.inmesol.com\/fr\/wp-json\/wp\/v2\/tags?post=5253"},{"taxonomy":"categorias-smart-power-","embeddable":true,"href":"https:\/\/www.inmesol.com\/fr\/wp-json\/wp\/v2\/categorias-smart-power-?post=5253"},{"taxonomy":"paises-","embeddable":true,"href":"https:\/\/www.inmesol.com\/fr\/wp-json\/wp\/v2\/paises-?post=5253"}],"curies":[{"name":"wp","href":"https:\/\/api.w.org\/{rel}","templated":true}]}}