{"id":5642,"date":"2017-07-20T09:14:56","date_gmt":"2017-07-20T07:14:56","guid":{"rendered":"http:\/\/www.inmesol.es\/blog\/?p=5642"},"modified":"2023-06-21T10:12:22","modified_gmt":"2023-06-21T10:12:22","slug":"energia-emergencia-inmesol-la-mayor-nevada-registrada-santiago-chile-los-ultimos-10-anos","status":"publish","type":"post","link":"https:\/\/www.inmesol.com\/fr\/blog\/energia-emergencia-inmesol-la-mayor-nevada-registrada-santiago-chile-los-ultimos-10-anos\/","title":{"rendered":"Energ\u00eda en emergencia INMESOL en la mayor nevada registrada en Santiago de Chile en los \u00faltimos 10 a\u00f1os"},"content":{"rendered":"<h4 style=\"text-align: center;\"><strong>\u00a0M\u00e1s de 300.000 hogares quedaron sin suministro el\u00e9ctrico.<\/strong><\/h4>\n<p>Varios <strong>centenares <\/strong>de grupos electr\u00f3genos <strong>INMESOL<\/strong> prestan sus servicios en todo el pa\u00eds de <strong>Chile<\/strong>. Gran parte de estos equipos operan en <strong>emergencia y<\/strong> <strong>aseguran el suministro de energ\u00eda<\/strong> en casos de <strong>fallo de la red el\u00e9ctrica, <\/strong>como el ocurrido el pasado s\u00e1bado como consecuencia de la nevada acusada con <strong>mayor intensidad<\/strong> en la <strong>zona alta<\/strong> de la <strong>ciudad de Santiago<\/strong>.<\/p>\n<figure id=\"attachment_5639\" aria-describedby=\"caption-attachment-5639\" style=\"width: 400px\" class=\"wp-caption aligncenter\"><img fetchpriority=\"high\" decoding=\"async\" class=\"size-full wp-image-5639\" src=\"\/wp-content\/uploads\/2017\/07\/energia-emergencia-inmesol-la-mayor-nevada-registrada-santiago-chile-los-ultimos-10-anos.jpg\" alt=\"Grupo electr\u00f3geno en emergencia IK-033, en la parte trasera de una farmacia, en Santiago de Chile\" width=\"400\" height=\"712\" title=\"\" srcset=\"https:\/\/www.inmesol.com\/wp-content\/uploads\/2017\/07\/energia-emergencia-inmesol-la-mayor-nevada-registrada-santiago-chile-los-ultimos-10-anos.jpg 400w, https:\/\/www.inmesol.com\/wp-content\/uploads\/2017\/07\/energia-emergencia-inmesol-la-mayor-nevada-registrada-santiago-chile-los-ultimos-10-anos-169x300.jpg 169w\" sizes=\"(max-width: 400px) 100vw, 400px\"><figcaption id=\"caption-attachment-5639\" class=\"wp-caption-text\">Grupo electr\u00f3geno en emergencia IK-033, en la parte trasera de una farmacia, en Santiago de Chile<\/figcaption><\/figure>\n<p>No es habitual que en <strong>Santiago de Chile<\/strong> nieve. Sin embargo, como consecuencia de una ola de fr\u00edo polar, el pasado fin de semana, concretamente en la madrugada del s\u00e1bado d\u00eda 15, se produjo una <strong>nevada<\/strong> de tal intensidad que provoc\u00f3 <strong>ca\u00eddas de l\u00edneas el\u00e9ctricas, ca\u00eddas de \u00e1rboles, <\/strong>congestionamiento en el tr\u00e1fico y algunos accidentes transitarios en la ciudad.<\/p>\n<figure id=\"attachment_5641\" aria-describedby=\"caption-attachment-5641\" style=\"width: 640px\" class=\"wp-caption aligncenter\"><img decoding=\"async\" class=\"size-full wp-image-5641 lazyload\" data-src=\"\/wp-content\/uploads\/2017\/07\/1_energia-emergencia-inmesol-la-mayor-nevada-registrada-santiago-chile-los-ultimos-10-anos.jpg\" alt=\"Ciudad de Santiago cubierta de nieve. - Imagen: EPA\" width=\"640\" height=\"450\" title=\"\" src=\"data:image\/svg+xml;base64,PHN2ZyB3aWR0aD0iMSIgaGVpZ2h0PSIxIiB4bWxucz0iaHR0cDovL3d3dy53My5vcmcvMjAwMC9zdmciPjwvc3ZnPg==\" style=\"--smush-placeholder-width: 640px; --smush-placeholder-aspect-ratio: 640\/450;\" data-srcset=\"https:\/\/www.inmesol.com\/wp-content\/uploads\/2017\/07\/1_energia-emergencia-inmesol-la-mayor-nevada-registrada-santiago-chile-los-ultimos-10-anos.jpg 640w, https:\/\/www.inmesol.com\/wp-content\/uploads\/2017\/07\/1_energia-emergencia-inmesol-la-mayor-nevada-registrada-santiago-chile-los-ultimos-10-anos-300x211.jpg 300w\" data-sizes=\"auto\" data-original-sizes=\"(max-width: 640px) 100vw, 640px\"><figcaption id=\"caption-attachment-5641\" class=\"wp-caption-text\">Ciudad de Santiago cubierta de nieve. &#8211; Imagen: EPA<\/figcaption><\/figure>\n<figure id=\"attachment_5640\" aria-describedby=\"caption-attachment-5640\" style=\"width: 640px\" class=\"wp-caption aligncenter\"><img decoding=\"async\" class=\"size-full wp-image-5640 lazyload\" data-src=\"\/wp-content\/uploads\/2017\/07\/2_energia-emergencia-inmesol-la-mayor-nevada-registrada-santiago-chile-los-ultimos-10-anos.jpg\" alt=\"Muchos de los \u00e1rboles no resistieron el peso de la nieve. - Imagen: EPA\" width=\"640\" height=\"450\" title=\"\" src=\"data:image\/svg+xml;base64,PHN2ZyB3aWR0aD0iMSIgaGVpZ2h0PSIxIiB4bWxucz0iaHR0cDovL3d3dy53My5vcmcvMjAwMC9zdmciPjwvc3ZnPg==\" style=\"--smush-placeholder-width: 640px; --smush-placeholder-aspect-ratio: 640\/450;\" data-srcset=\"https:\/\/www.inmesol.com\/wp-content\/uploads\/2017\/07\/2_energia-emergencia-inmesol-la-mayor-nevada-registrada-santiago-chile-los-ultimos-10-anos.jpg 640w, https:\/\/www.inmesol.com\/wp-content\/uploads\/2017\/07\/2_energia-emergencia-inmesol-la-mayor-nevada-registrada-santiago-chile-los-ultimos-10-anos-300x211.jpg 300w\" data-sizes=\"auto\" data-original-sizes=\"(max-width: 640px) 100vw, 640px\"><figcaption id=\"caption-attachment-5640\" class=\"wp-caption-text\">Muchos de los \u00e1rboles no resistieron el peso de la nieve. &#8211; Imagen: EPA<\/figcaption><\/figure>\n<p>Muchas <strong>empresas y hogares<\/strong>, estuvieron provistos de energ\u00eda el\u00e9ctrica gracias a estos generadores de emergencia, y a penas notaron las consecuencias de la <strong>ca\u00edda de los tendidos el\u00e9ctricos <\/strong>y la falta\u00a0 de energ\u00eda el\u00e9ctrica tan necesaria en situaciones donde las temperaturas son especialmente bajas, (hasta ahora el fin de semana m\u00e1s fr\u00edo del a\u00f1o para el pa\u00eds).<\/p>\n<figure id=\"attachment_5638\" aria-describedby=\"caption-attachment-5638\" style=\"width: 580px\" class=\"wp-caption aligncenter\"><img decoding=\"async\" class=\"size-full wp-image-5638 lazyload\" data-src=\"\/wp-content\/uploads\/2017\/07\/3_energia-emergencia-inmesol-la-mayor-nevada-registrada-santiago-chile-los-ultimos-10-anos.jpg\" alt=\"Foto de: Mira Kemppainen\" width=\"580\" height=\"450\" title=\"\" src=\"data:image\/svg+xml;base64,PHN2ZyB3aWR0aD0iMSIgaGVpZ2h0PSIxIiB4bWxucz0iaHR0cDovL3d3dy53My5vcmcvMjAwMC9zdmciPjwvc3ZnPg==\" style=\"--smush-placeholder-width: 580px; --smush-placeholder-aspect-ratio: 580\/450;\" data-srcset=\"https:\/\/www.inmesol.com\/wp-content\/uploads\/2017\/07\/3_energia-emergencia-inmesol-la-mayor-nevada-registrada-santiago-chile-los-ultimos-10-anos.jpg 580w, https:\/\/www.inmesol.com\/wp-content\/uploads\/2017\/07\/3_energia-emergencia-inmesol-la-mayor-nevada-registrada-santiago-chile-los-ultimos-10-anos-300x233.jpg 300w\" data-sizes=\"auto\" data-original-sizes=\"(max-width: 580px) 100vw, 580px\"><figcaption id=\"caption-attachment-5638\" class=\"wp-caption-text\">Foto de: Mira Kemppainen<\/figcaption><\/figure>\n","protected":false},"excerpt":{"rendered":"<p>M\u00e1s de 300000 hogares quedaron sin suministro el\u00e9ctrico. Varios centenares de grupos electr\u00f3genos INMESOL prestan sus servicios en todo el pa\u00eds de Chile. Gran parte de estos equipos operan en emergencia y aseguran el suministro de energ\u00eda en casos de fallo de la red el\u00e9ctrica.<\/p>\n","protected":false},"author":2,"featured_media":5637,"comment_status":"open","ping_status":"closed","sticky":false,"template":"","format":"standard","meta":{"inline_featured_image":false,"footnotes":""},"categories":[21,32],"tags":[23],"categorias-smart-power-":[],"paises-":[],"class_list":["post-5642","post","type-post","status-publish","format-standard","has-post-thumbnail","hentry","category-grupos-electrogenos","category-espanol","tag-grupos-electrogenos-de-emergencia"],"_links":{"self":[{"href":"https:\/\/www.inmesol.com\/fr\/wp-json\/wp\/v2\/posts\/5642","targetHints":{"allow":["GET"]}}],"collection":[{"href":"https:\/\/www.inmesol.com\/fr\/wp-json\/wp\/v2\/posts"}],"about":[{"href":"https:\/\/www.inmesol.com\/fr\/wp-json\/wp\/v2\/types\/post"}],"author":[{"embeddable":true,"href":"https:\/\/www.inmesol.com\/fr\/wp-json\/wp\/v2\/users\/2"}],"replies":[{"embeddable":true,"href":"https:\/\/www.inmesol.com\/fr\/wp-json\/wp\/v2\/comments?post=5642"}],"version-history":[{"count":0,"href":"https:\/\/www.inmesol.com\/fr\/wp-json\/wp\/v2\/posts\/5642\/revisions"}],"wp:featuredmedia":[{"embeddable":true,"href":"https:\/\/www.inmesol.com\/fr\/wp-json\/"}],"wp:attachment":[{"href":"https:\/\/www.inmesol.com\/fr\/wp-json\/wp\/v2\/media?parent=5642"}],"wp:term":[{"taxonomy":"category","embeddable":true,"href":"https:\/\/www.inmesol.com\/fr\/wp-json\/wp\/v2\/categories?post=5642"},{"taxonomy":"post_tag","embeddable":true,"href":"https:\/\/www.inmesol.com\/fr\/wp-json\/wp\/v2\/tags?post=5642"},{"taxonomy":"categorias-smart-power-","embeddable":true,"href":"https:\/\/www.inmesol.com\/fr\/wp-json\/wp\/v2\/categorias-smart-power-?post=5642"},{"taxonomy":"paises-","embeddable":true,"href":"https:\/\/www.inmesol.com\/fr\/wp-json\/wp\/v2\/paises-?post=5642"}],"curies":[{"name":"wp","href":"https:\/\/api.w.org\/{rel}","templated":true}]}}