{"id":6826,"date":"2019-09-27T08:04:54","date_gmt":"2019-09-27T06:04:54","guid":{"rendered":"http:\/\/www.inmesol.es\/blog\/?p=6826"},"modified":"2026-01-21T11:45:01","modified_gmt":"2026-01-21T11:45:01","slug":"desarrollo-continuo-grupos-electrogenos","status":"publish","type":"post","link":"https:\/\/www.inmesol.com\/fr\/blog\/desarrollo-continuo-grupos-electrogenos\/","title":{"rendered":"Desarrollo continuo Inmesol"},"content":{"rendered":"<h2>Inmesol se adapta a los cambios y ofrece \u00f3ptimas soluciones en el sector del alquiler<\/h2>\n<p>Con una <strong>amplia experiencia<\/strong> en dise\u00f1o de equipos que ofrecen <strong>soluciones energ\u00e9ticas<\/strong>, <strong>INMESOL<\/strong> se adapta constantemente a los requerimientos del mercado. Y en particular, el sector del Alquiler, un sector cada vez m\u00e1s profesionalizado, afectado por exigentes normativas de emisiones y en constante crecimiento motivado por el amplio abanico de aplicaciones que se est\u00e1 demandando en la actualidad.<\/p>\n<h3>Los desaf\u00edos nos motivan<\/h3>\n<p>Las <strong>exigentes normativas<\/strong>, as\u00ed como los <strong>especiales requisitos<\/strong> que muchos clientes nos demandan, cada vez m\u00e1s <strong>espec\u00edficos y diferentes<\/strong>, se convierten en <strong>desaf\u00edos <\/strong>que provocan desarrollar soluciones que pueden utilizarse a su vez en otras aplicaciones, y esto origina una <strong>mejora continua<\/strong> en nuestros equipos. El di\u00e1logo constante con nuestros clientes, es la clave para llegar a este punto.<\/p>\n<h3>Grupos electr\u00f3genos con motores Stage V<\/h3>\n<p><img fetchpriority=\"high\" decoding=\"async\" class=\"alignleft size-full wp-image-6827\" src=\"\/wp-content\/uploads\/2019\/09\/desarrollo-continuo-grupos-electrogenos-inmesol.jpg\" alt=\"\" width=\"320\" height=\"380\" title=\"\" srcset=\"https:\/\/www.inmesol.com\/wp-content\/uploads\/2019\/09\/desarrollo-continuo-grupos-electrogenos-inmesol.jpg 320w, https:\/\/www.inmesol.com\/wp-content\/uploads\/2019\/09\/desarrollo-continuo-grupos-electrogenos-inmesol-253x300.jpg 253w\" sizes=\"(max-width: 320px) 100vw, 320px\">La nueva normativa de emisiones de gases <strong>STAGE V<\/strong> que afectan a los motores y por ende a los grupos electr\u00f3genos, est\u00e1 provocando el desarrollo de <strong>motores<\/strong> que incorporan multitud de <strong>accesorios <\/strong>necesarios para cumplir las exigencias que marca la normativa UE 2016\/1628. Estos accesorios, ocupan un espacio extra que debe de tenerse en cuenta para ser incorporados en la carrocer\u00eda que alberga al grupo electr\u00f3geno, por tanto se requiere de <strong>nuevos dise\u00f1os<\/strong> de grupos electr\u00f3genos. Desde este punto de vista, INMESOL est\u00e1 trabajando ingeniosamente para adaptar sus carrocer\u00edas a los nuevos motores con sus accesorios, con el objetivo de seguir conservando las dimensiones \u00f3ptimas para <strong>economizar el transporte<\/strong> de varias unidades, igual que sus predecesores.<\/p>\n<p>La pre-serie de 40 y 60 KVA y los prototipos de mayores potencias desarrollados hasta ahora, con el nuevo dise\u00f1o resultan ser con respecto a sus antecesores modelos, generadores con <strong>inferiores emisiones sonoras<\/strong>, con una <strong>temperatura <\/strong>en el interior de la carrocer\u00eda m\u00e1s <strong>baja <\/strong>\u00a0reduci\u00e9ndose enormemente alguna posibilidad de calentamiento, incluso en ambientes tropicales, y por su puesto, equipos con <strong>niveles de emisiones de gases muy reducidos.<\/strong><\/p>\n<h3>Grupos duales 50-60 HZ<\/h3>\n<p>Los grupos del sector del <strong>alquiler<\/strong> se caracterizan por su <strong>versatilidad<\/strong> para poder ser usados en diferentes aplicaciones con diferentes caracter\u00edsticas. Uno de los \u00faltimos requerimientos m\u00e1s demandados son los <strong>grupos electr\u00f3genos duales 50-60HZ, y diferentes voltajes.<\/strong><\/p>\n<p>Aplicaciones t\u00edpicas como en los puertos donde las embarcaciones suelen demandar diferentes sistemas de frecuencia y voltaje. Un grupo con estas caracter\u00edsticas puede dar servicio a las <strong>distintas situaciones<\/strong> que puedan presentarse.<\/p>\n<h3>Torres de iluminaci\u00f3n: IT06<\/h3>\n<p>El \u00faltimo desarrollo de torre de iluminaci\u00f3n desarrollado por INMESOL, el modelo IT-06, tambi\u00e9n ha sido provocado por la demanda de clientes del <strong>sector del alquiler<\/strong>. Los requisitos demandados se basaban en una torre de iluminaci\u00f3n:<\/p>\n<ul>\n<li><strong>Compacta, estable, ligera y de f\u00e1cil instalaci\u00f3n y uso<\/strong>.<\/li>\n<li>Con focos de tecnolog\u00eda <strong>led<\/strong>.<\/li>\n<li><strong>Conectable a cualquier fuente de alimentaci\u00f3n<\/strong> que est\u00e9 disponible en diferentes aplicaciones o situaciones<\/li>\n<li>De uso tanto en <strong>interior<\/strong> como en <strong>exterior<\/strong>, sin preocuparse de emisiones de gases o sonoras.<\/li>\n<li>Con un volumen y medidas <strong>optimizadas<\/strong> (base con las medidas de un <strong>palet)<\/strong> para facilitar el transporte de varias unidades.<\/li>\n<li>Conectable en serie con m\u00e1s unidades para <strong>aumentar los l\u00famenes<\/strong> en caso necesario (hasta 12 unidades)<\/li>\n<\/ul>\n<figure id=\"attachment_6830\" aria-describedby=\"caption-attachment-6830\" style=\"width: 700px\" class=\"wp-caption aligncenter\"><img decoding=\"async\" class=\"size-full wp-image-6830 lazyload\" data-src=\"\/wp-content\/uploads\/2019\/09\/1_desarrollo-continuo-grupos-electrogenos-inmesol.jpg\" alt=\"TORRE DE ILUMINACI\u00d3N IT06 \" width=\"700\" height=\"431\" title=\"\" src=\"data:image\/svg+xml;base64,PHN2ZyB3aWR0aD0iMSIgaGVpZ2h0PSIxIiB4bWxucz0iaHR0cDovL3d3dy53My5vcmcvMjAwMC9zdmciPjwvc3ZnPg==\" style=\"--smush-placeholder-width: 700px; --smush-placeholder-aspect-ratio: 700\/431;\" data-srcset=\"https:\/\/www.inmesol.com\/wp-content\/uploads\/2019\/09\/1_desarrollo-continuo-grupos-electrogenos-inmesol.jpg 700w, https:\/\/www.inmesol.com\/wp-content\/uploads\/2019\/09\/1_desarrollo-continuo-grupos-electrogenos-inmesol-300x185.jpg 300w\" data-sizes=\"auto\" data-original-sizes=\"(max-width: 700px) 100vw, 700px\"><figcaption id=\"caption-attachment-6830\" class=\"wp-caption-text\"><em>TORRE DE ILUMINACI\u00d3N IT06<\/em><\/figcaption><\/figure>\n<h3>GRUPOS ELECTR\u00d3GENOS RENTAL ULTRASILENCIOSOS: 50 dB(A)<\/h3>\n<p>El sector del alquiler demanda grupos electr\u00f3genos cada vez <strong>m\u00e1s silenciosos<\/strong>.<\/p>\n<p><strong>INMESOL<\/strong>, desde sus inicios trabaja constantemente en el <strong>dise\u00f1o<\/strong> y uso de la \u00faltima tecnolog\u00eda en <strong>materiales de insonorizaci\u00f3n<\/strong> para conseguir reducir al m\u00e1ximo las emisiones sonoras que, el motor produce durante su funcionamiento.<\/p>\n<p>La \u00faltima carrocer\u00eda <strong>especial<\/strong> dise\u00f1ada para grupos electr\u00f3genos rental que alberga generadores desde <strong>85 kVA hasta 130 kVA<\/strong> PRP <u>ha tenido gran acogida entre nuestros clientes<\/u>. Gracias a su dise\u00f1o, seg\u00fan la potencia del generador en su interior, se ha conseguido reducir las emisiones sonoras de 60-64 dB(A) hasta <strong>50 dB(A) @ 7m y 75% de carga.<\/strong><\/p>\n<figure id=\"attachment_6831\" aria-describedby=\"caption-attachment-6831\" style=\"width: 700px\" class=\"wp-caption aligncenter\"><img decoding=\"async\" class=\"size-full wp-image-6831 lazyload\" data-src=\"\/wp-content\/uploads\/2019\/09\/2_desarrollo-continuo-grupos-electrogenos-inmesol.jpg\" alt=\"\" width=\"700\" height=\"525\" title=\"\" src=\"data:image\/svg+xml;base64,PHN2ZyB3aWR0aD0iMSIgaGVpZ2h0PSIxIiB4bWxucz0iaHR0cDovL3d3dy53My5vcmcvMjAwMC9zdmciPjwvc3ZnPg==\" style=\"--smush-placeholder-width: 700px; --smush-placeholder-aspect-ratio: 700\/525;\" data-srcset=\"https:\/\/www.inmesol.com\/wp-content\/uploads\/2019\/09\/2_desarrollo-continuo-grupos-electrogenos-inmesol.jpg 700w, https:\/\/www.inmesol.com\/wp-content\/uploads\/2019\/09\/2_desarrollo-continuo-grupos-electrogenos-inmesol-300x225.jpg 300w\" data-sizes=\"auto\" data-original-sizes=\"(max-width: 700px) 100vw, 700px\"><figcaption id=\"caption-attachment-6831\" class=\"wp-caption-text\"><em>GENERADOR RENTAL ULTRA-SILENCIOSO<\/em><\/figcaption><\/figure>\n<h3>GAMA PESADA RENTAL: Potencia, Robustez, Tecnolog\u00eda y Seguridad<\/h3>\n<p>Recientemente se present\u00f3 en BAUMA, el contenedor modelo\u00a0<strong>CT-1230<\/strong> dise\u00f1ado espec\u00edficamente para el sector Rental. Con motor\u00a0<strong>MTU\u00a0<\/strong>y\u00a0el \u00faltimo modelo de\u00a0<strong>central de control<\/strong>\u00a0desarrollado por la marca\u00a0<strong>DEIF, <\/strong>caracterizada por su gran <strong>versatilidad <\/strong>al ser <strong>programable para\u00a0cualquier tipo de aplicaci\u00f3n.<\/strong><\/p>\n<p>Un generador <strong>robusto<\/strong>, capaz de generar hasta\u00a01230KVA\u00a0de potencia\u00a0LTP\u00a0en contenedor con\u00a0<u>acabados de lujo<\/u>:<\/p>\n<ul>\n<li>Bisagras y cerraduras de <strong>acero inoxidable<\/strong>.<\/li>\n<li>Dispositivo de apertura de emergencia desde el interior.<\/li>\n<li>Protecciones ampliadas de partes calientes de chapa de acero inoxidable.<\/li>\n<li>Amplios pelda\u00f1os interiores que facilita el acceso al interior del contenedor.<\/li>\n<\/ul>\n<figure id=\"attachment_6832\" aria-describedby=\"caption-attachment-6832\" style=\"width: 700px\" class=\"wp-caption aligncenter\"><img decoding=\"async\" class=\"size-full wp-image-6832 lazyload\" data-src=\"\/wp-content\/uploads\/2019\/09\/3_desarrollo-continuo-grupos-electrogenos-inmesol.jpg\" alt=\"GAMA PESADA DE GRUPOS ELECTR\u00d3GENOS RENTAL \" width=\"700\" height=\"525\" title=\"\" src=\"data:image\/svg+xml;base64,PHN2ZyB3aWR0aD0iMSIgaGVpZ2h0PSIxIiB4bWxucz0iaHR0cDovL3d3dy53My5vcmcvMjAwMC9zdmciPjwvc3ZnPg==\" style=\"--smush-placeholder-width: 700px; --smush-placeholder-aspect-ratio: 700\/525;\" data-srcset=\"https:\/\/www.inmesol.com\/wp-content\/uploads\/2019\/09\/3_desarrollo-continuo-grupos-electrogenos-inmesol.jpg 700w, https:\/\/www.inmesol.com\/wp-content\/uploads\/2019\/09\/3_desarrollo-continuo-grupos-electrogenos-inmesol-300x225.jpg 300w\" data-sizes=\"auto\" data-original-sizes=\"(max-width: 700px) 100vw, 700px\"><figcaption id=\"caption-attachment-6832\" class=\"wp-caption-text\"><em>GAMA PESADA DE GRUPOS ELECTR\u00d3GENOS RENTAL<\/em><\/figcaption><\/figure>\n<h3>GENERADORES PORT\u00c1TILES<\/h3>\n<p>Para aplicaciones donde se requiere peque\u00f1as potencias, se han dise\u00f1ado <strong>generadores port\u00e1tiles<\/strong> especialmente para el <strong>sector del alquiler<\/strong>. <strong>Robustos, f\u00e1cilmente transportables y manejables<\/strong> y con una <strong>protecci\u00f3n met\u00e1lica<\/strong> que envuelve al generador y lo protege de posibles golpes que pudieran producirse en su manipulaci\u00f3n ya que son equipos muy usados en la construcci\u00f3n y obras p\u00fablicas y suelen tener mucho trasiego de movimiento cambiando frecuentemente de ubicaci\u00f3n.<\/p>\n<figure id=\"attachment_6833\" aria-describedby=\"caption-attachment-6833\" style=\"width: 700px\" class=\"wp-caption aligncenter\"><img decoding=\"async\" class=\"size-full wp-image-6833 lazyload\" data-src=\"\/wp-content\/uploads\/2019\/09\/4_desarrollo-continuo-grupos-electrogenos-inmesol.jpg\" alt=\"GAMA GENERADOR PORTATIL RENTAL\" width=\"700\" height=\"434\" title=\"\" src=\"data:image\/svg+xml;base64,PHN2ZyB3aWR0aD0iMSIgaGVpZ2h0PSIxIiB4bWxucz0iaHR0cDovL3d3dy53My5vcmcvMjAwMC9zdmciPjwvc3ZnPg==\" style=\"--smush-placeholder-width: 700px; --smush-placeholder-aspect-ratio: 700\/434;\" data-srcset=\"https:\/\/www.inmesol.com\/wp-content\/uploads\/2019\/09\/4_desarrollo-continuo-grupos-electrogenos-inmesol.jpg 700w, https:\/\/www.inmesol.com\/wp-content\/uploads\/2019\/09\/4_desarrollo-continuo-grupos-electrogenos-inmesol-300x186.jpg 300w\" data-sizes=\"auto\" data-original-sizes=\"(max-width: 700px) 100vw, 700px\"><figcaption id=\"caption-attachment-6833\" class=\"wp-caption-text\"><em>GAMA GENERADOR PORTATIL RENTAL<\/em><\/figcaption><\/figure>\n<h3>GRUPOS ELECTR\u00d3GENOS ESPECIALES PARA AMBIENTES POLVORIENTOS<\/h3>\n<p>Eventos en el desierto, canteras y minas y en general, en cualquier aplicaci\u00f3n donde existen <strong>ambientes polvorientos<\/strong> pueden utilizarse grupos electr\u00f3genos sin riesgo de que este ambiente ocasione problemas en los componentes del grupo por causa del polvo. Para ello se dota al grupo de <strong>diferentes filtros<\/strong> en aquellas partes susceptibles de deterioro; filtros Heavy duty en el motor, filtros especiales en el alternador y rejillas adecuadas en las entradas de aire, permiten que los generadores trabajen con toda normalidad.<\/p>\n<p><img decoding=\"async\" class=\"aligncenter size-full wp-image-6834 lazyload\" data-src=\"\/wp-content\/uploads\/2019\/09\/5_desarrollo-continuo-grupos-electrogenos-inmesol.jpg\" alt=\"\" width=\"700\" height=\"427\" title=\"\" src=\"data:image\/svg+xml;base64,PHN2ZyB3aWR0aD0iMSIgaGVpZ2h0PSIxIiB4bWxucz0iaHR0cDovL3d3dy53My5vcmcvMjAwMC9zdmciPjwvc3ZnPg==\" style=\"--smush-placeholder-width: 700px; --smush-placeholder-aspect-ratio: 700\/427;\" data-srcset=\"https:\/\/www.inmesol.com\/wp-content\/uploads\/2019\/09\/5_desarrollo-continuo-grupos-electrogenos-inmesol.jpg 700w, https:\/\/www.inmesol.com\/wp-content\/uploads\/2019\/09\/5_desarrollo-continuo-grupos-electrogenos-inmesol-300x183.jpg 300w\" data-sizes=\"auto\" data-original-sizes=\"(max-width: 700px) 100vw, 700px\"><\/p>\n<h3>Grupo reserva grupo (dual mutual stand-by)<\/h3>\n<p>En instalaciones donde <strong>no existe red el\u00e9ctrica<\/strong> se presenta como una soluci\u00f3n muy adecuada grupos electr\u00f3genos funcionando en parejas, <strong>uno en reserva del otro<\/strong>, es decir, un grupo ejerce como fuente de suministro de energ\u00eda <strong>principal<\/strong> y el otro funciona en emergencia de este.<\/p>\n<figure id=\"attachment_6835\" aria-describedby=\"caption-attachment-6835\" style=\"width: 639px\" class=\"wp-caption aligncenter\"><img decoding=\"async\" class=\"size-full wp-image-6835 lazyload\" data-src=\"\/wp-content\/uploads\/2019\/09\/6_desarrollo-continuo-grupos-electrogenos-inmesol.jpg\" alt=\"Grupos electr\u00f3genos en emergencia, uno en reserva del otro \" width=\"639\" height=\"441\" title=\"\" src=\"data:image\/svg+xml;base64,PHN2ZyB3aWR0aD0iMSIgaGVpZ2h0PSIxIiB4bWxucz0iaHR0cDovL3d3dy53My5vcmcvMjAwMC9zdmciPjwvc3ZnPg==\" style=\"--smush-placeholder-width: 639px; --smush-placeholder-aspect-ratio: 639\/441;\" data-srcset=\"https:\/\/www.inmesol.com\/wp-content\/uploads\/2019\/09\/6_desarrollo-continuo-grupos-electrogenos-inmesol.jpg 639w, https:\/\/www.inmesol.com\/wp-content\/uploads\/2019\/09\/6_desarrollo-continuo-grupos-electrogenos-inmesol-300x207.jpg 300w\" data-sizes=\"auto\" data-original-sizes=\"(max-width: 639px) 100vw, 639px\"><figcaption id=\"caption-attachment-6835\" class=\"wp-caption-text\"><em>Grupos electr\u00f3genos en emergencia, uno en reserva del otro<\/em><\/figcaption><\/figure>\n","protected":false},"excerpt":{"rendered":"<p>Con una amplia experiencia en dise\u00f1o de generadores que ofrecen soluciones energ\u00e9ticas, INMESOL se adapta constantemente a los requerimientos del mercado. <\/p>\n","protected":false},"author":2,"featured_media":0,"comment_status":"closed","ping_status":"closed","sticky":false,"template":"","format":"standard","meta":{"inline_featured_image":false,"footnotes":""},"categories":[32,21],"tags":[],"categorias-smart-power-":[],"paises-":[],"class_list":["post-6826","post","type-post","status-publish","format-standard","hentry","category-espanol","category-grupos-electrogenos"],"_links":{"self":[{"href":"https:\/\/www.inmesol.com\/fr\/wp-json\/wp\/v2\/posts\/6826","targetHints":{"allow":["GET"]}}],"collection":[{"href":"https:\/\/www.inmesol.com\/fr\/wp-json\/wp\/v2\/posts"}],"about":[{"href":"https:\/\/www.inmesol.com\/fr\/wp-json\/wp\/v2\/types\/post"}],"author":[{"embeddable":true,"href":"https:\/\/www.inmesol.com\/fr\/wp-json\/wp\/v2\/users\/2"}],"replies":[{"embeddable":true,"href":"https:\/\/www.inmesol.com\/fr\/wp-json\/wp\/v2\/comments?post=6826"}],"version-history":[{"count":0,"href":"https:\/\/www.inmesol.com\/fr\/wp-json\/wp\/v2\/posts\/6826\/revisions"}],"wp:attachment":[{"href":"https:\/\/www.inmesol.com\/fr\/wp-json\/wp\/v2\/media?parent=6826"}],"wp:term":[{"taxonomy":"category","embeddable":true,"href":"https:\/\/www.inmesol.com\/fr\/wp-json\/wp\/v2\/categories?post=6826"},{"taxonomy":"post_tag","embeddable":true,"href":"https:\/\/www.inmesol.com\/fr\/wp-json\/wp\/v2\/tags?post=6826"},{"taxonomy":"categorias-smart-power-","embeddable":true,"href":"https:\/\/www.inmesol.com\/fr\/wp-json\/wp\/v2\/categorias-smart-power-?post=6826"},{"taxonomy":"paises-","embeddable":true,"href":"https:\/\/www.inmesol.com\/fr\/wp-json\/wp\/v2\/paises-?post=6826"}],"curies":[{"name":"wp","href":"https:\/\/api.w.org\/{rel}","templated":true}]}}