{"id":6888,"date":"2019-10-25T12:42:22","date_gmt":"2019-10-25T12:42:22","guid":{"rendered":"http:\/\/www.inmesol.es\/blog\/?p=6888"},"modified":"2025-01-09T12:07:58","modified_gmt":"2025-01-09T12:07:58","slug":"inmesol-revoluciona-la-estetica-de-los-grupos-electrogenos","status":"publish","type":"post","link":"https:\/\/www.inmesol.com\/fr\/blog\/inmesol-revoluciona-la-estetica-de-los-grupos-electrogenos\/","title":{"rendered":"INMESOL revoluciona la est\u00e9tica de los grupos electr\u00f3genos"},"content":{"rendered":"<h2>\u201cC-GENSET\u201d, el primer GRUPO ELECTR\u00d3GENO en CARROCER\u00cdA CIL\u00cdNDRICA, recientemente patentado, es el dise\u00f1o m\u00e1s vanguardista del mercado<\/h2>\n<figure id=\"attachment_6889\" aria-describedby=\"caption-attachment-6889\" style=\"width: 750px\" class=\"wp-caption aligncenter\"><img fetchpriority=\"high\" decoding=\"async\" class=\"size-full wp-image-6889\" src=\"\/wp-content\/uploads\/2019\/10\/inmesol-revoluciona-la-estetica-de-los-grupos-electrogenos.jpg\" alt=\"C-Genset el primer grupo electr\u00f3geno cil\u00edndrico de INMESOL\" width=\"750\" height=\"405\" title=\"\" srcset=\"https:\/\/www.inmesol.com\/wp-content\/uploads\/2019\/10\/inmesol-revoluciona-la-estetica-de-los-grupos-electrogenos.jpg 750w, https:\/\/www.inmesol.com\/wp-content\/uploads\/2019\/10\/inmesol-revoluciona-la-estetica-de-los-grupos-electrogenos-300x162.jpg 300w\" sizes=\"(max-width: 750px) 100vw, 750px\"><figcaption id=\"caption-attachment-6889\" class=\"wp-caption-text\"><em>Grupo electr\u00f3geno de 40 KVA PRP en Carrocer\u00eda CIL\u00cdNDRICA<\/em><\/figcaption><\/figure>\n<p>En <strong>1999<\/strong>, <strong>INMESOL<\/strong> romp\u00eda moldes con su dise\u00f1o de carrocer\u00eda para grupos electr\u00f3genos con <strong>esquinas y cantos redondeados<\/strong>, que adem\u00e1s de proteger de posibles deterioros ante golpes, proporcionaba <strong>robustez <\/strong>y un aspecto m\u00e1s <strong>atractivo <\/strong>al equipo.<\/p>\n<figure id=\"attachment_6890\" aria-describedby=\"caption-attachment-6890\" style=\"width: 750px\" class=\"wp-caption aligncenter\"><img decoding=\"async\" class=\"size-full wp-image-6890 lazyload\" data-src=\"\/wp-content\/uploads\/2019\/10\/1_inmesol-revoluciona-la-estetica-de-los-grupos-electrogenos.jpg\" alt=\"\" width=\"750\" height=\"489\" title=\"\" src=\"data:image\/svg+xml;base64,PHN2ZyB3aWR0aD0iMSIgaGVpZ2h0PSIxIiB4bWxucz0iaHR0cDovL3d3dy53My5vcmcvMjAwMC9zdmciPjwvc3ZnPg==\" style=\"--smush-placeholder-width: 750px; --smush-placeholder-aspect-ratio: 750\/489;\" data-srcset=\"https:\/\/www.inmesol.com\/wp-content\/uploads\/2019\/10\/1_inmesol-revoluciona-la-estetica-de-los-grupos-electrogenos.jpg 750w, https:\/\/www.inmesol.com\/wp-content\/uploads\/2019\/10\/1_inmesol-revoluciona-la-estetica-de-los-grupos-electrogenos-300x196.jpg 300w\" data-sizes=\"auto\" data-original-sizes=\"(max-width: 750px) 100vw, 750px\"><figcaption id=\"caption-attachment-6890\" class=\"wp-caption-text\"><em>Grupo electr\u00f3geno de 40 KVA PRP en Carrocer\u00eda convencional de cantos redondeados<\/em><\/figcaption><\/figure>\n<p>En <strong>2019<\/strong>, 20 a\u00f1os despu\u00e9s, <strong>INMESOL<\/strong> se atreve a salirse de lo establecido, de lo existente, de lo convencional en lo que a dise\u00f1o de grupos electr\u00f3genos se refiere, y lo hace con el lanzamiento de una carrocer\u00eda nueva, original, la m\u00e1s vanguardista y revolucionaria que puede encontrarse en el mercado del grupo electr\u00f3geno: <strong>\u201cC-GENSET\u201d, el primer grupo electr\u00f3geno cil\u00edndrico creado por INMESOL.<\/strong><\/p>\n<figure id=\"attachment_6892\" aria-describedby=\"caption-attachment-6892\" style=\"width: 561px\" class=\"wp-caption aligncenter\"><img decoding=\"async\" class=\"size-full wp-image-6892 lazyload\" data-src=\"\/wp-content\/uploads\/2019\/10\/2_inmesol-revoluciona-la-estetica-de-los-grupos-electrogenos.jpg\" alt=\"\" width=\"561\" height=\"582\" title=\"\" src=\"data:image\/svg+xml;base64,PHN2ZyB3aWR0aD0iMSIgaGVpZ2h0PSIxIiB4bWxucz0iaHR0cDovL3d3dy53My5vcmcvMjAwMC9zdmciPjwvc3ZnPg==\" style=\"--smush-placeholder-width: 561px; --smush-placeholder-aspect-ratio: 561\/582;\" data-srcset=\"https:\/\/www.inmesol.com\/wp-content\/uploads\/2019\/10\/2_inmesol-revoluciona-la-estetica-de-los-grupos-electrogenos.jpg 561w, https:\/\/www.inmesol.com\/wp-content\/uploads\/2019\/10\/2_inmesol-revoluciona-la-estetica-de-los-grupos-electrogenos-289x300.jpg 289w\" data-sizes=\"auto\" data-original-sizes=\"(max-width: 561px) 100vw, 561px\"><figcaption id=\"caption-attachment-6892\" class=\"wp-caption-text\"><em>Cuadro el\u00e9ctrico de control del grupo electr\u00f3geno de 40 KVA PRP en Carrocer\u00eda CIL\u00cdNDRICA<\/em><\/figcaption><\/figure>\n<p>Un principio b\u00e1sico del dise\u00f1o funcionalista aplicado al dise\u00f1o de producto es que <strong>la forma<\/strong> de los objetos responde a <strong>la funci\u00f3n<\/strong> para la que <strong>estos se dise\u00f1an<\/strong>.<\/p>\n<p>En el caso de la carrocer\u00eda cil\u00edndrica, se ha trabajado en la l\u00ednea de fabricar un grupo electr\u00f3geno de <strong>menor volumen<\/strong>, (menos altura y anchura), <strong>m\u00e1s ligero y compacto<\/strong>, y se integre f\u00e1cilmente en entornos y ambientes de edificios de arquitectura de dise\u00f1o contempor\u00e1neo, cada d\u00eda m\u00e1s innovadora y coherente con el medio ambiente.<\/p>\n<h3 class=\" verde18\">GRUPOS ELECTR\u00d3GENOS <em>(C-GENSET)<\/em> | FICHAS T\u00c9CNICAS<\/h3>\n<h4>50 Hz<\/h4>\n<table border=\"0\" width=\"100%\" cellspacing=\"0\" cellpadding=\"0\">\n<tbody>\n<tr>\n<td align=\"center\" valign=\"middle\">\n<table border=\"0\" width=\"100%\" cellspacing=\"0\" cellpadding=\"0\">\n<tbody>\n<tr>\n<td align=\"center\" valign=\"middle\"><img decoding=\"async\" data-src=\"\/wp-content\/uploads\/2019\/10\/inmesol-revoluciona-la-estetica-de-los-grupos-electrogenos.gif\" width=\"140\" height=\"40\" alt=\"\" title=\"\" src=\"data:image\/svg+xml;base64,PHN2ZyB3aWR0aD0iMSIgaGVpZ2h0PSIxIiB4bWxucz0iaHR0cDovL3d3dy53My5vcmcvMjAwMC9zdmciPjwvc3ZnPg==\" class=\"lazyload\" style=\"--smush-placeholder-width: 140px; --smush-placeholder-aspect-ratio: 140\/40;\"><\/td>\n<td align=\"center\" valign=\"middle\"><img decoding=\"async\" data-src=\"\/wp-content\/uploads\/2019\/10\/1_inmesol-revoluciona-la-estetica-de-los-grupos-electrogenos.gif\" width=\"140\" height=\"40\" alt=\"\" title=\"\" src=\"data:image\/svg+xml;base64,PHN2ZyB3aWR0aD0iMSIgaGVpZ2h0PSIxIiB4bWxucz0iaHR0cDovL3d3dy53My5vcmcvMjAwMC9zdmciPjwvc3ZnPg==\" class=\"lazyload\" style=\"--smush-placeholder-width: 140px; --smush-placeholder-aspect-ratio: 140\/40;\"><\/td>\n<td align=\"center\" valign=\"middle\"><img decoding=\"async\" data-src=\"\/wp-content\/uploads\/2019\/10\/2_inmesol-revoluciona-la-estetica-de-los-grupos-electrogenos.gif\" width=\"140\" height=\"40\" alt=\"\" title=\"\" src=\"data:image\/svg+xml;base64,PHN2ZyB3aWR0aD0iMSIgaGVpZ2h0PSIxIiB4bWxucz0iaHR0cDovL3d3dy53My5vcmcvMjAwMC9zdmciPjwvc3ZnPg==\" class=\"lazyload\" style=\"--smush-placeholder-width: 140px; --smush-placeholder-aspect-ratio: 140\/40;\"><\/td>\n<\/tr>\n<tr>\n<td align=\"center\" valign=\"middle\"><img decoding=\"async\" data-src=\"\/wp-content\/uploads\/2019\/10\/3_inmesol-revoluciona-la-estetica-de-los-grupos-electrogenos.gif\" width=\"140\" height=\"40\" alt=\"\" title=\"\" src=\"data:image\/svg+xml;base64,PHN2ZyB3aWR0aD0iMSIgaGVpZ2h0PSIxIiB4bWxucz0iaHR0cDovL3d3dy53My5vcmcvMjAwMC9zdmciPjwvc3ZnPg==\" class=\"lazyload\" style=\"--smush-placeholder-width: 140px; --smush-placeholder-aspect-ratio: 140\/40;\"><\/td>\n<td align=\"center\" valign=\"middle\"><img decoding=\"async\" data-src=\"\/wp-content\/uploads\/2019\/10\/4_inmesol-revoluciona-la-estetica-de-los-grupos-electrogenos.gif\" width=\"140\" height=\"40\" alt=\"\" title=\"\" src=\"data:image\/svg+xml;base64,PHN2ZyB3aWR0aD0iMSIgaGVpZ2h0PSIxIiB4bWxucz0iaHR0cDovL3d3dy53My5vcmcvMjAwMC9zdmciPjwvc3ZnPg==\" class=\"lazyload\" style=\"--smush-placeholder-width: 140px; --smush-placeholder-aspect-ratio: 140\/40;\"><\/td>\n<td align=\"center\" valign=\"middle\"><img decoding=\"async\" data-src=\"\/wp-content\/uploads\/2019\/10\/5_inmesol-revoluciona-la-estetica-de-los-grupos-electrogenos.gif\" width=\"140\" height=\"40\" alt=\"\" title=\"\" src=\"data:image\/svg+xml;base64,PHN2ZyB3aWR0aD0iMSIgaGVpZ2h0PSIxIiB4bWxucz0iaHR0cDovL3d3dy53My5vcmcvMjAwMC9zdmciPjwvc3ZnPg==\" class=\"lazyload\" style=\"--smush-placeholder-width: 140px; --smush-placeholder-aspect-ratio: 140\/40;\"><\/td>\n<\/tr>\n<\/tbody>\n<\/table>\n<\/td>\n<\/tr>\n<\/tbody>\n<\/table>\n<h4>60 Hz<\/h4>\n<table border=\"0\" width=\"100%\" cellspacing=\"0\" cellpadding=\"0\">\n<tbody>\n<tr>\n<td align=\"center\" valign=\"middle\">\n<table border=\"0\" width=\"80%\" cellspacing=\"0\" cellpadding=\"0\">\n<tbody>\n<tr>\n<td align=\"center\" valign=\"middle\"><img decoding=\"async\" data-src=\"\/wp-content\/uploads\/2019\/10\/6_inmesol-revoluciona-la-estetica-de-los-grupos-electrogenos.gif\" width=\"140\" height=\"40\" alt=\"\" title=\"\" src=\"data:image\/svg+xml;base64,PHN2ZyB3aWR0aD0iMSIgaGVpZ2h0PSIxIiB4bWxucz0iaHR0cDovL3d3dy53My5vcmcvMjAwMC9zdmciPjwvc3ZnPg==\" class=\"lazyload\" style=\"--smush-placeholder-width: 140px; --smush-placeholder-aspect-ratio: 140\/40;\"><\/td>\n<td align=\"center\" valign=\"middle\"><img decoding=\"async\" data-src=\"\/wp-content\/uploads\/2019\/10\/7_inmesol-revoluciona-la-estetica-de-los-grupos-electrogenos.gif\" width=\"140\" height=\"40\" alt=\"\" title=\"\" src=\"data:image\/svg+xml;base64,PHN2ZyB3aWR0aD0iMSIgaGVpZ2h0PSIxIiB4bWxucz0iaHR0cDovL3d3dy53My5vcmcvMjAwMC9zdmciPjwvc3ZnPg==\" class=\"lazyload\" style=\"--smush-placeholder-width: 140px; --smush-placeholder-aspect-ratio: 140\/40;\"><\/td>\n<\/tr>\n<tr>\n<td align=\"center\" valign=\"middle\"><img decoding=\"async\" data-src=\"\/wp-content\/uploads\/2019\/10\/8_inmesol-revoluciona-la-estetica-de-los-grupos-electrogenos.gif\" width=\"140\" height=\"40\" alt=\"\" title=\"\" src=\"data:image\/svg+xml;base64,PHN2ZyB3aWR0aD0iMSIgaGVpZ2h0PSIxIiB4bWxucz0iaHR0cDovL3d3dy53My5vcmcvMjAwMC9zdmciPjwvc3ZnPg==\" class=\"lazyload\" style=\"--smush-placeholder-width: 140px; --smush-placeholder-aspect-ratio: 140\/40;\"><\/td>\n<td align=\"center\" valign=\"middle\"><img decoding=\"async\" data-src=\"\/wp-content\/uploads\/2019\/10\/9_inmesol-revoluciona-la-estetica-de-los-grupos-electrogenos.gif\" width=\"140\" height=\"40\" alt=\"\" title=\"\" src=\"data:image\/svg+xml;base64,PHN2ZyB3aWR0aD0iMSIgaGVpZ2h0PSIxIiB4bWxucz0iaHR0cDovL3d3dy53My5vcmcvMjAwMC9zdmciPjwvc3ZnPg==\" class=\"lazyload\" style=\"--smush-placeholder-width: 140px; --smush-placeholder-aspect-ratio: 140\/40;\"><\/td>\n<\/tr>\n<\/tbody>\n<\/table>\n<\/td>\n<\/tr>\n<\/tbody>\n<\/table>\n<h4><\/h4>\n<h4>Reducci\u00f3n del impacto ambiental en su fabricaci\u00f3n<\/h4>\n<p>En la fabricaci\u00f3n de la nueva carrocer\u00eda, se ha optimizado al m\u00e1ximo el consumo de materiales consiguiendo una <strong>reducci\u00f3n <\/strong>de un <strong>20% en peso<\/strong> y el <strong>40% en volumen<\/strong>, y conservando <strong>todas las prestaciones<\/strong> de un grupo convencional de la <strong>misma potencia<\/strong>.<\/p>\n<div class=\"mceTemp\"><\/div>\n","protected":false},"excerpt":{"rendered":"<p>\u201cC-GENSET\u201d, el primer GRUPO ELECTR\u00d3GENO en CARROCER\u00cdA CIL\u00cdNDRICA, recientemente patentado, es el dise\u00f1o m\u00e1s vanguardista del mercado<\/p>\n","protected":false},"author":2,"featured_media":6889,"comment_status":"closed","ping_status":"closed","sticky":false,"template":"","format":"standard","meta":{"inline_featured_image":false,"footnotes":""},"categories":[32,21],"tags":[],"categorias-smart-power-":[],"paises-":[],"class_list":["post-6888","post","type-post","status-publish","format-standard","has-post-thumbnail","hentry","category-espanol","category-grupos-electrogenos"],"_links":{"self":[{"href":"https:\/\/www.inmesol.com\/fr\/wp-json\/wp\/v2\/posts\/6888","targetHints":{"allow":["GET"]}}],"collection":[{"href":"https:\/\/www.inmesol.com\/fr\/wp-json\/wp\/v2\/posts"}],"about":[{"href":"https:\/\/www.inmesol.com\/fr\/wp-json\/wp\/v2\/types\/post"}],"author":[{"embeddable":true,"href":"https:\/\/www.inmesol.com\/fr\/wp-json\/wp\/v2\/users\/2"}],"replies":[{"embeddable":true,"href":"https:\/\/www.inmesol.com\/fr\/wp-json\/wp\/v2\/comments?post=6888"}],"version-history":[{"count":0,"href":"https:\/\/www.inmesol.com\/fr\/wp-json\/wp\/v2\/posts\/6888\/revisions"}],"wp:featuredmedia":[{"embeddable":true,"href":"https:\/\/www.inmesol.com\/fr\/wp-json\/wp\/v2\/media\/6889"}],"wp:attachment":[{"href":"https:\/\/www.inmesol.com\/fr\/wp-json\/wp\/v2\/media?parent=6888"}],"wp:term":[{"taxonomy":"category","embeddable":true,"href":"https:\/\/www.inmesol.com\/fr\/wp-json\/wp\/v2\/categories?post=6888"},{"taxonomy":"post_tag","embeddable":true,"href":"https:\/\/www.inmesol.com\/fr\/wp-json\/wp\/v2\/tags?post=6888"},{"taxonomy":"categorias-smart-power-","embeddable":true,"href":"https:\/\/www.inmesol.com\/fr\/wp-json\/wp\/v2\/categorias-smart-power-?post=6888"},{"taxonomy":"paises-","embeddable":true,"href":"https:\/\/www.inmesol.com\/fr\/wp-json\/wp\/v2\/paises-?post=6888"}],"curies":[{"name":"wp","href":"https:\/\/api.w.org\/{rel}","templated":true}]}}