{"id":6932,"date":"2020-01-21T11:38:16","date_gmt":"2020-01-21T11:38:16","guid":{"rendered":"http:\/\/www.inmesol.es\/blog\/?p=6932"},"modified":"2025-01-09T18:53:58","modified_gmt":"2025-01-09T18:53:58","slug":"cuenta-atras-para-encontrarnos-en-foro-aseamac-2020","status":"publish","type":"post","link":"https:\/\/www.inmesol.com\/fr\/blog\/cuenta-atras-para-encontrarnos-en-foro-aseamac-2020\/","title":{"rendered":"Cuenta atr\u00e1s para encontrarnos en el FORO ASEAMAC 2020"},"content":{"rendered":"<p>El <strong>teatro Goya de Madrid<\/strong>, ha sido el lugar elegido por la Asociaci\u00f3n Espa\u00f1ola de Alquiler de Maquinaria (ASEAMAC) para celebrar la <strong>7\u00aa edici\u00f3n<\/strong> del encuentro m\u00e1s relevante para los profesionales del alquiler, el <strong>FORO ASEAMAC 2020<\/strong>. \u00a0Durante los d\u00edas <strong>29 y 30 de enero<\/strong>, se encontrar\u00e1n numerosos integrantes del colectivo del alquiler de maquinaria, entre los cuales, <u>estar\u00e1 sin falta<strong> INMESOL,<\/strong><\/u> patrocinador de <strong>PLATA<\/strong> en el FORO<strong>.<\/strong>\u00a0El <strong>FORO ASEAMAC<\/strong> es el lugar perfecto para tratar los <strong>asuntos m\u00e1s relevantes y actuales<\/strong> del sector del alquiler de maquinaria, a trav\u00e9s de <strong>conferencias y debates<\/strong>. A su vez es un buen escaparate donde se dan a conocer todas las novedades en la maquinaria de alquiler, entre ella, los <strong>grupos electr\u00f3genos<\/strong> y <strong>torres de iluminaci\u00f3n<\/strong>.<\/p>\n<div class=\"video-responsive\"><iframe class=\"videoyoutube\" src=\"https:\/\/www.youtube.com\/embed\/pnS1reKpxsU\" width=\"640\" height=\"360\" frameborder=\"0\" allowfullscreen=\"allowfullscreen\" data-src=\"https:\/\/www.youtube.com\/embed\/pnS1reKpxsU\"><span data-mce-type=\"bookmark\" style=\"display: inline-block; width: 0px; overflow: hidden; line-height: 0;\" class=\"mce_SELRES_start\">\ufeff<\/span><\/iframe><\/div>\n<p><strong>INMESOL<\/strong> presentar\u00e1 su Nueva Gama Rental <strong>STAGEV<\/strong> con motores <strong>KOHLER<\/strong> y motor <strong>VOLVO<\/strong> en potencias mayores.<\/p>\n<figure id=\"attachment_6935\" aria-describedby=\"caption-attachment-6935\" style=\"width: 750px\" class=\"wp-caption aligncenter\"><img fetchpriority=\"high\" decoding=\"async\" class=\"size-full wp-image-6935\" src=\"\/wp-content\/uploads\/2020\/01\/cuenta-atras-para-encontrarnos-en-el-foro-aseamac-2020.jpg\" alt=\"Grupos electr\u00f3genos Gama Rental STAGEV con motor KOHLER\" width=\"750\" height=\"480\" title=\"\" srcset=\"https:\/\/www.inmesol.com\/wp-content\/uploads\/2020\/01\/cuenta-atras-para-encontrarnos-en-el-foro-aseamac-2020.jpg 750w, https:\/\/www.inmesol.com\/wp-content\/uploads\/2020\/01\/cuenta-atras-para-encontrarnos-en-el-foro-aseamac-2020-300x192.jpg 300w\" sizes=\"(max-width: 750px) 100vw, 750px\"><figcaption id=\"caption-attachment-6935\" class=\"wp-caption-text\"><em>Grupos electr\u00f3genos Gama Rental STAGEV con motor KOHLER<\/em><\/figcaption><\/figure>\n<p>As\u00ed mismo podr\u00e1n encontrar amplia informaci\u00f3n sobre el reci\u00e9n patentado grupo electr\u00f3geno cil\u00edndrico <strong>C-GENSET<\/strong> que ofrece una \u00f3ptima soluci\u00f3n para lugares de instalaci\u00f3n con limitaciones de espacio.<\/p>\n<figure id=\"attachment_6889\" aria-describedby=\"caption-attachment-6889\" style=\"width: 750px\" class=\"wp-caption aligncenter\"><img decoding=\"async\" class=\"wp-image-6889 size-full lazyload\" data-src=\"\/wp-content\/uploads\/2020\/01\/1_cuenta-atras-para-encontrarnos-en-el-foro-aseamac-2020.jpg\" alt=\"C-Genset el primer grupo electr\u00f3geno cil\u00edndrico de INMESOL\" width=\"750\" height=\"405\" title=\"\" src=\"data:image\/svg+xml;base64,PHN2ZyB3aWR0aD0iMSIgaGVpZ2h0PSIxIiB4bWxucz0iaHR0cDovL3d3dy53My5vcmcvMjAwMC9zdmciPjwvc3ZnPg==\" style=\"--smush-placeholder-width: 750px; --smush-placeholder-aspect-ratio: 750\/405;\" data-srcset=\"https:\/\/www.inmesol.com\/wp-content\/uploads\/2020\/01\/1_cuenta-atras-para-encontrarnos-en-el-foro-aseamac-2020.jpg 750w, https:\/\/www.inmesol.com\/wp-content\/uploads\/2020\/01\/1_cuenta-atras-para-encontrarnos-en-el-foro-aseamac-2020-300x162.jpg 300w\" data-sizes=\"auto\" data-original-sizes=\"(max-width: 750px) 100vw, 750px\"><figcaption id=\"caption-attachment-6889\" class=\"wp-caption-text\"><em>Primer Grupo electr\u00f3geno Cil\u00edndrico C-GENSET<\/em><\/figcaption><\/figure>\n<p>Participando como Patrocinador Plata del Foro, nos pueden encontrar en la mesa 21 de la <strong>zona de exposici\u00f3n<\/strong>, y estaremos encantados de ampliarle toda la informaci\u00f3n sobre estos nuevos equipos, as\u00ed como otras novedades incorporadas en los <strong>grupos electr\u00f3genos<\/strong> dise\u00f1adas espec\u00edficamente para el sector del <strong>alquiler\/rental<\/strong>.<\/p>\n<figure id=\"attachment_6936\" aria-describedby=\"caption-attachment-6936\" style=\"width: 724px\" class=\"wp-caption aligncenter\"><img decoding=\"async\" class=\"size-full wp-image-6936 lazyload\" data-src=\"\/wp-content\/uploads\/2020\/01\/2_cuenta-atras-para-encontrarnos-en-el-foro-aseamac-2020.jpg\" alt=\"Plano de ubicaci\u00f3n: zona de exposici\u00f3n y zona de conferencias\" width=\"724\" height=\"674\" title=\"\" src=\"data:image\/svg+xml;base64,PHN2ZyB3aWR0aD0iMSIgaGVpZ2h0PSIxIiB4bWxucz0iaHR0cDovL3d3dy53My5vcmcvMjAwMC9zdmciPjwvc3ZnPg==\" style=\"--smush-placeholder-width: 724px; --smush-placeholder-aspect-ratio: 724\/674;\" data-srcset=\"https:\/\/www.inmesol.com\/wp-content\/uploads\/2020\/01\/2_cuenta-atras-para-encontrarnos-en-el-foro-aseamac-2020.jpg 724w, https:\/\/www.inmesol.com\/wp-content\/uploads\/2020\/01\/2_cuenta-atras-para-encontrarnos-en-el-foro-aseamac-2020-300x279.jpg 300w\" data-sizes=\"auto\" data-original-sizes=\"(max-width: 724px) 100vw, 724px\"><figcaption id=\"caption-attachment-6936\" class=\"wp-caption-text\"><em>Plano de ubicaci\u00f3n: zona de exposici\u00f3n y zona de conferencias<\/em><\/figcaption><\/figure>\n<h3>Informaci\u00f3n de utilidad:<\/h3>\n<p>Fechas: 29 y 30 de enero de 2020.<\/p>\n<p>Lugar: Teatro Goya de Madrid<br \/>\nC.C La Ermita \/ Calle Sep\u00falveda 3 y 5<br \/>\n28011 Madrid<\/p>\n<p>Persona de contacto de Inmesol en el FORO: Ignacio Morell y Joaqu\u00edn Llamas (Dpto. Admon. Ventas INMESOL SL)<\/p>\n<p>Tel\u00e9fono de contacto: +34 646195266 y +34 609710349<\/p>\n<h3>DESCUENTO EN LA ENTRADA<\/h3>\n<p>Reg\u00edstrese utilizando el c\u00f3digo de descuento: Foro2020-INMESOL y obtendr\u00e1 un descuento de 50\u20ac<\/p>\n<p>https:\/\/www.aseamac.org\/eventos\/foro\/aseamac2020\/inscripcion<\/p>\n<p><img decoding=\"async\" class=\"aligncenter wp-image-6939 size-full lazyload\" data-src=\"\/wp-content\/uploads\/2020\/01\/3_cuenta-atras-para-encontrarnos-en-el-foro-aseamac-2020.jpg\" alt=\"\" width=\"750\" height=\"337\" title=\"\" src=\"data:image\/svg+xml;base64,PHN2ZyB3aWR0aD0iMSIgaGVpZ2h0PSIxIiB4bWxucz0iaHR0cDovL3d3dy53My5vcmcvMjAwMC9zdmciPjwvc3ZnPg==\" style=\"--smush-placeholder-width: 750px; --smush-placeholder-aspect-ratio: 750\/337;\" data-srcset=\"https:\/\/www.inmesol.com\/wp-content\/uploads\/2020\/01\/3_cuenta-atras-para-encontrarnos-en-el-foro-aseamac-2020.jpg 750w, https:\/\/www.inmesol.com\/wp-content\/uploads\/2020\/01\/3_cuenta-atras-para-encontrarnos-en-el-foro-aseamac-2020-300x135.jpg 300w\" data-sizes=\"auto\" data-original-sizes=\"(max-width: 750px) 100vw, 750px\"><\/p>\n<p><img decoding=\"async\" class=\"aligncenter wp-image-6938 size-full lazyload\" data-src=\"\/wp-content\/uploads\/2020\/01\/4_cuenta-atras-para-encontrarnos-en-el-foro-aseamac-2020.jpg\" alt=\"\" width=\"750\" height=\"344\" title=\"\" src=\"data:image\/svg+xml;base64,PHN2ZyB3aWR0aD0iMSIgaGVpZ2h0PSIxIiB4bWxucz0iaHR0cDovL3d3dy53My5vcmcvMjAwMC9zdmciPjwvc3ZnPg==\" style=\"--smush-placeholder-width: 750px; --smush-placeholder-aspect-ratio: 750\/344;\" data-srcset=\"https:\/\/www.inmesol.com\/wp-content\/uploads\/2020\/01\/4_cuenta-atras-para-encontrarnos-en-el-foro-aseamac-2020.jpg 750w, https:\/\/www.inmesol.com\/wp-content\/uploads\/2020\/01\/4_cuenta-atras-para-encontrarnos-en-el-foro-aseamac-2020-300x138.jpg 300w\" data-sizes=\"auto\" data-original-sizes=\"(max-width: 750px) 100vw, 750px\"><\/p>\n","protected":false},"excerpt":{"rendered":"<p>El FORO ASEAMAC es el lugar perfecto para tratar los asuntos m\u00e1s relevantes y actuales del sector del alquiler de maquinaria, a trav\u00e9s de conferencias y debates.<\/p>\n","protected":false},"author":2,"featured_media":6933,"comment_status":"closed","ping_status":"closed","sticky":false,"template":"","format":"standard","meta":{"inline_featured_image":false,"footnotes":""},"categories":[32,19],"tags":[29],"categorias-smart-power-":[],"paises-":[],"class_list":["post-6932","post","type-post","status-publish","format-standard","has-post-thumbnail","hentry","category-espanol","category-ferias-eventos","tag-grupos-electrogenos-alquiler-rental"],"_links":{"self":[{"href":"https:\/\/www.inmesol.com\/fr\/wp-json\/wp\/v2\/posts\/6932","targetHints":{"allow":["GET"]}}],"collection":[{"href":"https:\/\/www.inmesol.com\/fr\/wp-json\/wp\/v2\/posts"}],"about":[{"href":"https:\/\/www.inmesol.com\/fr\/wp-json\/wp\/v2\/types\/post"}],"author":[{"embeddable":true,"href":"https:\/\/www.inmesol.com\/fr\/wp-json\/wp\/v2\/users\/2"}],"replies":[{"embeddable":true,"href":"https:\/\/www.inmesol.com\/fr\/wp-json\/wp\/v2\/comments?post=6932"}],"version-history":[{"count":0,"href":"https:\/\/www.inmesol.com\/fr\/wp-json\/wp\/v2\/posts\/6932\/revisions"}],"wp:featuredmedia":[{"embeddable":true,"href":"https:\/\/www.inmesol.com\/fr\/wp-json\/"}],"wp:attachment":[{"href":"https:\/\/www.inmesol.com\/fr\/wp-json\/wp\/v2\/media?parent=6932"}],"wp:term":[{"taxonomy":"category","embeddable":true,"href":"https:\/\/www.inmesol.com\/fr\/wp-json\/wp\/v2\/categories?post=6932"},{"taxonomy":"post_tag","embeddable":true,"href":"https:\/\/www.inmesol.com\/fr\/wp-json\/wp\/v2\/tags?post=6932"},{"taxonomy":"categorias-smart-power-","embeddable":true,"href":"https:\/\/www.inmesol.com\/fr\/wp-json\/wp\/v2\/categorias-smart-power-?post=6932"},{"taxonomy":"paises-","embeddable":true,"href":"https:\/\/www.inmesol.com\/fr\/wp-json\/wp\/v2\/paises-?post=6932"}],"curies":[{"name":"wp","href":"https:\/\/api.w.org\/{rel}","templated":true}]}}