{"id":6945,"date":"2020-04-23T11:57:11","date_gmt":"2020-04-23T09:57:11","guid":{"rendered":"http:\/\/www.inmesol.es\/blog\/?p=6945"},"modified":"2023-09-11T10:53:17","modified_gmt":"2023-09-11T10:53:17","slug":"seis-generadores-inmesol-llegan-a-uno-de-los-mayores-proveedores-de-electricidad-y-calor-de-europa","status":"publish","type":"post","link":"https:\/\/www.inmesol.com\/fr\/blog\/seis-generadores-inmesol-llegan-a-uno-de-los-mayores-proveedores-de-electricidad-y-calor-de-europa\/","title":{"rendered":"SEIS generadores INMESOL llegan a uno de los mayores productores, proveedores de electricidad y calor de Europa"},"content":{"rendered":"<p>El viernes <strong>20 de marzo<\/strong>, dos camiones, completamente cargados con grupos electr\u00f3genos, llegaron <strong>desde<\/strong> la F\u00e1brica de <strong>INMESOL<\/strong> en <strong>Espa\u00f1a<\/strong>, <strong>hasta<\/strong> las instalaciones de una compa\u00f1\u00eda de energ\u00eda l\u00edder en Europa. La entrega se produjo a la hora programada, a pesar de que el transporte tuvo que pasar por una Europa que estaba cerrando sus fronteras debido a la pandemia.<\/p>\n<figure id=\"attachment_6946\" aria-describedby=\"caption-attachment-6946\" style=\"width: 675px\" class=\"wp-caption aligncenter\"><img fetchpriority=\"high\" decoding=\"async\" class=\"wp-image-6946 size-full\" src=\"\/wp-content\/uploads\/2020\/04\/seis-generadores-inmesol-llegan-a-uno-de-los-mayores-productores-proveedores-de-electricidad-y-calor-de-europa.jpg\" alt=\"Generadores en las instalaciones de una de las compa\u00f1\u00edas energ\u00e9ticas m\u00e1s importantes de Europa\" width=\"675\" height=\"304\" title=\"\" srcset=\"https:\/\/www.inmesol.com\/wp-content\/uploads\/2020\/04\/seis-generadores-inmesol-llegan-a-uno-de-los-mayores-productores-proveedores-de-electricidad-y-calor-de-europa.jpg 675w, https:\/\/www.inmesol.com\/wp-content\/uploads\/2020\/04\/seis-generadores-inmesol-llegan-a-uno-de-los-mayores-productores-proveedores-de-electricidad-y-calor-de-europa-300x135.jpg 300w\" sizes=\"(max-width: 675px) 100vw, 675px\"><figcaption id=\"caption-attachment-6946\" class=\"wp-caption-text\"><em>Generadores en las instalaciones de una de las compa\u00f1\u00edas energ\u00e9ticas m\u00e1s importantes de Europa<\/em><\/figcaption><\/figure>\n<p>Los <strong>requerimientos<\/strong> de estos equipos, como era de esperar de una compa\u00f1\u00eda que se enfoca en <strong>garantizar el suministro<\/strong> de energ\u00eda el\u00e9ctrica y calor a una <strong>gran variedad de clientes<\/strong> europeos, abogando por la <strong>sostenibilidad,<\/strong> son muy <strong>particulares y espec\u00edficas<\/strong>.<\/p>\n<h2><strong>Grupos electr\u00f3genos robustos, silenciosos, de bajas emisiones, fiables e inteligentes<\/strong><\/h2>\n<p>Si a los <a href=\"http:\/\/www.inmesol.es\/grupos-electrogenos\/gamas-grupos-electrogenos-inmesol\/gama-rental.asp\" target=\"_blank\" rel=\"noopener\">grupos electr\u00f3genos de la <strong>GAMA RENTAL de INMESOL<\/strong><\/a>, se les dota de una serie de opciones y especificaciones, el aumento de su versatilidad es tal que, se convierten en dise\u00f1os <strong>\u00f3ptimos para cualquier aplicaci\u00f3n<\/strong> de generaci\u00f3n de energ\u00eda, por muy exigente que sea. Esto es lo que est\u00e1n demandando actualmente otras empresas, no necesariamente del sector del alquiler, como las <strong>grandes empresas de generaci\u00f3n de energ\u00eda<\/strong>, con un amplio abanico de clientes, a veces muy exigentes y gran diversidad de necesidades energ\u00e9ticas. \u00a0En este caso, se trata de grupos electr\u00f3genos de diferentes potencias: dos de <strong>275kVA<\/strong> (LTP), dos de <strong>385kVA <\/strong>(LTP) y dos de <strong>770kVA<\/strong> (LTP). Todos con motores <strong>VOLVO PENTA <\/strong>y alternador<strong> STAMFORD.<\/strong> \u00a0Albergados en <strong>carrocer\u00edas de la GAMA RENTAL INMESOL, <\/strong>dise\u00f1adas en principio para el exigente mercado de alquiler, se caracterizan por ser muy<strong> robustas, resistentes y muy bien insonorizadas, <\/strong>lo que las hace <strong>perfectas<\/strong> para su uso como grupos de emergencia <strong>m\u00f3viles<\/strong> e incluso cerca de \u00e1reas residenciales.<\/p>\n<figure id=\"attachment_6948\" aria-describedby=\"caption-attachment-6948\" style=\"width: 650px\" class=\"wp-caption aligncenter\"><img decoding=\"async\" class=\"size-full wp-image-6948 lazyload\" data-src=\"\/wp-content\/uploads\/2020\/04\/1_seis-generadores-inmesol-llegan-a-uno-de-los-mayores-productores-proveedores-de-electricidad-y-calor-de-europa.jpg\" alt=\"\" width=\"650\" height=\"400\" title=\"\" src=\"data:image\/svg+xml;base64,PHN2ZyB3aWR0aD0iMSIgaGVpZ2h0PSIxIiB4bWxucz0iaHR0cDovL3d3dy53My5vcmcvMjAwMC9zdmciPjwvc3ZnPg==\" style=\"--smush-placeholder-width: 650px; --smush-placeholder-aspect-ratio: 650\/400;\" data-srcset=\"https:\/\/www.inmesol.com\/wp-content\/uploads\/2020\/04\/1_seis-generadores-inmesol-llegan-a-uno-de-los-mayores-productores-proveedores-de-electricidad-y-calor-de-europa.jpg 650w, https:\/\/www.inmesol.com\/wp-content\/uploads\/2020\/04\/1_seis-generadores-inmesol-llegan-a-uno-de-los-mayores-productores-proveedores-de-electricidad-y-calor-de-europa-300x185.jpg 300w\" data-sizes=\"auto\" data-original-sizes=\"(max-width: 650px) 100vw, 650px\"><figcaption id=\"caption-attachment-6948\" class=\"wp-caption-text\"><em>Grupo electr\u00f3geno de 770kVA LTP<\/em><\/figcaption><\/figure>\n<p>Todos est\u00e1n dotados por uno de los \u00faltimos modelos de controladores desarrollados por Deep Sea: <strong>DSE8620 MKII<\/strong>. Un controlador inteligente que, entre otras numerosas funciones, permite configurar los equipos para trabajar <strong>paralelos entre ellos o<\/strong> <strong>paralelos con la red. <\/strong>As\u00ed mismo, tambi\u00e9n pueden trabajar de forma independiente en <strong>emergencia de la red, <\/strong>supervisando las redes entrantes de la instalaci\u00f3n de un cliente y<strong>\u00a0 <\/strong>haci\u00e9ndose cargo de la carga, <strong>ante alg\u00fan fallo de red. <\/strong>Cuando se restablece la red el\u00e9ctrica, el grupo electr\u00f3geno transfiere la carga a la red el\u00e9ctrica <strong>sin interrupci\u00f3n de la fuente de alimentaci\u00f3n<\/strong>.<\/p>\n<p>Desde los centros de operaciones de las compa\u00f1\u00edas el\u00e9ctricas, mediante <strong>control remoto<\/strong> o configuraci\u00f3n previa, puede controlarse que los grupos puedan trabajar como <strong>Peak Shaving y Support.<\/strong> Esta funci\u00f3n resulta muy \u00fatil en casos de <strong>corte por picos de consumo y soporte de frecuencia<\/strong> de la red el\u00e9ctrica, cada vez m\u00e1s frecuente, por el aumento del consumo energ\u00e9tico de la sociedad actual.<\/p>\n<figure id=\"attachment_6949\" aria-describedby=\"caption-attachment-6949\" style=\"width: 650px\" class=\"wp-caption aligncenter\"><img decoding=\"async\" class=\"size-full wp-image-6949 lazyload\" data-src=\"\/wp-content\/uploads\/2020\/04\/2_seis-generadores-inmesol-llegan-a-uno-de-los-mayores-productores-proveedores-de-electricidad-y-calor-de-europa.jpg\" alt=\"\" width=\"650\" height=\"400\" title=\"\" src=\"data:image\/svg+xml;base64,PHN2ZyB3aWR0aD0iMSIgaGVpZ2h0PSIxIiB4bWxucz0iaHR0cDovL3d3dy53My5vcmcvMjAwMC9zdmciPjwvc3ZnPg==\" style=\"--smush-placeholder-width: 650px; --smush-placeholder-aspect-ratio: 650\/400;\" data-srcset=\"https:\/\/www.inmesol.com\/wp-content\/uploads\/2020\/04\/2_seis-generadores-inmesol-llegan-a-uno-de-los-mayores-productores-proveedores-de-electricidad-y-calor-de-europa.jpg 650w, https:\/\/www.inmesol.com\/wp-content\/uploads\/2020\/04\/2_seis-generadores-inmesol-llegan-a-uno-de-los-mayores-productores-proveedores-de-electricidad-y-calor-de-europa-300x185.jpg 300w\" data-sizes=\"auto\" data-original-sizes=\"(max-width: 650px) 100vw, 650px\"><figcaption id=\"caption-attachment-6949\" class=\"wp-caption-text\"><em>Centralita de control DSE8620 MKII<\/em><\/figcaption><\/figure>\n<p>Todos los generadores est\u00e1n equipados con una gama completa de opciones; <strong>conexiones<\/strong> <strong>externas<\/strong> del tanque de combustible, <strong>cargadores de bater\u00eda<\/strong>, <strong>precalentamiento del motor<\/strong>, dispositivos electr\u00f3nicos de <strong>comunicaci\u00f3n remota<\/strong>, etc.<\/p>\n<p>Tambi\u00e9n van equipados con grandes <strong>cajas de conexi\u00f3n externa.<\/strong><\/p>\n<p>Este sistema de distribuci\u00f3n de energ\u00eda, es un m\u00e9todo <strong>r\u00e1pido<\/strong> y muy <strong>seguro <\/strong>para que la compa\u00f1\u00eda el\u00e9ctrica conecte los grupos electr\u00f3genos a cualquier instalaci\u00f3n del cliente o sistema de distribuci\u00f3n de baja tensi\u00f3n, incluso cuando sea operado por personal sin experiencia.<\/p>\n<figure id=\"attachment_6960\" aria-describedby=\"caption-attachment-6960\" style=\"width: 399px\" class=\"wp-caption aligncenter\"><img decoding=\"async\" class=\"size-full wp-image-6960 lazyload\" data-src=\"\/wp-content\/uploads\/2020\/04\/3_seis-generadores-inmesol-llegan-a-uno-de-los-mayores-productores-proveedores-de-electricidad-y-calor-de-europa.jpg\" alt=\"Cajas de conexi\u00f3n externa\" width=\"399\" height=\"430\" title=\"\" src=\"data:image\/svg+xml;base64,PHN2ZyB3aWR0aD0iMSIgaGVpZ2h0PSIxIiB4bWxucz0iaHR0cDovL3d3dy53My5vcmcvMjAwMC9zdmciPjwvc3ZnPg==\" style=\"--smush-placeholder-width: 399px; --smush-placeholder-aspect-ratio: 399\/430;\" data-srcset=\"https:\/\/www.inmesol.com\/wp-content\/uploads\/2020\/04\/3_seis-generadores-inmesol-llegan-a-uno-de-los-mayores-productores-proveedores-de-electricidad-y-calor-de-europa.jpg 399w, https:\/\/www.inmesol.com\/wp-content\/uploads\/2020\/04\/3_seis-generadores-inmesol-llegan-a-uno-de-los-mayores-productores-proveedores-de-electricidad-y-calor-de-europa-278x300.jpg 278w\" data-sizes=\"auto\" data-original-sizes=\"(max-width: 399px) 100vw, 399px\"><figcaption id=\"caption-attachment-6960\" class=\"wp-caption-text\">Cajas de conexi\u00f3n externa<\/figcaption><\/figure>\n<p>En general, la compa\u00f1\u00eda el\u00e9ctrica ha recibido 6 generadores dotados de herramientas muy <strong>efectivas <\/strong>para <strong>garantizar <\/strong>el suministro de energ\u00eda el\u00e9ctrica, de forma <strong>segura y fiable<\/strong>, a todo tipo de clientes incluyendo los m\u00e1s exigentes y ante cualquier circunstancia.<\/p>\n<p>Ahora m\u00e1s que nunca, somos m\u00e1s conscientes de la importancia de estar preparados para lo inesperado, sobre todo, durante estos \u00faltimos tiempos turbulentos.<\/p>\n<p>&nbsp;<\/p>\n<p>&nbsp;<\/p>\n<p>&nbsp;<\/p>\n","protected":false},"excerpt":{"rendered":"<p>El viernes 20 de marzo, dos camiones, completamente cargados con grupos electr\u00f3genos, llegaron desde la F\u00e1brica de INMESOL en Espa\u00f1a, hasta las instalaciones de &#8230;<\/p>\n","protected":false},"author":2,"featured_media":6946,"comment_status":"closed","ping_status":"closed","sticky":false,"template":"","format":"standard","meta":{"inline_featured_image":false,"footnotes":""},"categories":[21,32],"tags":[29],"categorias-smart-power-":[],"paises-":[],"class_list":["post-6945","post","type-post","status-publish","format-standard","has-post-thumbnail","hentry","category-grupos-electrogenos","category-espanol","tag-grupos-electrogenos-alquiler-rental"],"_links":{"self":[{"href":"https:\/\/www.inmesol.com\/fr\/wp-json\/wp\/v2\/posts\/6945","targetHints":{"allow":["GET"]}}],"collection":[{"href":"https:\/\/www.inmesol.com\/fr\/wp-json\/wp\/v2\/posts"}],"about":[{"href":"https:\/\/www.inmesol.com\/fr\/wp-json\/wp\/v2\/types\/post"}],"author":[{"embeddable":true,"href":"https:\/\/www.inmesol.com\/fr\/wp-json\/wp\/v2\/users\/2"}],"replies":[{"embeddable":true,"href":"https:\/\/www.inmesol.com\/fr\/wp-json\/wp\/v2\/comments?post=6945"}],"version-history":[{"count":0,"href":"https:\/\/www.inmesol.com\/fr\/wp-json\/wp\/v2\/posts\/6945\/revisions"}],"wp:featuredmedia":[{"embeddable":true,"href":"https:\/\/www.inmesol.com\/fr\/wp-json\/wp\/v2\/media\/6946"}],"wp:attachment":[{"href":"https:\/\/www.inmesol.com\/fr\/wp-json\/wp\/v2\/media?parent=6945"}],"wp:term":[{"taxonomy":"category","embeddable":true,"href":"https:\/\/www.inmesol.com\/fr\/wp-json\/wp\/v2\/categories?post=6945"},{"taxonomy":"post_tag","embeddable":true,"href":"https:\/\/www.inmesol.com\/fr\/wp-json\/wp\/v2\/tags?post=6945"},{"taxonomy":"categorias-smart-power-","embeddable":true,"href":"https:\/\/www.inmesol.com\/fr\/wp-json\/wp\/v2\/categorias-smart-power-?post=6945"},{"taxonomy":"paises-","embeddable":true,"href":"https:\/\/www.inmesol.com\/fr\/wp-json\/wp\/v2\/paises-?post=6945"}],"curies":[{"name":"wp","href":"https:\/\/api.w.org\/{rel}","templated":true}]}}