{"id":6969,"date":"2020-09-02T19:14:55","date_gmt":"2020-09-02T19:14:55","guid":{"rendered":"http:\/\/www.inmesol.es\/blog\/?p=6969"},"modified":"2023-09-11T12:00:28","modified_gmt":"2023-09-11T12:00:28","slug":"presenta-las-nuevas-gamas-stage-v","status":"publish","type":"post","link":"https:\/\/www.inmesol.com\/fr\/blog\/presenta-las-nuevas-gamas-stage-v\/","title":{"rendered":"Inmesol presenta las nuevas gamas STAGE V"},"content":{"rendered":"<h2>Los grupos electr\u00f3genos menos contaminantes del mercado<\/h2>\n<p>Los nuevos grupos electr\u00f3genos \u201cverdes\u201d en carrocer\u00edas blancas, son \u201cecol\u00f3gicos\u201d en el sentido de que todos est\u00e1n equipados con motores di\u00e9sel que cumplen con las <strong>normas de emisi\u00f3n de gases de escape<\/strong> <strong>EU Stage V, <\/strong>esto les hace ser los <strong>motores menos contaminantes<\/strong> del mercado hasta la fecha, adem\u00e1s de estar todos ellos certificados para el uso de <strong>combustibles renovables<\/strong>.<\/p>\n<p><img fetchpriority=\"high\" decoding=\"async\" class=\"aligncenter size-full wp-image-6970\" src=\"\/wp-content\/uploads\/2020\/09\/inmesol-presenta-las-nuevas-gamas-stage-v.jpg\" alt=\"\" width=\"900\" height=\"525\" title=\"\" srcset=\"https:\/\/www.inmesol.com\/wp-content\/uploads\/2020\/09\/inmesol-presenta-las-nuevas-gamas-stage-v.jpg 900w, https:\/\/www.inmesol.com\/wp-content\/uploads\/2020\/09\/inmesol-presenta-las-nuevas-gamas-stage-v-300x175.jpg 300w, https:\/\/www.inmesol.com\/wp-content\/uploads\/2020\/09\/inmesol-presenta-las-nuevas-gamas-stage-v-768x448.jpg 768w\" sizes=\"(max-width: 900px) 100vw, 900px\"><\/p>\n<p>Estos generadores est\u00e1n disponibles con controladores de <strong>DEEP SEA, COMAP y DEIF<\/strong> que facilitan la combinaci\u00f3n de los grupos electr\u00f3genos con plantas de energ\u00eda renovable, ya sea como grupos electr\u00f3genos en emergencia o en diferentes <strong>configuraciones h\u00edbridas<\/strong>.<\/p>\n<p>Los motores de esta nueva serie son de las marcas <strong>KOHLER y VOLVO<\/strong> y son todos excepcionalmente eficientes en el consumo de combustible, lo que se traduce en costes de funcionamiento muy bajos, especialmente para los grupos electr\u00f3genos que producen <strong>potencia continua<\/strong>. En el caso de los motores <strong>VOLVO<\/strong> tambi\u00e9n est\u00e1n certificados para combustibles di\u00e9sel renovables de parafina tipo <strong>HVO <\/strong>seg\u00fan la <strong>norma EN 15940 standard<\/strong>.<\/p>\n<p>El resultado es un rango de potencia muy amplio de grupos electr\u00f3genos con emisiones contaminantes casi insignificante.<\/p>\n<p>Las carrocer\u00edas blancas provienen de la gama <strong>INMESOL Rental<\/strong> que es la gama habitual donde se incorporan estos nuevos motores ya que las normas <strong>STAGE V <\/strong>son obligatorias para los grupos electr\u00f3genos m\u00f3viles.<\/p>\n<p>El rango de potencia comienza con los motores <strong>KOHLER<\/strong> con grupo electr\u00f3geno de <strong>12 kVA a 110 kVA de potencia Stand By (LTP).<\/strong><\/p>\n<p><img decoding=\"async\" class=\"aligncenter size-full wp-image-6971 lazyload\" data-src=\"\/wp-content\/uploads\/2020\/09\/1_inmesol-presenta-las-nuevas-gamas-stage-v.jpg\" alt=\"\" width=\"900\" height=\"633\" title=\"\" src=\"data:image\/svg+xml;base64,PHN2ZyB3aWR0aD0iMSIgaGVpZ2h0PSIxIiB4bWxucz0iaHR0cDovL3d3dy53My5vcmcvMjAwMC9zdmciPjwvc3ZnPg==\" style=\"--smush-placeholder-width: 900px; --smush-placeholder-aspect-ratio: 900\/633;\" data-srcset=\"https:\/\/www.inmesol.com\/wp-content\/uploads\/2020\/09\/1_inmesol-presenta-las-nuevas-gamas-stage-v.jpg 900w, https:\/\/www.inmesol.com\/wp-content\/uploads\/2020\/09\/1_inmesol-presenta-las-nuevas-gamas-stage-v-300x211.jpg 300w, https:\/\/www.inmesol.com\/wp-content\/uploads\/2020\/09\/1_inmesol-presenta-las-nuevas-gamas-stage-v-768x540.jpg 768w\" data-sizes=\"auto\" data-original-sizes=\"(max-width: 900px) 100vw, 900px\"><\/p>\n<p>Para potencias mayores, la gama sigue con motores <strong>VOLVO<\/strong> para generadores con una potencia de reserva que va desde <strong>170 kVA a 740 kVA (LTP)<\/strong>.<\/p>\n<p><img decoding=\"async\" class=\"aligncenter size-full wp-image-6972 lazyload\" data-src=\"\/wp-content\/uploads\/2020\/09\/2_inmesol-presenta-las-nuevas-gamas-stage-v.jpg\" alt=\"\" width=\"900\" height=\"600\" title=\"\" src=\"data:image\/svg+xml;base64,PHN2ZyB3aWR0aD0iMSIgaGVpZ2h0PSIxIiB4bWxucz0iaHR0cDovL3d3dy53My5vcmcvMjAwMC9zdmciPjwvc3ZnPg==\" style=\"--smush-placeholder-width: 900px; --smush-placeholder-aspect-ratio: 900\/600;\" data-srcset=\"https:\/\/www.inmesol.com\/wp-content\/uploads\/2020\/09\/2_inmesol-presenta-las-nuevas-gamas-stage-v.jpg 900w, https:\/\/www.inmesol.com\/wp-content\/uploads\/2020\/09\/2_inmesol-presenta-las-nuevas-gamas-stage-v-300x200.jpg 300w, https:\/\/www.inmesol.com\/wp-content\/uploads\/2020\/09\/2_inmesol-presenta-las-nuevas-gamas-stage-v-768x512.jpg 768w\" data-sizes=\"auto\" data-original-sizes=\"(max-width: 900px) 100vw, 900px\"><\/p>\n<p>Y para <strong>completar y ampliar<\/strong> la gama de potencias presentamos los equipos en <strong>contenedores ISO<\/strong> con grupos electr\u00f3genos <strong>dobles <\/strong>con <strong>motores VOLVO en su interior<\/strong>, que dan como resultado potencias totales en un rango de <strong>550 kVA a 1480 kVA<\/strong> <strong>de potencia Stand By (LTP)<\/strong>.<\/p>\n<p><img decoding=\"async\" class=\"aligncenter size-full wp-image-6973 lazyload\" data-src=\"\/wp-content\/uploads\/2020\/09\/3_inmesol-presenta-las-nuevas-gamas-stage-v.jpg\" alt=\"\" width=\"900\" height=\"351\" title=\"\" src=\"data:image\/svg+xml;base64,PHN2ZyB3aWR0aD0iMSIgaGVpZ2h0PSIxIiB4bWxucz0iaHR0cDovL3d3dy53My5vcmcvMjAwMC9zdmciPjwvc3ZnPg==\" style=\"--smush-placeholder-width: 900px; --smush-placeholder-aspect-ratio: 900\/351;\" data-srcset=\"https:\/\/www.inmesol.com\/wp-content\/uploads\/2020\/09\/3_inmesol-presenta-las-nuevas-gamas-stage-v.jpg 900w, https:\/\/www.inmesol.com\/wp-content\/uploads\/2020\/09\/3_inmesol-presenta-las-nuevas-gamas-stage-v-300x117.jpg 300w, https:\/\/www.inmesol.com\/wp-content\/uploads\/2020\/09\/3_inmesol-presenta-las-nuevas-gamas-stage-v-768x300.jpg 768w\" data-sizes=\"auto\" data-original-sizes=\"(max-width: 900px) 100vw, 900px\"><\/p>\n<p>Los grupos electr\u00f3genos dobles, por supuesto, permiten grandes cantidades de energ\u00eda el\u00e9ctrica entregada desde una unidad, as\u00ed como la flexibilidad para adaptarse a la demanda real de energ\u00eda al hacer funcionar ambos o solo un grupo electr\u00f3geno.<\/p>\n<p>Las parejas de grupos electr\u00f3genos en contenedor est\u00e1n siendo muy bien acogidos por las empresas de <strong>alquiler, servicios p\u00fablicos y construcci\u00f3n<\/strong>, debido a la <strong>flexibilidad y versatilidad<\/strong> de uso que ofrecen.<\/p>\n<h3><u>GAMA RENTAL STAGEV:<\/u><\/h3>\n<p><img decoding=\"async\" class=\"aligncenter size-full wp-image-6974 lazyload\" data-src=\"\/wp-content\/uploads\/2020\/09\/4_inmesol-presenta-las-nuevas-gamas-stage-v.jpg\" alt=\"\" width=\"952\" height=\"789\" title=\"\" src=\"data:image\/svg+xml;base64,PHN2ZyB3aWR0aD0iMSIgaGVpZ2h0PSIxIiB4bWxucz0iaHR0cDovL3d3dy53My5vcmcvMjAwMC9zdmciPjwvc3ZnPg==\" style=\"--smush-placeholder-width: 952px; --smush-placeholder-aspect-ratio: 952\/789;\" data-srcset=\"https:\/\/www.inmesol.com\/wp-content\/uploads\/2020\/09\/4_inmesol-presenta-las-nuevas-gamas-stage-v.jpg 952w, https:\/\/www.inmesol.com\/wp-content\/uploads\/2020\/09\/4_inmesol-presenta-las-nuevas-gamas-stage-v-300x249.jpg 300w, https:\/\/www.inmesol.com\/wp-content\/uploads\/2020\/09\/4_inmesol-presenta-las-nuevas-gamas-stage-v-768x637.jpg 768w\" data-sizes=\"auto\" data-original-sizes=\"(max-width: 952px) 100vw, 952px\"><\/p>\n<p>Las <strong>centralitas de control o controlador<\/strong> que llevan de <strong>serie <\/strong>estos equipos, permiten el funcionamiento en paralelo entre grupos electr\u00f3genos y pueden configurarse para que formen unidades de energ\u00eda redundantes, donde un grupo electr\u00f3geno est\u00e1 en reserva del otro o bien con funcionamiento alternativo. Por supuesto, los contenedores se pueden combinar para proporcionar demandas de energ\u00eda a\u00fan mayores y se pueden conectar hasta <strong>16 unidades<\/strong> <u>sin necesidad de agregar m\u00e1s controladores<\/u>, etc.<\/p>\n<p>&nbsp;<\/p>\n","protected":false},"excerpt":{"rendered":"<p>Los nuevos grupos electr\u00f3genos \u201cverdes\u201d en carrocer\u00edas blancas, son \u201cecol\u00f3gicos\u201d en el sentido de que todos est\u00e1n equipados con motores di\u00e9sel que cumplen con las normas de emisi\u00f3n de gases de escape EU Stage V<\/p>\n","protected":false},"author":2,"featured_media":6970,"comment_status":"closed","ping_status":"closed","sticky":false,"template":"","format":"standard","meta":{"inline_featured_image":false,"footnotes":""},"categories":[21,32],"tags":[29],"categorias-smart-power-":[],"paises-":[],"class_list":["post-6969","post","type-post","status-publish","format-standard","has-post-thumbnail","hentry","category-grupos-electrogenos","category-espanol","tag-grupos-electrogenos-alquiler-rental"],"_links":{"self":[{"href":"https:\/\/www.inmesol.com\/fr\/wp-json\/wp\/v2\/posts\/6969","targetHints":{"allow":["GET"]}}],"collection":[{"href":"https:\/\/www.inmesol.com\/fr\/wp-json\/wp\/v2\/posts"}],"about":[{"href":"https:\/\/www.inmesol.com\/fr\/wp-json\/wp\/v2\/types\/post"}],"author":[{"embeddable":true,"href":"https:\/\/www.inmesol.com\/fr\/wp-json\/wp\/v2\/users\/2"}],"replies":[{"embeddable":true,"href":"https:\/\/www.inmesol.com\/fr\/wp-json\/wp\/v2\/comments?post=6969"}],"version-history":[{"count":0,"href":"https:\/\/www.inmesol.com\/fr\/wp-json\/wp\/v2\/posts\/6969\/revisions"}],"wp:featuredmedia":[{"embeddable":true,"href":"https:\/\/www.inmesol.com\/fr\/wp-json\/wp\/v2\/media\/6970"}],"wp:attachment":[{"href":"https:\/\/www.inmesol.com\/fr\/wp-json\/wp\/v2\/media?parent=6969"}],"wp:term":[{"taxonomy":"category","embeddable":true,"href":"https:\/\/www.inmesol.com\/fr\/wp-json\/wp\/v2\/categories?post=6969"},{"taxonomy":"post_tag","embeddable":true,"href":"https:\/\/www.inmesol.com\/fr\/wp-json\/wp\/v2\/tags?post=6969"},{"taxonomy":"categorias-smart-power-","embeddable":true,"href":"https:\/\/www.inmesol.com\/fr\/wp-json\/wp\/v2\/categorias-smart-power-?post=6969"},{"taxonomy":"paises-","embeddable":true,"href":"https:\/\/www.inmesol.com\/fr\/wp-json\/wp\/v2\/paises-?post=6969"}],"curies":[{"name":"wp","href":"https:\/\/api.w.org\/{rel}","templated":true}]}}