{"id":8016,"date":"2013-07-16T20:18:15","date_gmt":"2013-07-16T19:18:15","guid":{"rendered":"http:\/\/www.inmesol.fr\/blog\/?p=463"},"modified":"2023-06-21T10:20:20","modified_gmt":"2023-06-21T10:20:20","slug":"el-diseno-permite-optimizar-al-maximo-las-cargas-maritimas-y-terrestres","status":"publish","type":"post","link":"https:\/\/www.inmesol.com\/fr\/blog\/el-diseno-permite-optimizar-al-maximo-las-cargas-maritimas-y-terrestres\/","title":{"rendered":"Inmesol lance sur le march\u00e9 sa nouvelle carrosserie, la 80\/150 kVA"},"content":{"rendered":"<h4><b>Le design permet d\u2019optimiser au mieux les cargaisons maritimes et terrestres<\/b><\/h4>\n<p style=\"text-align: center;\"><img fetchpriority=\"high\" decoding=\"async\" class=\"aligncenter  wp-image-846\" alt=\"new-canopy-for-80-150-kVA-2\" src=\"\/wp-content\/uploads\/2013\/07\/el-diseno-permite-optimizar-al-maximo-las-cargas-maritimas-y-terrestres.jpg\" width=\"720\" height=\"424\" title=\"\" srcset=\"https:\/\/www.inmesol.com\/wp-content\/uploads\/2013\/07\/el-diseno-permite-optimizar-al-maximo-las-cargas-maritimas-y-terrestres.jpg 1200w, https:\/\/www.inmesol.com\/wp-content\/uploads\/2013\/07\/el-diseno-permite-optimizar-al-maximo-las-cargas-maritimas-y-terrestres-300x177.jpg 300w, https:\/\/www.inmesol.com\/wp-content\/uploads\/2013\/07\/el-diseno-permite-optimizar-al-maximo-las-cargas-maritimas-y-terrestres-1024x602.jpg 1024w, https:\/\/www.inmesol.com\/wp-content\/uploads\/2013\/07\/el-diseno-permite-optimizar-al-maximo-las-cargas-maritimas-y-terrestres-768x452.jpg 768w\" sizes=\"(max-width: 720px) 100vw, 720px\"><\/p>\n<p>Le <strong>nouveau mod\u00e8le de carrosserie<\/strong>, qui reste bien s\u00fbr fid\u00e8le aux exigences de <strong>robustesse <\/strong>et de <strong>fiabilit\u00e9 <\/strong>qui caract\u00e9risent le reste de la gamme a \u00e9t\u00e9 con\u00e7u de fa\u00e7on \u00e0 pouvoir h\u00e9berger des groupes \u00e9lectrog\u00e8nes de <strong>80 kVA \u00e0 150 kVA<\/strong>.<\/p>\n<p style=\"text-align: center;\">\u00a0<img decoding=\"async\" class=\"aligncenter  wp-image-845 lazyload\" alt=\"new-canopy-for-80-150-kVA-1\" data-src=\"\/wp-content\/uploads\/2013\/07\/1_el-diseno-permite-optimizar-al-maximo-las-cargas-maritimas-y-terrestres.jpg\" width=\"720\" height=\"418\" title=\"\" src=\"data:image\/svg+xml;base64,PHN2ZyB3aWR0aD0iMSIgaGVpZ2h0PSIxIiB4bWxucz0iaHR0cDovL3d3dy53My5vcmcvMjAwMC9zdmciPjwvc3ZnPg==\" style=\"--smush-placeholder-width: 720px; --smush-placeholder-aspect-ratio: 720\/418;\" data-srcset=\"https:\/\/www.inmesol.com\/wp-content\/uploads\/2013\/07\/1_el-diseno-permite-optimizar-al-maximo-las-cargas-maritimas-y-terrestres.jpg 1200w, https:\/\/www.inmesol.com\/wp-content\/uploads\/2013\/07\/1_el-diseno-permite-optimizar-al-maximo-las-cargas-maritimas-y-terrestres-300x174.jpg 300w, https:\/\/www.inmesol.com\/wp-content\/uploads\/2013\/07\/1_el-diseno-permite-optimizar-al-maximo-las-cargas-maritimas-y-terrestres-1024x595.jpg 1024w, https:\/\/www.inmesol.com\/wp-content\/uploads\/2013\/07\/1_el-diseno-permite-optimizar-al-maximo-las-cargas-maritimas-y-terrestres-768x446.jpg 768w\" data-sizes=\"auto\" data-original-sizes=\"(max-width: 720px) 100vw, 720px\"><\/p>\n<p>Ses <strong>dimensions &#8211; 2950 mm de long, 1100 mm de large et 1759 mm de haut\u00a0<\/strong>\u2013 permettent d\u2019exploiter au maximum les diff\u00e9rents agencements de cargaison, que ce soit sur terre ou sur mer.<\/p>\n<p>Par exemple, un <strong>conteneur maritime<\/strong> de 40\u2019 HIGH CUBE peut h\u00e9berger jusqu\u2019\u00e0 <strong>huit unit\u00e9s<\/strong> de ce nouveau mod\u00e8le.<\/p>\n<p style=\"text-align: center;\"><img decoding=\"async\" class=\"aligncenter  wp-image-844 lazyload\" alt=\"new-canopy-for-80-150-kVA-3\" data-src=\"\/wp-content\/uploads\/2013\/07\/2_el-diseno-permite-optimizar-al-maximo-las-cargas-maritimas-y-terrestres.jpg\" width=\"720\" height=\"434\" title=\"\" src=\"data:image\/svg+xml;base64,PHN2ZyB3aWR0aD0iMSIgaGVpZ2h0PSIxIiB4bWxucz0iaHR0cDovL3d3dy53My5vcmcvMjAwMC9zdmciPjwvc3ZnPg==\" style=\"--smush-placeholder-width: 720px; --smush-placeholder-aspect-ratio: 720\/434;\" data-srcset=\"https:\/\/www.inmesol.com\/wp-content\/uploads\/2013\/07\/2_el-diseno-permite-optimizar-al-maximo-las-cargas-maritimas-y-terrestres.jpg 1200w, https:\/\/www.inmesol.com\/wp-content\/uploads\/2013\/07\/2_el-diseno-permite-optimizar-al-maximo-las-cargas-maritimas-y-terrestres-300x181.jpg 300w, https:\/\/www.inmesol.com\/wp-content\/uploads\/2013\/07\/2_el-diseno-permite-optimizar-al-maximo-las-cargas-maritimas-y-terrestres-1024x618.jpg 1024w, https:\/\/www.inmesol.com\/wp-content\/uploads\/2013\/07\/2_el-diseno-permite-optimizar-al-maximo-las-cargas-maritimas-y-terrestres-768x463.jpg 768w\" data-sizes=\"auto\" data-original-sizes=\"(max-width: 720px) 100vw, 720px\"><\/p>\n","protected":false},"excerpt":{"rendered":"<p>Le nouveau mod\u00e8le de carrosserie, qui reste bien s\u00fbr fid\u00e8le aux exigences de robustesse et de fiabilit\u00e9 qui caract\u00e9risent le reste de la gamme a \u00e9t\u00e9 con\u00e7u de fa\u00e7on \u00e0 pouvoir h\u00e9berger des groupes \u00e9lectrog\u00e8nes de 80 kVA \u00e0 150 kVA. <\/p>\n","protected":false},"author":2,"featured_media":458,"comment_status":"open","ping_status":"open","sticky":false,"template":"","format":"standard","meta":{"inline_featured_image":false,"footnotes":""},"categories":[34,49],"tags":[],"categorias-smart-power-":[],"paises-":[],"class_list":["post-8016","post","type-post","status-publish","format-standard","has-post-thumbnail","hentry","category-frances","category-groupes-electrogenes"],"_links":{"self":[{"href":"https:\/\/www.inmesol.com\/fr\/wp-json\/wp\/v2\/posts\/8016","targetHints":{"allow":["GET"]}}],"collection":[{"href":"https:\/\/www.inmesol.com\/fr\/wp-json\/wp\/v2\/posts"}],"about":[{"href":"https:\/\/www.inmesol.com\/fr\/wp-json\/wp\/v2\/types\/post"}],"author":[{"embeddable":true,"href":"https:\/\/www.inmesol.com\/fr\/wp-json\/wp\/v2\/users\/2"}],"replies":[{"embeddable":true,"href":"https:\/\/www.inmesol.com\/fr\/wp-json\/wp\/v2\/comments?post=8016"}],"version-history":[{"count":0,"href":"https:\/\/www.inmesol.com\/fr\/wp-json\/wp\/v2\/posts\/8016\/revisions"}],"wp:featuredmedia":[{"embeddable":true,"href":"https:\/\/www.inmesol.com\/fr\/wp-json\/"}],"wp:attachment":[{"href":"https:\/\/www.inmesol.com\/fr\/wp-json\/wp\/v2\/media?parent=8016"}],"wp:term":[{"taxonomy":"category","embeddable":true,"href":"https:\/\/www.inmesol.com\/fr\/wp-json\/wp\/v2\/categories?post=8016"},{"taxonomy":"post_tag","embeddable":true,"href":"https:\/\/www.inmesol.com\/fr\/wp-json\/wp\/v2\/tags?post=8016"},{"taxonomy":"categorias-smart-power-","embeddable":true,"href":"https:\/\/www.inmesol.com\/fr\/wp-json\/wp\/v2\/categorias-smart-power-?post=8016"},{"taxonomy":"paises-","embeddable":true,"href":"https:\/\/www.inmesol.com\/fr\/wp-json\/wp\/v2\/paises-?post=8016"}],"curies":[{"name":"wp","href":"https:\/\/api.w.org\/{rel}","templated":true}]}}