{"id":8188,"date":"2014-03-22T18:49:39","date_gmt":"2014-03-22T18:49:39","guid":{"rendered":"http:\/\/www.inmesol.fr\/blog\/?p=1109"},"modified":"2023-06-21T10:18:23","modified_gmt":"2023-06-21T10:18:23","slug":"notre-equipe-monte-a-nouveau-sur-le-podium","status":"publish","type":"post","link":"https:\/\/www.inmesol.com\/fr\/blog\/notre-equipe-monte-a-nouveau-sur-le-podium\/","title":{"rendered":"Notre \u00e9quipe monte \u00e0 nouveau sur le podium"},"content":{"rendered":"<div id=\"entradilla\">\n<h2 class=\"bullet\">Le T\u00e1ndemMurcia d\u00e9croche deux m\u00e9dailles d\u2019argent et une de bronze aux championnats d\u2019Espagne de cyclisme sur piste a<\/h2>\n<h2 class=\"bullet\">Son prochain d\u00e9fi sera le championnat du Monde de Mexico<\/h2>\n<\/div>\n<p>Le calendrier des comp\u00e9titions de l\u2019ann\u00e9e vient tout juste de commencer et voil\u00e0 que nous \u00ab&nbsp;devons&nbsp;\u00bb d\u00e9j\u00e0 f\u00e9liciter notre \u00e9quipe, le <strong>T\u00e1ndemMurcia<\/strong> puisqu\u2019il a obtenu trois m\u00e9dailles au <strong>championnat d\u2019Espagne de cyclisme adapt\u00e9 sur piste<\/strong> qui s\u2019est d\u00e9roul\u00e9 le week-end dernier \u00e0 Galapagar (Madrid).<\/p>\n<figure id=\"attachment_2255\" aria-describedby=\"caption-attachment-2255\" style=\"width: 640px\" class=\"wp-caption alignnone\"><img fetchpriority=\"high\" decoding=\"async\" class=\"size-full wp-image-2255 \" src=\"\/wp-content\/uploads\/2014\/03\/notre-equipe-monte-a-nouveau-sur-le-podium.jpg\" alt=\"Les vainqueurs du championnat d\u2019Espagne de cyclisme sur piste 2014. (Image : f\u00e9d\u00e9ration de cyclisme de la r\u00e9gion de Murcie).\" width=\"640\" height=\"400\" title=\"\" srcset=\"https:\/\/www.inmesol.com\/wp-content\/uploads\/2014\/03\/notre-equipe-monte-a-nouveau-sur-le-podium.jpg 640w, https:\/\/www.inmesol.com\/wp-content\/uploads\/2014\/03\/notre-equipe-monte-a-nouveau-sur-le-podium-300x188.jpg 300w\" sizes=\"(max-width: 640px) 100vw, 640px\"><figcaption id=\"caption-attachment-2255\" class=\"wp-caption-text\">Les vainqueurs du championnat d\u2019Espagne de cyclisme sur piste 2014. (Image : f\u00e9d\u00e9ration de cyclisme de la r\u00e9gion de Murcie).<\/figcaption><\/figure>\n<h3>Deux m\u00e9dailles d\u2019argent et une de bronze<\/h3>\n<p>Le tandem form\u00e9 par <a href=\"http:\/\/www.inmesol.fr\/blog\/nous-continuons-a-soutenir-notre-champion-paralympique\" target=\"_blank\" rel=\"noopener\"><strong>Miguel \u00c1ngel Clemente<\/strong><\/a> et <strong>Pedro Jos\u00e9 Ver\u00e1<\/strong>, l\u2019\u00e9quipe de cyclisme <strong>parrain\u00e9e par Inmesol<\/strong> depuis 2011, s\u2019est class\u00e9 <strong>deuxi\u00e8me \u00e0 l\u2019\u00e9preuve de poursuite individuelle <\/strong>avec un temps de 4:33. Il a de plus obtenu la <strong>m\u00e9daille d\u2019argent lors de l\u2019\u00e9preuve du kilom\u00e8tre d\u00e9part arr\u00eat\u00e9<\/strong>, avec un temps de 1:05:700, am\u00e9liorant de plus d\u2019une seconde son propre record, et la <strong>m\u00e9daille de bronze de l\u2019\u00e9preuve de vitesse<\/strong>. Ce triomphe va les conduire tout droit au prochain rendez-vous du calendrier des comp\u00e9titions&nbsp;: le <strong>championnat du monde de cyclisme sur piste <\/strong>que sera disput\u00e9 \u00e0 <strong>Mexico<\/strong> (v\u00e9lodrome du Bicentenaire, \u00e0 Aguascalientes) du 13 au 15 avril. Plus tard, les 17 et 18 mai, nos champions sont attendus \u00e0 Ciudad Real (Espagne) pour le <strong>championnat d\u2019Espagne de cyclisme sur route et contre-la-montre<\/strong>.<\/p>\n<figure id=\"attachment_2256\" aria-describedby=\"caption-attachment-2256\" style=\"width: 421px\" class=\"wp-caption aligncenter\"><img decoding=\"async\" class=\"size-full wp-image-2256 lazyload\" data-src=\"\/wp-content\/uploads\/2014\/03\/1_notre-equipe-monte-a-nouveau-sur-le-podium.jpg\" alt=\"Le T\u00e1ndemMurcia v\u00eatu aux couleurs d\u2019Inmesol.\" width=\"421\" height=\"279\" title=\"\" src=\"data:image\/svg+xml;base64,PHN2ZyB3aWR0aD0iMSIgaGVpZ2h0PSIxIiB4bWxucz0iaHR0cDovL3d3dy53My5vcmcvMjAwMC9zdmciPjwvc3ZnPg==\" style=\"--smush-placeholder-width: 421px; --smush-placeholder-aspect-ratio: 421\/279;\" data-srcset=\"https:\/\/www.inmesol.com\/wp-content\/uploads\/2014\/03\/1_notre-equipe-monte-a-nouveau-sur-le-podium.jpg 421w, https:\/\/www.inmesol.com\/wp-content\/uploads\/2014\/03\/1_notre-equipe-monte-a-nouveau-sur-le-podium-300x199.jpg 300w\" data-sizes=\"auto\" data-original-sizes=\"(max-width: 421px) 100vw, 421px\"><figcaption id=\"caption-attachment-2256\" class=\"wp-caption-text\">Le T\u00e1ndemMurcia v\u00eatu aux couleurs d\u2019Inmesol.<\/figcaption><\/figure>\n<figure id=\"attachment_2257\" aria-describedby=\"caption-attachment-2257\" style=\"width: 241px\" class=\"wp-caption aligncenter\"><img decoding=\"async\" class=\"size-full wp-image-2257 lazyload\" data-src=\"\/wp-content\/uploads\/2014\/03\/2_notre-equipe-monte-a-nouveau-sur-le-podium.jpg\" alt=\"Le T\u00e1ndemMurcia v\u00eatu aux couleurs d\u2019Inmesol.\" width=\"241\" height=\"363\" title=\"\" src=\"data:image\/svg+xml;base64,PHN2ZyB3aWR0aD0iMSIgaGVpZ2h0PSIxIiB4bWxucz0iaHR0cDovL3d3dy53My5vcmcvMjAwMC9zdmciPjwvc3ZnPg==\" style=\"--smush-placeholder-width: 241px; --smush-placeholder-aspect-ratio: 241\/363;\" data-srcset=\"https:\/\/www.inmesol.com\/wp-content\/uploads\/2014\/03\/2_notre-equipe-monte-a-nouveau-sur-le-podium.jpg 241w, https:\/\/www.inmesol.com\/wp-content\/uploads\/2014\/03\/2_notre-equipe-monte-a-nouveau-sur-le-podium-199x300.jpg 199w\" data-sizes=\"auto\" data-original-sizes=\"(max-width: 241px) 100vw, 241px\"><figcaption id=\"caption-attachment-2257\" class=\"wp-caption-text\">Le T\u00e1ndemMurcia v\u00eatu aux couleurs d\u2019Inmesol.<\/figcaption><\/figure>\n<p>Toutes nos f\u00e9licitations \u00e0 Miguel \u00c1ngel Clemente et \u00e0 son guide, Pedro Jos\u00e9 Vera, pour cette nouvelle victoire, qui compte aussi pour d\u00e9terminer leur participation aux prochains Jeux olympiques de Rio de Janeiro. On s\u2019en souvient, le T\u00e1ndemMurcia a d\u00e9croch\u00e9 la m\u00e9daille de bronze aux Jeux Paralympiques de Londres 2012 et nous savons de source s\u00fbre qu\u2019ils travaillent dur pour pouvoir remonter sur le podium en en 2016. Tenez bon, les champions&nbsp;!<\/p>\n","protected":false},"excerpt":{"rendered":"<p>Le calendrier des comp\u00e9titions de l\u2019ann\u00e9e vient tout juste de commencer et voil\u00e0 que nous \u00ab devons \u00bb d\u00e9j\u00e0 f\u00e9liciter notre \u00e9quipe, le T\u00e1ndemMurcia puisqu\u2019il a obtenu trois m\u00e9dailles au championnat d\u2019Espagne de cyclisme adapt\u00e9 sur piste qui s\u2019est d\u00e9roul\u00e9 le week-end dernier \u00e0 Galapagar (Madrid).<\/p>\n","protected":false},"author":2,"featured_media":1104,"comment_status":"closed","ping_status":"open","sticky":false,"template":"","format":"standard","meta":{"inline_featured_image":false,"footnotes":""},"categories":[34,57],"tags":[47],"categorias-smart-power-":[],"paises-":[],"class_list":["post-8188","post","type-post","status-publish","format-standard","has-post-thumbnail","hentry","category-frances","category-corporatif","tag-tandem"],"_links":{"self":[{"href":"https:\/\/www.inmesol.com\/fr\/wp-json\/wp\/v2\/posts\/8188","targetHints":{"allow":["GET"]}}],"collection":[{"href":"https:\/\/www.inmesol.com\/fr\/wp-json\/wp\/v2\/posts"}],"about":[{"href":"https:\/\/www.inmesol.com\/fr\/wp-json\/wp\/v2\/types\/post"}],"author":[{"embeddable":true,"href":"https:\/\/www.inmesol.com\/fr\/wp-json\/wp\/v2\/users\/2"}],"replies":[{"embeddable":true,"href":"https:\/\/www.inmesol.com\/fr\/wp-json\/wp\/v2\/comments?post=8188"}],"version-history":[{"count":0,"href":"https:\/\/www.inmesol.com\/fr\/wp-json\/wp\/v2\/posts\/8188\/revisions"}],"wp:featuredmedia":[{"embeddable":true,"href":"https:\/\/www.inmesol.com\/fr\/wp-json\/"}],"wp:attachment":[{"href":"https:\/\/www.inmesol.com\/fr\/wp-json\/wp\/v2\/media?parent=8188"}],"wp:term":[{"taxonomy":"category","embeddable":true,"href":"https:\/\/www.inmesol.com\/fr\/wp-json\/wp\/v2\/categories?post=8188"},{"taxonomy":"post_tag","embeddable":true,"href":"https:\/\/www.inmesol.com\/fr\/wp-json\/wp\/v2\/tags?post=8188"},{"taxonomy":"categorias-smart-power-","embeddable":true,"href":"https:\/\/www.inmesol.com\/fr\/wp-json\/wp\/v2\/categorias-smart-power-?post=8188"},{"taxonomy":"paises-","embeddable":true,"href":"https:\/\/www.inmesol.com\/fr\/wp-json\/wp\/v2\/paises-?post=8188"}],"curies":[{"name":"wp","href":"https:\/\/api.w.org\/{rel}","templated":true}]}}