{"id":8193,"date":"2014-03-27T07:00:14","date_gmt":"2014-03-27T06:00:14","guid":{"rendered":"http:\/\/www.inmesol.fr\/blog\/?p=1127"},"modified":"2026-01-16T09:08:40","modified_gmt":"2026-01-16T09:08:40","slug":"ce-samedi-nous-celebrons-lheure-de-la-planete-rejoignez-nous","status":"publish","type":"post","link":"https:\/\/www.inmesol.com\/fr\/blog\/ce-samedi-nous-celebrons-lheure-de-la-planete-rejoignez-nous\/","title":{"rendered":"Ce samedi, nous  c\u00e9l\u00e9brons l\u2019heure de la plan\u00e8te. Rejoignez-nous !"},"content":{"rendered":"<p>Samedi prochain, 29 mars, sera le jour de <strong>la huiti\u00e8me \u00e9dition de l\u2019Heure de la Plan\u00e8te\u00a0<\/strong>: des milliers de villes du monde entier seront pratiquement plong\u00e9es dans le noir car leurs habitants <strong>\u00e9teindront d\u00e9lib\u00e9r\u00e9ment les lumi\u00e8res \u00a0<\/strong>de chez eux tandis que les mairies feront de m\u00eame pour les monuments les plus embl\u00e9matiques de leurs municipalit\u00e9s (la tour Eiffel, les Pyramides, la Sagrada Familia\u2026). Toutefois, l\u2019Heure de la Plan\u00e8te <strong>est bien plus qu\u2019un \u00e9v\u00e9nement symbolique contre le changement climatique<\/strong>. C\u2019est un <strong>mouvement mondial<\/strong> qui vise \u00e0 nous sensibiliser au <strong>r\u00f4le actif<\/strong> et positif <strong>que nous pouvons tous jouer pour pr\u00e9server la Terre<\/strong>. Il a d\u00e9j\u00e0 <strong>r\u00e9ussi \u00e0 \u00e9tablir des engagements environnementaux dans le monde entier<\/strong>. Desmond Tutu, prix Nobel de la paix, l\u2019a qualifi\u00e9 de \u00ab\u00a0l\u2019un des mouvements sociaux les plus importants jamais vus par l\u2019humanit\u00e9\u00a0\u00bb.<\/p>\n<p>L\u2019Heure de la Plan\u00e8te est une id\u00e9e de l\u2019ONG WWF (World Wide Fund for Nature) et de la prestigieuse agence de publicit\u00e9 Leo Burnett. Elle <strong>a lieu<\/strong> tous les ans le <strong>dernier samedi du mois de mars<\/strong>, <strong>de 20 h 30 \u00e0 21 h 30<\/strong> (heure locale). Sa premi\u00e8re \u00e9dition s\u2019est tenue \u00e0 Sydney (Australie) le 31 mars 2007 avec la participation de plus de deux millions de personnes. <strong>L\u2019an dernier, plus de 7000 villes y ont particip\u00e9<\/strong>.<\/p>\n<h3>Participation active de tous les acteurs sociaux<\/h3>\n<p>Aujourd\u2019hui, l\u2019Heure de la Plan\u00e8te se d\u00e9roule avec la participation active de petites, moyennes et grandes <strong>entreprises<\/strong>, <strong>des m\u00e9dias<\/strong>, <strong>des institutions publiques et priv\u00e9es<\/strong>, de personnages de <strong>r\u00e9f\u00e9rence de la vie sociale<\/strong> et <strong>de millions de personnes agissant \u00e0 titre personnel <\/strong>dans le monde entier. La manifestation de samedi est un appel qui nous invite \u00e0 nous engager envers <strong>l\u2019efficience \u00e9nerg\u00e9tique<\/strong> et \u00e0 <strong>consommer responsables toute l\u2019ann\u00e9e<\/strong>, \u00e0 encourager les <strong>bonnes pratiques<\/strong> et \u00e0 contribuer \u00e0 la cr\u00e9ation de <strong>villes durables<\/strong>. Sur son site web, la WWF fournit toute sorte d\u2019informations et de ressources aux entreprises et aux particuliers qui se demandent comment contribuer aux objectifs de la campagne et, plus g\u00e9n\u00e9ralement, \u00e0 la pr\u00e9servation de l\u2019environnement. On y trouve \u00e9galement les <strong>activit\u00e9s<\/strong> <strong>programm\u00e9es<\/strong> pour la journ\u00e9e dans chaque pays : concerts, conf\u00e9rences, marches, ateliers, etc.<\/p>\n<p style=\"text-align: center;\"><img fetchpriority=\"high\" decoding=\"async\" class=\"aligncenter size-full wp-image-2276\" src=\"\/wp-content\/uploads\/2014\/03\/ce-samedi-nous-celebrons-lheure-de-la-planete-rejoignez-nous.jpg\" alt=\"la-hora-del-paneta-1\" width=\"380\" height=\"538\" title=\"\" srcset=\"https:\/\/www.inmesol.com\/wp-content\/uploads\/2014\/03\/ce-samedi-nous-celebrons-lheure-de-la-planete-rejoignez-nous.jpg 380w, https:\/\/www.inmesol.com\/wp-content\/uploads\/2014\/03\/ce-samedi-nous-celebrons-lheure-de-la-planete-rejoignez-nous-212x300.jpg 212w\" sizes=\"(max-width: 380px) 100vw, 380px\"><\/p>\n<h3>60 minutes de repos bien m\u00e9rit\u00e9 pour la Terre\u2026 et sans Internet, non plus\u00a0!<\/h3>\n<p>Cet an-ci, l\u2019Heure de la Plan\u00e8te <strong>nous demande quelque chose en plus<\/strong>, un v\u00e9ritable d\u00e9fi pour bien des gens\u00a0: elle nous demande <strong>d\u2019\u00e9teindre aussi Internet pendant une heure<\/strong>. Et, si nous poss\u00e9dons un site web, de le d\u00e9sactiver lui aussi.<\/p>\n<p style=\"text-align: center;\"><img decoding=\"async\" class=\"aligncenter size-full wp-image-2284 lazyload\" data-src=\"\/wp-content\/uploads\/2014\/03\/1_ce-samedi-nous-celebrons-lheure-de-la-planete-rejoignez-nous.jpg\" alt=\"la-hora-del-paneta-2\" width=\"441\" height=\"256\" title=\"\" src=\"data:image\/svg+xml;base64,PHN2ZyB3aWR0aD0iMSIgaGVpZ2h0PSIxIiB4bWxucz0iaHR0cDovL3d3dy53My5vcmcvMjAwMC9zdmciPjwvc3ZnPg==\" style=\"--smush-placeholder-width: 441px; --smush-placeholder-aspect-ratio: 441\/256;\" data-srcset=\"https:\/\/www.inmesol.com\/wp-content\/uploads\/2014\/03\/1_ce-samedi-nous-celebrons-lheure-de-la-planete-rejoignez-nous.jpg 441w, https:\/\/www.inmesol.com\/wp-content\/uploads\/2014\/03\/1_ce-samedi-nous-celebrons-lheure-de-la-planete-rejoignez-nous-300x174.jpg 300w\" data-sizes=\"auto\" data-original-sizes=\"(max-width: 441px) 100vw, 441px\"><\/p>\n<p style=\"text-align: left;\"><strong>L\u2019agence Leo Burnett Madrid a cr\u00e9\u00e9<\/strong> pour WWF <strong>un<\/strong> <strong>outil <\/strong>novateur <strong>qui permet<\/strong> \u00e0 tous \u2013\u00a0institutions, particuliers et entreprises\u00a0\u2013 <strong>de d\u00e9sactiver leur site web pendant l\u2019Heure de la Plan\u00e8te<\/strong> en suivant des instructions tr\u00e8s simples. <strong>Les sites web seront affich\u00e9s en noir<\/strong>, mais il ne sera pas possible de naviguer dedans \u00e0 l\u2019aide de la<strong> souris<\/strong>, laquelle <strong>fera office de lampe de poche<\/strong> et illuminera les contenus en passant par-dessus.<\/p>\n<p style=\"text-align: left;\">[youtube height=\u00a0\u00bb360&Prime; width=\u00a0\u00bb640&Prime;]https:\/\/www.youtube.com\/watch?v=gfJKtXnMKE0&amp;feature=player_embedded#![\/youtube]<\/p>\n<p><strong>Chez Inmesol, nous suivons une politique d\u2019efficience \u00e9nerg\u00e9tique<\/strong> dans nos installations comme dans l\u2019application de nouvelles technologies plus respectueuses de l\u2019environnement dans les <strong>groupes \u00e9lectrog\u00e8nes<\/strong> et les <strong>tours d\u2019\u00e9clairage<\/strong> que nous fabriquons. Et nous continuons \u00e0 innover pour faire de notre plan\u00e8te un monde plus durable.<\/p>\n","protected":false},"excerpt":{"rendered":"<p>Samedi prochain, 29 mars, sera le jour de la huiti\u00e8me \u00e9dition de l\u2019Heure de la Plan\u00e8te : des milliers de villes du monde entier seront pratiquement plong\u00e9es dans le noir car leurs habitants \u00e9teindront d\u00e9lib\u00e9r\u00e9ment les lumi\u00e8res  de chez eux tandis que les mairies feront de m\u00eame pour les monuments les plus embl\u00e9matiques de leurs municipalit\u00e9s.<\/p>\n","protected":false},"author":2,"featured_media":1123,"comment_status":"closed","ping_status":"open","sticky":false,"template":"","format":"standard","meta":{"inline_featured_image":false,"footnotes":""},"categories":[34,51],"tags":[],"categorias-smart-power-":[],"paises-":[],"class_list":["post-8193","post","type-post","status-publish","format-standard","has-post-thumbnail","hentry","category-frances","category-science-et-technologie"],"_links":{"self":[{"href":"https:\/\/www.inmesol.com\/fr\/wp-json\/wp\/v2\/posts\/8193","targetHints":{"allow":["GET"]}}],"collection":[{"href":"https:\/\/www.inmesol.com\/fr\/wp-json\/wp\/v2\/posts"}],"about":[{"href":"https:\/\/www.inmesol.com\/fr\/wp-json\/wp\/v2\/types\/post"}],"author":[{"embeddable":true,"href":"https:\/\/www.inmesol.com\/fr\/wp-json\/wp\/v2\/users\/2"}],"replies":[{"embeddable":true,"href":"https:\/\/www.inmesol.com\/fr\/wp-json\/wp\/v2\/comments?post=8193"}],"version-history":[{"count":0,"href":"https:\/\/www.inmesol.com\/fr\/wp-json\/wp\/v2\/posts\/8193\/revisions"}],"wp:featuredmedia":[{"embeddable":true,"href":"https:\/\/www.inmesol.com\/fr\/wp-json\/"}],"wp:attachment":[{"href":"https:\/\/www.inmesol.com\/fr\/wp-json\/wp\/v2\/media?parent=8193"}],"wp:term":[{"taxonomy":"category","embeddable":true,"href":"https:\/\/www.inmesol.com\/fr\/wp-json\/wp\/v2\/categories?post=8193"},{"taxonomy":"post_tag","embeddable":true,"href":"https:\/\/www.inmesol.com\/fr\/wp-json\/wp\/v2\/tags?post=8193"},{"taxonomy":"categorias-smart-power-","embeddable":true,"href":"https:\/\/www.inmesol.com\/fr\/wp-json\/wp\/v2\/categorias-smart-power-?post=8193"},{"taxonomy":"paises-","embeddable":true,"href":"https:\/\/www.inmesol.com\/fr\/wp-json\/wp\/v2\/paises-?post=8193"}],"curies":[{"name":"wp","href":"https:\/\/api.w.org\/{rel}","templated":true}]}}