{"id":8483,"date":"2015-04-21T10:00:52","date_gmt":"2015-04-21T08:00:52","guid":{"rendered":"http:\/\/www.inmesol.fr\/blog\/?p=2360"},"modified":"2023-06-21T14:07:48","modified_gmt":"2023-06-21T14:07:48","slug":"presentation-du-conteneur-super-insonorise-it-1010","status":"publish","type":"post","link":"https:\/\/www.inmesol.com\/fr\/blog\/presentation-du-conteneur-super-insonorise-it-1010\/","title":{"rendered":"Pr\u00e9sentation du conteneur de groupe \u00e9lectrog\u00e8ne super-insonoris\u00e9 IT-1010"},"content":{"rendered":"<p style=\"text-align: justify;\">Inmesol vient de finaliser la fabrication d\u2019un <strong>nouveau mod\u00e8le de conteneur super-insonoris\u00e9 <\/strong><strong>de 915 kVA PRP et 1010 kVA LTP, con\u00e7u sp\u00e9cialement pour travailler en situation d\u2019urgence <\/strong>dans un centre de traitement m\u00e9canique et biologique situ\u00e9 dans le comt\u00e9 d\u2019Istrie, en R\u00e9publique de Croatie.<\/p>\n<p style=\"text-align: justify;\">\u00c0 la diff\u00e9rence des conteneurs de s\u00e9rie, celui-ci <strong>pr\u00e9sente deux modules silencieux externes<\/strong>, l\u2019un d\u2019admission et l\u2019autre d\u2019expulsion, ce qui nous <strong>a permis de r\u00e9duire grandement les \u00e9missions sonores<\/strong>, les faisant passer <strong>des 78 dB(A) @ 7m de pression sonore<\/strong> des mod\u00e8les standards dans des conditions normales <strong>\u00e0 71 dB(A) @ 7m<\/strong>.<\/p>\n<figure id=\"attachment_2359\" aria-describedby=\"caption-attachment-2359\" style=\"width: 640px\" class=\"wp-caption aligncenter\"><img fetchpriority=\"high\" decoding=\"async\" class=\"wp-image-2359 size-full\" title=\" conteneur de groupe \u00e9lectrog\u00e8ne IT-1010\" src=\"\/wp-content\/uploads\/2015\/04\/presentation-du-conteneur-super-insonorise-it-1010.jpg\" alt=\" conteneur de groupe \u00e9lectrog\u00e8ne IT-1010\" width=\"640\" height=\"420\" srcset=\"https:\/\/www.inmesol.com\/wp-content\/uploads\/2015\/04\/presentation-du-conteneur-super-insonorise-it-1010.jpg 640w, https:\/\/www.inmesol.com\/wp-content\/uploads\/2015\/04\/presentation-du-conteneur-super-insonorise-it-1010-300x197.jpg 300w\" sizes=\"(max-width: 640px) 100vw, 640px\"><figcaption id=\"caption-attachment-2359\" class=\"wp-caption-text\">Le nouveau mod\u00e8le de conteneur de groupe \u00e9lectrog\u00e8ne<\/figcaption><\/figure>\n<p style=\"text-align: justify;\"><strong>Pour parvenir \u00e0 rabaisser les \u00e9missions sonores de l\u2019IT-1010, nous avons mis en place le syst\u00e8me \u00ab&nbsp;Splitter&nbsp;\u00bb &nbsp;de silencieux&nbsp;<\/strong>: le flux d\u2019air a \u00e9t\u00e9 s\u00e9par\u00e9 en fin canaux que nous avons ensuite recouverts et isol\u00e9s entre eux \u00e0 l\u2019aide d\u2019un mat\u00e9riau absorbant, si bien que les ondes sonores, forc\u00e9es de se diversifier par les divers conduits, puis de se heurter au mat\u00e9riau absorbant, perdent progressivement de leur \u00e9nergie jusqu\u2019\u00e0 la diminuer notablement \u00e0 la sortie. <strong>Le r\u00e9sultat est un \u00e9quipement super-insonoris\u00e9<\/strong>, \u00e0 basse pression et basse \u00e9mission acoustiques.<\/p>\n<p style=\"text-align: justify;\">L<strong>es principales sources d\u2019\u00e9missions sonores <\/strong>dont il faut tenir compte lorsqu\u2019on insonorise un groupe \u00e9lectrog\u00e8ne sont celles que causent les forces m\u00e9caniques et les forces de combustion &nbsp;du moteur, le ventilateur, l\u2019\u00e9chappement du moteur, les \u00e9missions occasionn\u00e9es par les vibrations des diff\u00e9rentes parties de la machine et celles de l\u2019alternateur.<\/p>\n<p style=\"text-align: justify;\">Avec ce nouveau mod\u00e8le, d\u00e9j\u00e0 sur le march\u00e9, nous \u00e9largissons la gamme d\u00e9j\u00e0 vaste de <a href=\"http:\/\/www.inmesol.fr\/groupes-electrogenes\/gammes-groupes-electrogenes-inmesol.asp#emergencia\" target=\"_blank\" rel=\"noopener\"><strong>groupes \u00e9lectrog\u00e8nes Inmesol de secours<\/strong><\/a> et satisfaisons les fortes attentes d\u2019un secteur du march\u00e9 qui demande des appareils techniquement tr\u00e8s avanc\u00e9s et respectueux de l\u2019environnement (voir notre article <i><a href=\"http:\/\/www.inmesol.fr\/blog\/chez-inmesol-nous-concevons-et-nous-fabriquons-des-groupes-electrogenes-eco-friendly\" target=\"_blank\" rel=\"noopener\">Chez Inmesol, nous concevons et nous fabriquons des groupes \u00e9lectrog\u00e8nes \u00ab&nbsp;eco-friendly&nbsp;\u00bb<\/a>).<\/i><\/p>\n<p style=\"text-align: justify;\">&nbsp;<\/p>\n","protected":false},"excerpt":{"rendered":"<p>Inmesol vient de finaliser la fabrication d\u2019un nouveau mod\u00e8le de conteneur super-insonoris\u00e9 de 915 kVA PRP et 1010 kVA LTP, con\u00e7u sp\u00e9cialement pour travailler en situation d\u2019urgence dans un centre de traitement m\u00e9canique et biologique situ\u00e9 dans le comt\u00e9 d\u2019Istrie, en R\u00e9publique de Croatie.<\/p>\n","protected":false},"author":2,"featured_media":2357,"comment_status":"open","ping_status":"closed","sticky":false,"template":"","format":"standard","meta":{"inline_featured_image":false,"footnotes":""},"categories":[34,49,58],"tags":[50,52],"categorias-smart-power-":[],"paises-":[12],"class_list":["post-8483","post","type-post","status-publish","format-standard","has-post-thumbnail","hentry","category-frances","category-groupes-electrogenes","category-casos-de-exito","tag-groupes-electrogenes-insonorises","tag-groupes-electrogenes-de-secours","paises--europa"],"_links":{"self":[{"href":"https:\/\/www.inmesol.com\/fr\/wp-json\/wp\/v2\/posts\/8483","targetHints":{"allow":["GET"]}}],"collection":[{"href":"https:\/\/www.inmesol.com\/fr\/wp-json\/wp\/v2\/posts"}],"about":[{"href":"https:\/\/www.inmesol.com\/fr\/wp-json\/wp\/v2\/types\/post"}],"author":[{"embeddable":true,"href":"https:\/\/www.inmesol.com\/fr\/wp-json\/wp\/v2\/users\/2"}],"replies":[{"embeddable":true,"href":"https:\/\/www.inmesol.com\/fr\/wp-json\/wp\/v2\/comments?post=8483"}],"version-history":[{"count":0,"href":"https:\/\/www.inmesol.com\/fr\/wp-json\/wp\/v2\/posts\/8483\/revisions"}],"wp:featuredmedia":[{"embeddable":true,"href":"https:\/\/www.inmesol.com\/fr\/wp-json\/"}],"wp:attachment":[{"href":"https:\/\/www.inmesol.com\/fr\/wp-json\/wp\/v2\/media?parent=8483"}],"wp:term":[{"taxonomy":"category","embeddable":true,"href":"https:\/\/www.inmesol.com\/fr\/wp-json\/wp\/v2\/categories?post=8483"},{"taxonomy":"post_tag","embeddable":true,"href":"https:\/\/www.inmesol.com\/fr\/wp-json\/wp\/v2\/tags?post=8483"},{"taxonomy":"categorias-smart-power-","embeddable":true,"href":"https:\/\/www.inmesol.com\/fr\/wp-json\/wp\/v2\/categorias-smart-power-?post=8483"},{"taxonomy":"paises-","embeddable":true,"href":"https:\/\/www.inmesol.com\/fr\/wp-json\/wp\/v2\/paises-?post=8483"}],"curies":[{"name":"wp","href":"https:\/\/api.w.org\/{rel}","templated":true}]}}