{"id":8488,"date":"2015-04-24T10:00:40","date_gmt":"2015-04-24T08:00:40","guid":{"rendered":"http:\/\/www.inmesol.fr\/blog\/?p=2375"},"modified":"2025-01-09T17:07:54","modified_gmt":"2025-01-09T17:07:54","slug":"bullittt-center-le-batiment-commercial-le-plus-respectueux-de-lenvironnement-du-monde","status":"publish","type":"post","link":"https:\/\/www.inmesol.com\/fr\/blog\/bullittt-center-le-batiment-commercial-le-plus-respectueux-de-lenvironnement-du-monde\/","title":{"rendered":"Bullittt Center, le b\u00e2timent commercial le plus respectueux de l\u2019environnement du monde"},"content":{"rendered":"<figure id=\"attachment_2374\" aria-describedby=\"caption-attachment-2374\" style=\"width: 640px\" class=\"wp-caption aligncenter\"><img fetchpriority=\"high\" decoding=\"async\" class=\"wp-image-2374 size-full\" title=\"Bullittt Center\" src=\"\/wp-content\/uploads\/2015\/04\/bullittt-center-le-batiment-commercial-le-plus-respectueux-de-lenvironnement-du-monde.jpg\" alt=\"Bullittt Center\" width=\"640\" height=\"429\" srcset=\"https:\/\/www.inmesol.com\/wp-content\/uploads\/2015\/04\/bullittt-center-le-batiment-commercial-le-plus-respectueux-de-lenvironnement-du-monde.jpg 640w, https:\/\/www.inmesol.com\/wp-content\/uploads\/2015\/04\/bullittt-center-le-batiment-commercial-le-plus-respectueux-de-lenvironnement-du-monde-300x201.jpg 300w\" sizes=\"(max-width: 640px) 100vw, 640px\" \/><figcaption id=\"caption-attachment-2374\" class=\"wp-caption-text\">Vue ext\u00e9rieure du Bullittt Center. Image tir\u00e9e de son <a href=\"http:\/\/www.bullittcenter.org\/building\/building-features\/\" target=\"_blank\" rel=\"noopener\">site web<\/a>.<\/figcaption><\/figure>\n<p style=\"text-align: justify;\">Aux \u00c9tats-Unis, <strong>les b\u00e2timents sont responsables de 39 % des \u00e9missions de dioxyde de carbone, de 65 % des d\u00e9chets et de 70 % de la consommation d\u2019\u00e9lectricit\u00e9.<\/strong> Ces donn\u00e9es sont bien s\u00fbr applicables \u00e0 bien des pays du monde, et elles p\u00e8sent lourdement sur l\u2019environnement et sur l\u2019accessibilit\u00e9 d\u2019une partie de la population aux ressources naturelles. Cependant, cette r\u00e9alit\u00e9 ne cadre pas avec les avanc\u00e9es technologiques actuellement disponibles, qui permettent de construire beaucoup plus \u00e9cologiquement.<\/p>\n<figure id=\"attachment_2371\" aria-describedby=\"caption-attachment-2371\" style=\"width: 640px\" class=\"wp-caption aligncenter\"><img decoding=\"async\" class=\"wp-image-2371 size-full lazyload\" title=\"Les panneaux solaires du toit du b\u00e2timent.\" data-src=\"\/wp-content\/uploads\/2015\/04\/1_bullittt-center-le-batiment-commercial-le-plus-respectueux-de-lenvironnement-du-monde.jpg\" alt=\"Les panneaux solaires du toit du b\u00e2timent.\" width=\"640\" height=\"475\" src=\"data:image\/svg+xml;base64,PHN2ZyB3aWR0aD0iMSIgaGVpZ2h0PSIxIiB4bWxucz0iaHR0cDovL3d3dy53My5vcmcvMjAwMC9zdmciPjwvc3ZnPg==\" style=\"--smush-placeholder-width: 640px; --smush-placeholder-aspect-ratio: 640\/475;\" data-srcset=\"https:\/\/www.inmesol.com\/wp-content\/uploads\/2015\/04\/1_bullittt-center-le-batiment-commercial-le-plus-respectueux-de-lenvironnement-du-monde.jpg 640w, https:\/\/www.inmesol.com\/wp-content\/uploads\/2015\/04\/1_bullittt-center-le-batiment-commercial-le-plus-respectueux-de-lenvironnement-du-monde-300x223.jpg 300w\" data-sizes=\"auto\" data-original-sizes=\"(max-width: 640px) 100vw, 640px\" \/><figcaption id=\"caption-attachment-2371\" class=\"wp-caption-text\">Les panneaux solaires du toit du b\u00e2timent.<\/figcaption><\/figure>\n<p style=\"text-align: justify;\">On en vient \u00e0 se demander si l\u2019efficience \u00e9nerg\u00e9tique des b\u00e2timents de nos villes d\u00e9pend de la volont\u00e9 de les construire avec une vision de durabilit\u00e9 ou si elle est conditionn\u00e9e par le gros investissement initial, qui la rendrait utopique ou peu rentable. Aux \u00c9tats-Unis, \u00e0 Seattle, se trouve <strong>un b\u00e2timent qui r\u00e9pond \u00e0 cette question car il est le plus efficient du monde \u00e9nerg\u00e9tiquement parlant<\/strong>. Il s\u2019agit du <a href=\"http:\/\/www.bullittcenter.org\/building\/building-features\/\" target=\"_blank\" rel=\"noopener\"><strong>Bullitt Center<\/strong><\/a>.<\/p>\n<figure id=\"attachment_2372\" aria-describedby=\"caption-attachment-2372\" style=\"width: 640px\" class=\"wp-caption aligncenter\"><img decoding=\"async\" class=\"wp-image-2372 size-full lazyload\" title=\"Hall du Bullitt Center.\" data-src=\"\/wp-content\/uploads\/2015\/04\/2_bullittt-center-le-batiment-commercial-le-plus-respectueux-de-lenvironnement-du-monde.jpg\" alt=\"Hall du Bullitt Center.\" width=\"640\" height=\"428\" src=\"data:image\/svg+xml;base64,PHN2ZyB3aWR0aD0iMSIgaGVpZ2h0PSIxIiB4bWxucz0iaHR0cDovL3d3dy53My5vcmcvMjAwMC9zdmciPjwvc3ZnPg==\" style=\"--smush-placeholder-width: 640px; --smush-placeholder-aspect-ratio: 640\/428;\" data-srcset=\"https:\/\/www.inmesol.com\/wp-content\/uploads\/2015\/04\/2_bullittt-center-le-batiment-commercial-le-plus-respectueux-de-lenvironnement-du-monde.jpg 640w, https:\/\/www.inmesol.com\/wp-content\/uploads\/2015\/04\/2_bullittt-center-le-batiment-commercial-le-plus-respectueux-de-lenvironnement-du-monde-300x201.jpg 300w\" data-sizes=\"auto\" data-original-sizes=\"(max-width: 640px) 100vw, 640px\" \/><figcaption id=\"caption-attachment-2372\" class=\"wp-caption-text\">Hall du Bullitt Center.<\/figcaption><\/figure>\n<p style=\"text-align: justify;\">Ce b\u00e2timent a \u00e9t\u00e9 construit il y a trois ans en r\u00e9ponse \u00e0 une commande de la fondation Bullitt, qui s\u2019est donn\u00e9 pour mission de promouvoir la durabilit\u00e9 en faveur de l\u2019environnement et dont le pr\u00e9sident, Denis Hayes, fut l\u2019un des initiateurs du Jour de la Terre. Il a \u00e9t\u00e9 con\u00e7u par le cabinet d\u2019architecture Miller Hull Partnership.<\/p>\n<p style=\"text-align: justify;\"><strong>Le Bullitt Center s\u2019\u00e9tend sur<\/strong> <strong>50\u00a0000 m\u00e8tres carr\u00e9s<\/strong> distribu\u00e9s en 6 \u00e9tages. Sa construction a co\u00fbt\u00e9 un tiers de plus que ce qu\u2019aurait co\u00fbt\u00e9 un b\u00e2timent normal, soit 30 millions de dollars. Elle a eu recours \u00e0 <strong>plus de 350 mat\u00e9riaux non nuisibles pour la sant\u00e9 et pour l\u2019environnement <\/strong>et il est <strong>autosuffisant du point de vue \u00e9nerg\u00e9tique <\/strong>(\u00e0 hauteur de 99 %), ce qui lui a valu la prestigieuse certification Living Building.<br \/>\n&lt;<br \/>\n<span style=\"font-size: 10px; color: #888888;\">Vid\u00e9o explicative du projet.<\/span><\/p>\n<p style=\"text-align: justify;\">Le <strong>b\u00e2timent tire toute l\u2019\u00e9nergie dont il a besoin des <\/strong><strong>panneaux solaires<\/strong> install\u00e9s sur son toit, qui g\u00e9n\u00e8rent 230\u00a0000 kilowatts\/heure par an. Il est pens\u00e9 pour que les personnes qui y travaillent puissent <strong>b\u00e9n\u00e9ficier de la lumi\u00e8re naturelle pendant 92\u00a0% de leurs heures de pr\u00e9sence<\/strong>. Ses grandes <strong>baies vitr\u00e9es<\/strong> <strong>s\u2019ouvrent et se ferment automatiquement en fonction du climat<\/strong>, le <a href=\"http:\/\/www.bullittcenter.org\/building\/building-features\/warmth-from-below\/\" target=\"_blank\" rel=\"noopener\">syst\u00e8me de chauffage<\/a> compte 26 puits g\u00e9othermiques, les toilettes fonctionnent selon un <a href=\"http:\/\/www.bullittcenter.org\/building\/building-features\/waste-not\/\" target=\"_blank\" rel=\"noopener\">syst\u00e8me de compostage<\/a>, la chasse d\u2019eau des WC ne demande que deux cuiller\u00e9es d\u2019eau car elle fonctionne avec du savon organique, et le b\u00e2timent <a href=\"http:\/\/www.bullittcenter.org\/building\/building-features\/waterworks\/\" target=\"_blank\" rel=\"noopener\"><strong>stocke et fournit de l\u2019eau <\/strong>venue des pluies gr\u00e2ce \u00e0 une citerne<\/a> pouvant contenir 56\u00a0000 litres, situ\u00e9e en sous-sol. Cette quantit\u00e9 suffirait \u00e0 affronter 3 mois de s\u00e9cheresse.<\/p>\n<figure id=\"attachment_2373\" aria-describedby=\"caption-attachment-2373\" style=\"width: 375px\" class=\"wp-caption aligncenter\"><img decoding=\"async\" class=\"wp-image-2373 size-full lazyload\" title=\"Structure en bois \u00e0 lucarne.\" data-src=\"\/wp-content\/uploads\/2015\/04\/3_bullittt-center-le-batiment-commercial-le-plus-respectueux-de-lenvironnement-du-monde.jpg\" alt=\"Structure en bois \u00e0 lucarne.\" width=\"375\" height=\"500\" src=\"data:image\/svg+xml;base64,PHN2ZyB3aWR0aD0iMSIgaGVpZ2h0PSIxIiB4bWxucz0iaHR0cDovL3d3dy53My5vcmcvMjAwMC9zdmciPjwvc3ZnPg==\" style=\"--smush-placeholder-width: 375px; --smush-placeholder-aspect-ratio: 375\/500;\" data-srcset=\"https:\/\/www.inmesol.com\/wp-content\/uploads\/2015\/04\/3_bullittt-center-le-batiment-commercial-le-plus-respectueux-de-lenvironnement-du-monde.jpg 375w, https:\/\/www.inmesol.com\/wp-content\/uploads\/2015\/04\/3_bullittt-center-le-batiment-commercial-le-plus-respectueux-de-lenvironnement-du-monde-225x300.jpg 225w\" data-sizes=\"auto\" data-original-sizes=\"(max-width: 375px) 100vw, 375px\" \/><figcaption id=\"caption-attachment-2373\" class=\"wp-caption-text\">Structure en bois \u00e0 lucarne.<\/figcaption><\/figure>\n<p style=\"text-align: justify;\"><strong>Ce b\u00e2timent d\u00e9montre que l\u2019on peut avoir une incidence positive sur les milieux urbains en concevant des projets architecturaux \u00e0 la fois durables et esth\u00e9tiques<\/strong>. Ses promoteurs cherchaient \u00e0 prouver que cette fa\u00e7on intelligente de construire est <strong>rentable<\/strong>, et ils tenaient aussi \u00e0 inciter d\u2019autres professionnels du b\u00e2timent \u00e0 concevoir \u00e0 l\u2019avenir des b\u00e2timents plus rationnels et plus salutaires pour tous. Voil\u00e0 pourquoi, dans l\u2019id\u00e9e d\u2019\u00e9viter d\u2019avoir \u00e0 refaire certaines t\u00e2ches fastidieuses, comme celle de distinguer les mat\u00e9riaux nuisibles des mat\u00e9riaux b\u00e9n\u00e9fiques, <strong>l\u2019\u00e9quipe du Bullitt Center a not\u00e9 tout ce qu\u2019elle a appris lors du processus de construction <\/strong>et a mis ces connaissances \u00e0 la disposition des professionnels du secteur. De plus, le rez-de-chauss\u00e9e h\u00e9berge le Centre de Conception Int\u00e9gr\u00e9e, un organisme jouant le r\u00f4le de laboratoire d\u2019apprentissage pour la conception \u00e9cologique et l\u2019efficience \u00e9nerg\u00e9tique. Le site web du Bullitt s\u2019en explique\u00a0: \u00ab\u00a0La premi\u00e8re Prius a co\u00fbt\u00e9 plus cher que la dix-milli\u00e8me. Mais avant de pouvoir construire le dix-milli\u00e8me mod\u00e8le de quoi que ce soit, il faut construire le premier.\u00a0\u00bb<\/p>\n<p style=\"text-align: justify;\">La conscience \u00e9cologique qui sous-tend le Bullitt Center a aussi \u00e9t\u00e9 insuffl\u00e9e aux employ\u00e9s des bureaux. Un syst\u00e8me permettant de consulter en temps r\u00e9el la quantit\u00e9 d\u2019\u00e9nergie et d\u2019eau consomm\u00e9e a ainsi \u00e9t\u00e9 mis en place \u00e0 leur intention.<\/p>\n<p style=\"text-align: justify;\">Toutes les images qui illustrent cet article sont tir\u00e9es du la <a href=\"http:\/\/www.bullittcenter.org\/building\/building-features\/\" target=\"_blank\" rel=\"noopener\">site web du Bullitt Center<\/a>.<\/p>\n<p style=\"text-align: justify;\">\n","protected":false},"excerpt":{"rendered":"<p>Aux \u00c9tats-Unis, les b\u00e2timents sont responsables de 39 % des \u00e9missions de dioxyde de carbone, de 65 % des d\u00e9chets et de 70 % de la consommation d\u2019\u00e9lectricit\u00e9. Ces donn\u00e9es sont bien s\u00fbr applicables \u00e0 bien des pays du monde, et elles p\u00e8sent lourdement sur l\u2019environnement et sur l\u2019accessibilit\u00e9 d\u2019une partie de la population aux ressources naturelles. Cependant, cette r\u00e9alit\u00e9 ne cadre pas avec les avanc\u00e9es technologiques actuellement disponibles, qui permettent de construire beaucoup plus \u00e9cologiquement.<\/p>\n","protected":false},"author":2,"featured_media":2374,"comment_status":"open","ping_status":"closed","sticky":false,"template":"","format":"standard","meta":{"inline_featured_image":false,"footnotes":""},"categories":[34,51],"tags":[],"categorias-smart-power-":[],"paises-":[],"class_list":["post-8488","post","type-post","status-publish","format-standard","has-post-thumbnail","hentry","category-frances","category-science-et-technologie"],"_links":{"self":[{"href":"https:\/\/www.inmesol.com\/fr\/wp-json\/wp\/v2\/posts\/8488","targetHints":{"allow":["GET"]}}],"collection":[{"href":"https:\/\/www.inmesol.com\/fr\/wp-json\/wp\/v2\/posts"}],"about":[{"href":"https:\/\/www.inmesol.com\/fr\/wp-json\/wp\/v2\/types\/post"}],"author":[{"embeddable":true,"href":"https:\/\/www.inmesol.com\/fr\/wp-json\/wp\/v2\/users\/2"}],"replies":[{"embeddable":true,"href":"https:\/\/www.inmesol.com\/fr\/wp-json\/wp\/v2\/comments?post=8488"}],"version-history":[{"count":0,"href":"https:\/\/www.inmesol.com\/fr\/wp-json\/wp\/v2\/posts\/8488\/revisions"}],"wp:featuredmedia":[{"embeddable":true,"href":"https:\/\/www.inmesol.com\/fr\/wp-json\/"}],"wp:attachment":[{"href":"https:\/\/www.inmesol.com\/fr\/wp-json\/wp\/v2\/media?parent=8488"}],"wp:term":[{"taxonomy":"category","embeddable":true,"href":"https:\/\/www.inmesol.com\/fr\/wp-json\/wp\/v2\/categories?post=8488"},{"taxonomy":"post_tag","embeddable":true,"href":"https:\/\/www.inmesol.com\/fr\/wp-json\/wp\/v2\/tags?post=8488"},{"taxonomy":"categorias-smart-power-","embeddable":true,"href":"https:\/\/www.inmesol.com\/fr\/wp-json\/wp\/v2\/categorias-smart-power-?post=8488"},{"taxonomy":"paises-","embeddable":true,"href":"https:\/\/www.inmesol.com\/fr\/wp-json\/wp\/v2\/paises-?post=8488"}],"curies":[{"name":"wp","href":"https:\/\/api.w.org\/{rel}","templated":true}]}}