{"id":8497,"date":"2015-05-06T22:34:14","date_gmt":"2015-05-06T20:34:14","guid":{"rendered":"http:\/\/www.inmesol.fr\/blog\/?p=2396"},"modified":"2023-06-21T10:15:27","modified_gmt":"2023-06-21T10:15:27","slug":"nouvelle-gamme-rental-groupes-electrogenes-insonorises","status":"publish","type":"post","link":"https:\/\/www.inmesol.com\/fr\/blog\/nouvelle-gamme-rental-groupes-electrogenes-insonorises\/","title":{"rendered":"Nouvelle gamme Rental de groupes \u00e9lectrog\u00e8nes insonoris\u00e9s"},"content":{"rendered":"<h3 align=\"center\">Robuste, adaptable, fiable et transportable<\/h3>\n<p style=\"text-align: center;\"><img fetchpriority=\"high\" decoding=\"async\" class=\"aligncenter size-full wp-image-2394\" title=\"Nouvelle gamme Rental de groupes \u00e9lectrog\u00e8nes insonoris\u00e9s\" src=\"\/wp-content\/uploads\/2015\/05\/nouvelle-gamme-rental-groupes-electrogenes-insonorises.jpg\" alt=\"Nouvelle gamme Rental de groupes \u00e9lectrog\u00e8nes insonoris\u00e9s\" width=\"528\" height=\"479\" srcset=\"https:\/\/www.inmesol.com\/wp-content\/uploads\/2015\/05\/nouvelle-gamme-rental-groupes-electrogenes-insonorises.jpg 528w, https:\/\/www.inmesol.com\/wp-content\/uploads\/2015\/05\/nouvelle-gamme-rental-groupes-electrogenes-insonorises-300x272.jpg 300w\" sizes=\"(max-width: 528px) 100vw, 528px\"><\/p>\n<p style=\"text-align: justify;\">Les <strong>groupes \u00e9lectrog\u00e8nes de la gamme Rental<\/strong> ont g\u00e9n\u00e9ralement pour client final une entreprise tierce qui loue les appareils \u00e0 un interm\u00e9diaire <strong>dans le but d\u2019obtenir temporairement de l\u2019\u00e9lectricit\u00e9 dans des endroits souvent soumis \u00e0 des conditions extr\u00eames&nbsp;: <\/strong>construction de routes, constructions souterraines, industrie mini\u00e8re, infrastructures de t\u00e9l\u00e9communications, macro-concerts, etc. C\u2019est un secteur tr\u00e8s comp\u00e9titif, en pleine croissance, qui exige des <strong>appareils robustes<\/strong>, tr\u00e8s <strong>novateurs<\/strong> d\u2019un point de vue technique, <strong>rentables<\/strong> et con\u00e7us de fa\u00e7on \u00e0 satisfaire toutes sortes de conditions, dont celles du <strong>r\u00e8glement europ\u00e9en relatif aux faibles niveaux d\u2019\u00e9missions acoustiques et de rejets de gaz dans l\u2019atmosph\u00e8re<\/strong>.<\/p>\n<h4>Groupes \u00e9lectrog\u00e8nes Rental insonoris\u00e9s<\/h4>\n<p style=\"text-align: justify;\">Conscient de ces exigences, le d\u00e9partement technique d\u2019Inmesol a travaill\u00e9 l\u2019an dernier \u00e0 rabaisser encore davantage le niveau des \u00e9missions sonores de nos groupes \u00e9lectrog\u00e8nes. Il a obtenu d\u2019excellents r\u00e9sultats. <strong>Les appareils de la nouvelle gamme Rental de 22-550 kVA op\u00e8rent selon une technologie qui vous aidera \u00e0 ne pas perdre un seul contrat \u00e0 cause des restrictions li\u00e9es aux nuisances sonores&nbsp;<\/strong>: leurs <strong>carrosseries<\/strong> insonoris\u00e9es ont \u00e9t\u00e9 con\u00e7ues par nos ing\u00e9nieurs pour r\u00e9pondre aux sp\u00e9cifications les plus rigoureuses en la mati\u00e8re. Ainsi, leur <strong>\u00e9chappement sup\u00e9rieur d\u2019air<\/strong> permet au g\u00e9n\u00e9rateur de refroidir le moteur, ce qui entra\u00eene une r\u00e9duction du bruit qui ne se produirait pas si la sortie de l\u2019air \u00e9tait frontale. De plus, les mat\u00e9riaux que nous utilisons dans leur fabrication les rendent <strong>r\u00e9sistants au feu<\/strong>.<\/p>\n<p style=\"text-align: justify;\"><strong>Nos appareils sont d\u00e9j\u00e0 propos\u00e9s par des entreprises de location de plus de 80 pays du monde<\/strong>, qui savent qu\u2019ils ont avec nous affaire \u00e0 des fabricants de groupes \u00e9lectrog\u00e8nes de haute qualit\u00e9 et silencieux.<\/p>\n<figure id=\"attachment_2388\" aria-describedby=\"caption-attachment-2388\" style=\"width: 640px\" class=\"wp-caption aligncenter\"><img decoding=\"async\" class=\"size-full wp-image-2388 lazyload\" title=\"Sch\u00e9ma des diff\u00e9rentes parties et des diff\u00e9rentes caract\u00e9ristiques de la nouvelle gamme Rental d\u2019Inmesol\" data-src=\"\/wp-content\/uploads\/2015\/05\/1_nouvelle-gamme-rental-groupes-electrogenes-insonorises.jpg\" alt=\"Sch\u00e9ma des diff\u00e9rentes parties et des diff\u00e9rentes caract\u00e9ristiques de la nouvelle gamme Rental d\u2019Inmesol\" width=\"640\" height=\"450\" src=\"data:image\/svg+xml;base64,PHN2ZyB3aWR0aD0iMSIgaGVpZ2h0PSIxIiB4bWxucz0iaHR0cDovL3d3dy53My5vcmcvMjAwMC9zdmciPjwvc3ZnPg==\" style=\"--smush-placeholder-width: 640px; --smush-placeholder-aspect-ratio: 640\/450;\" data-srcset=\"https:\/\/www.inmesol.com\/wp-content\/uploads\/2015\/05\/1_nouvelle-gamme-rental-groupes-electrogenes-insonorises.jpg 640w, https:\/\/www.inmesol.com\/wp-content\/uploads\/2015\/05\/1_nouvelle-gamme-rental-groupes-electrogenes-insonorises-300x211.jpg 300w\" data-sizes=\"auto\" data-original-sizes=\"(max-width: 640px) 100vw, 640px\"><figcaption id=\"caption-attachment-2388\" class=\"wp-caption-text\">Sch\u00e9ma des diff\u00e9rentes parties et des diff\u00e9rentes caract\u00e9ristiques de la nouvelle gamme Rental d\u2019Inmesol<\/figcaption><\/figure>\n<h4>Des appareils robustes, r\u00e9sistants et fiables<\/h4>\n<p style=\"text-align: justify;\">Les <strong>groupes \u00e9lectrog\u00e8nes de la gamme Rental<\/strong> ont \u00e9t\u00e9 con\u00e7us et fabriqu\u00e9s <strong>pour op\u00e9rer dans des conditions m\u00e9t\u00e9orologiques difficiles <\/strong>et <strong>pour<\/strong> <strong>qu\u2019il soit facile d\u2019acc\u00e9der<\/strong> <strong>aux diff\u00e9rentes parties des appareils<\/strong>, ce qui en simplifie consid\u00e9rablement l\u2019entretien.<\/p>\n<p style=\"text-align: justify;\"><strong>Un tableau de bord \u00e0 l\u2019\u00e9preuve de l\u2019eau&nbsp;<\/strong>: con\u00e7u pour \u00e9viter les dommages occasionn\u00e9s par l\u2019exposition \u00e0 des conditions m\u00e9t\u00e9orologiques extr\u00eames en emp\u00eachant l\u2019accumulation et l\u2019entr\u00e9e d\u2019eau provenant de pluies et de chutes de neiges abondantes et fr\u00e9quentes.<\/p>\n<p style=\"text-align: center;\"><img decoding=\"async\" class=\"aligncenter size-full wp-image-2392 lazyload\" title=\"Groupes \u00e9lectrog\u00e8nes de la gamme Rental\" data-src=\"\/wp-content\/uploads\/2015\/05\/2_nouvelle-gamme-rental-groupes-electrogenes-insonorises.jpg\" alt=\"Groupes \u00e9lectrog\u00e8nes de la gamme Rental\" width=\"640\" height=\"250\" src=\"data:image\/svg+xml;base64,PHN2ZyB3aWR0aD0iMSIgaGVpZ2h0PSIxIiB4bWxucz0iaHR0cDovL3d3dy53My5vcmcvMjAwMC9zdmciPjwvc3ZnPg==\" style=\"--smush-placeholder-width: 640px; --smush-placeholder-aspect-ratio: 640\/250;\" data-srcset=\"https:\/\/www.inmesol.com\/wp-content\/uploads\/2015\/05\/2_nouvelle-gamme-rental-groupes-electrogenes-insonorises.jpg 640w, https:\/\/www.inmesol.com\/wp-content\/uploads\/2015\/05\/2_nouvelle-gamme-rental-groupes-electrogenes-insonorises-300x117.jpg 300w\" data-sizes=\"auto\" data-original-sizes=\"(max-width: 640px) 100vw, 640px\"><\/p>\n<p style=\"text-align: justify;\"><strong>Qualit\u00e9 des carrosseries et du ch\u00e2ssis&nbsp;: <\/strong>la qualit\u00e9 de l\u2019acier utilis\u00e9 dans les carrosseries et dans le ch\u00e2ssis est not\u00e9e DD11 selon l\u2019EN10111.2008, et la structure est en acier au carbone lamin\u00e9, de la qualit\u00e9 DD11 selon l\u2019EN10111.2008. Les jointures soud\u00e9es sont effectu\u00e9es moyennant la technologie MIG-MAG robotis\u00e9e.<\/p>\n<p style=\"text-align: justify;\"><strong>Des patins de d\u00e9placement renforc\u00e9s <\/strong>: pour faciliter le transport du groupe et en prot\u00e9ger la carrosserie, les bases et le tableau de bord de coups \u00e9ventuels.<\/p>\n<p style=\"text-align: justify;\"><strong>Les meilleurs moteurs pour une puissance maximale&nbsp;<\/strong>: nos groupes \u00e9lectrog\u00e8nes utilisent des moteurs <strong>Kohler<\/strong>, <strong>Volvo Penta<\/strong>, <strong>FPT-IVECO<\/strong> et <strong>Honda<\/strong>. Ils sont tous respectueux des tr\u00e8s exigeants r\u00e8glements actuels sur les \u00e9missions de gaz STAGE IIIA.<\/p>\n<p style=\"text-align: justify;\"><strong>Socket Kit (kit de bases)&nbsp;<\/strong>: il vise \u00e0 obtenir la puissance maximale des g\u00e9n\u00e9rateurs pour chaque mod\u00e8le. Cette configuration est standardis\u00e9e. Cependant les bases peuvent \u00eatre adapt\u00e9es sur demande.<\/p>\n<p style=\"text-align: center;\"><img decoding=\"async\" class=\"aligncenter size-full wp-image-2393 lazyload\" title=\"Socket Kit il vise \u00e0 obtenir la puissance maximale des g\u00e9n\u00e9rateurs\" data-src=\"\/wp-content\/uploads\/2015\/05\/3_nouvelle-gamme-rental-groupes-electrogenes-insonorises.jpg\" alt=\"Socket Kit il vise \u00e0 obtenir la puissance maximale des g\u00e9n\u00e9rateurs\" width=\"640\" height=\"300\" src=\"data:image\/svg+xml;base64,PHN2ZyB3aWR0aD0iMSIgaGVpZ2h0PSIxIiB4bWxucz0iaHR0cDovL3d3dy53My5vcmcvMjAwMC9zdmciPjwvc3ZnPg==\" style=\"--smush-placeholder-width: 640px; --smush-placeholder-aspect-ratio: 640\/300;\" data-srcset=\"https:\/\/www.inmesol.com\/wp-content\/uploads\/2015\/05\/3_nouvelle-gamme-rental-groupes-electrogenes-insonorises.jpg 640w, https:\/\/www.inmesol.com\/wp-content\/uploads\/2015\/05\/3_nouvelle-gamme-rental-groupes-electrogenes-insonorises-300x141.jpg 300w\" data-sizes=\"auto\" data-original-sizes=\"(max-width: 640px) 100vw, 640px\"><\/p>\n<p style=\"text-align: justify;\"><strong>Peinture anticorrosion&nbsp;<\/strong>: pour garantir la durabilit\u00e9 des carrosseries, nous utilisons une peinture Qualicoat qui pr\u00e9vient leur corrosion dans des milieux salins et humides.<\/p>\n<p style=\"text-align: center;\"><img decoding=\"async\" class=\"aligncenter size-full wp-image-2387 lazyload\" title=\"Peinture anticorrosion groupes \u00e9lectrog\u00e8nes Inmesol\" data-src=\"\/wp-content\/uploads\/2015\/05\/4_nouvelle-gamme-rental-groupes-electrogenes-insonorises.jpg\" alt=\"Peinture anticorrosion groupes \u00e9lectrog\u00e8nes Inmesol\" width=\"640\" height=\"400\" src=\"data:image\/svg+xml;base64,PHN2ZyB3aWR0aD0iMSIgaGVpZ2h0PSIxIiB4bWxucz0iaHR0cDovL3d3dy53My5vcmcvMjAwMC9zdmciPjwvc3ZnPg==\" style=\"--smush-placeholder-width: 640px; --smush-placeholder-aspect-ratio: 640\/400;\" data-srcset=\"https:\/\/www.inmesol.com\/wp-content\/uploads\/2015\/05\/4_nouvelle-gamme-rental-groupes-electrogenes-insonorises.jpg 640w, https:\/\/www.inmesol.com\/wp-content\/uploads\/2015\/05\/4_nouvelle-gamme-rental-groupes-electrogenes-insonorises-300x188.jpg 300w\" data-sizes=\"auto\" data-original-sizes=\"(max-width: 640px) 100vw, 640px\"><\/p>\n<h4>Une large gamme d\u2019accessoires pour l\u2019entretien des groupes et une grande diversit\u00e9 d\u2019options<\/h4>\n<p style=\"text-align: justify;\">Toute la gamme Rental comprend une s\u00e9rie tr\u00e8s compl\u00e8te d\u2019accessoires qui facilitent le travail de maintenance des appareils. Ce sera, par exemple, le syst\u00e8me de <strong>recharge de combustible<\/strong> ou encore la <strong>large porte d\u2019acc\u00e8s au radiateur, qui en facilite le nettoyage, <\/strong>toujours en conformit\u00e9 avec les normes de s\u00e9curit\u00e9 et les normes environnementales.<\/p>\n<p style=\"text-align: justify;\">Cette gamme pr\u00e9sente en outre une grande diversit\u00e9 d\u2019options qui visent \u00e0 simplifier le travail de maintenance. Par exemple, le <strong>syst\u00e8me de pr\u00e9-filtre<\/strong> est un plateau de collecte des liquides (antigel, huile, etc.) ayant une plus grande contenance que le total de litres que l\u2019appareil utilise. Ou encore, le <strong>tableau de bord est particuli\u00e8rement intuitif et facile \u00e0 utiliser<\/strong>.<\/p>\n<h4>Transportables : kit mobile<\/h4>\n<p style=\"text-align: justify;\">Une autre des caract\u00e9ristiques remarquables de la gamme Rental est la possibilit\u00e9 d\u2019incorporer un kit mobile homologu\u00e9 aux groupes \u00e9lectrog\u00e8nes pour permettre leur <strong>transport routier<\/strong> ou leur <strong>circulation \u00e0 l\u2019int\u00e9rieur des sites des chantiers<\/strong>. Tous les groupes sont pr\u00e9par\u00e9s en s\u00e9rie de fa\u00e7on \u00e0 \u00eatre facilement accrochables aux &nbsp;chariots.<\/p>\n<p style=\"text-align: center;\"><img decoding=\"async\" class=\"aligncenter size-full wp-image-2389 lazyload\" title=\"Transportables kit mobile groupes \u00e9lectrog\u00e8nes Inmesol\" data-src=\"\/wp-content\/uploads\/2015\/05\/5_nouvelle-gamme-rental-groupes-electrogenes-insonorises.jpg\" alt=\"Transportables kit mobile groupes \u00e9lectrog\u00e8nes Inmesol\" width=\"500\" height=\"350\" src=\"data:image\/svg+xml;base64,PHN2ZyB3aWR0aD0iMSIgaGVpZ2h0PSIxIiB4bWxucz0iaHR0cDovL3d3dy53My5vcmcvMjAwMC9zdmciPjwvc3ZnPg==\" style=\"--smush-placeholder-width: 500px; --smush-placeholder-aspect-ratio: 500\/350;\" data-srcset=\"https:\/\/www.inmesol.com\/wp-content\/uploads\/2015\/05\/5_nouvelle-gamme-rental-groupes-electrogenes-insonorises.jpg 500w, https:\/\/www.inmesol.com\/wp-content\/uploads\/2015\/05\/5_nouvelle-gamme-rental-groupes-electrogenes-insonorises-300x210.jpg 300w\" data-sizes=\"auto\" data-original-sizes=\"(max-width: 500px) 100vw, 500px\"><\/p>\n<h4>Crochets de levage et de remorque<\/h4>\n<p style=\"text-align: justify;\">Les groupes \u00e9lectrog\u00e8nes sont \u00e9quip\u00e9s d\u2019un <strong>anneau qui garantit leur stabilit\u00e9 lorsqu\u2019on les soul\u00e8ve <\/strong>et assure la s\u00e9curit\u00e9 de ce type d\u2019op\u00e9rations, ainsi que d\u2019un <strong>crochet de remorquage<\/strong>.<\/p>\n<p style=\"text-align: center;\"><img decoding=\"async\" class=\"aligncenter size-full wp-image-2391 lazyload\" title=\"Crochets de levage et de remorque groupes \u00e9lectrog\u00e8nes Inmesol\" data-src=\"\/wp-content\/uploads\/2015\/05\/6_nouvelle-gamme-rental-groupes-electrogenes-insonorises.jpg\" alt=\"Crochets de levage et de remorque groupes \u00e9lectrog\u00e8nes Inmesol\" width=\"640\" height=\"240\" src=\"data:image\/svg+xml;base64,PHN2ZyB3aWR0aD0iMSIgaGVpZ2h0PSIxIiB4bWxucz0iaHR0cDovL3d3dy53My5vcmcvMjAwMC9zdmciPjwvc3ZnPg==\" style=\"--smush-placeholder-width: 640px; --smush-placeholder-aspect-ratio: 640\/240;\" data-srcset=\"https:\/\/www.inmesol.com\/wp-content\/uploads\/2015\/05\/6_nouvelle-gamme-rental-groupes-electrogenes-insonorises.jpg 640w, https:\/\/www.inmesol.com\/wp-content\/uploads\/2015\/05\/6_nouvelle-gamme-rental-groupes-electrogenes-insonorises-300x113.jpg 300w\" data-sizes=\"auto\" data-original-sizes=\"(max-width: 640px) 100vw, 640px\"><\/p>\n<h4>Citerne de combustible d\u2019une contenance suffisante pour 24 heures, \u00e0 double paroi et brise-lames<\/h4>\n<p style=\"text-align: justify;\">Conform\u00e9ment au r\u00e8glement europ\u00e9en, notre gamme Rental comprend des <strong>citernes<\/strong> standardis\u00e9es <strong>\u00e0 grande contenance<\/strong>. Elles sont de plus <strong>con\u00e7ues de mani\u00e8re \u00e0 garantir que le di\u00e9sel reste bloqu\u00e9 <\/strong>\u00e0 l\u2019int\u00e9rieur, dans un compartiment \u00e9tanche \u00e0 double paroi.<\/p>\n<p style=\"text-align: center;\"><img decoding=\"async\" class=\"aligncenter size-full wp-image-2390 lazyload\" title=\"Citerne de combustible d\u2019une contenance suffisante pour 24 heures\" data-src=\"\/wp-content\/uploads\/2015\/05\/7_nouvelle-gamme-rental-groupes-electrogenes-insonorises.jpg\" alt=\"Citerne de combustible d\u2019une contenance suffisante pour 24 heures\" width=\"500\" height=\"350\" src=\"data:image\/svg+xml;base64,PHN2ZyB3aWR0aD0iMSIgaGVpZ2h0PSIxIiB4bWxucz0iaHR0cDovL3d3dy53My5vcmcvMjAwMC9zdmciPjwvc3ZnPg==\" style=\"--smush-placeholder-width: 500px; --smush-placeholder-aspect-ratio: 500\/350;\" data-srcset=\"https:\/\/www.inmesol.com\/wp-content\/uploads\/2015\/05\/7_nouvelle-gamme-rental-groupes-electrogenes-insonorises.jpg 500w, https:\/\/www.inmesol.com\/wp-content\/uploads\/2015\/05\/7_nouvelle-gamme-rental-groupes-electrogenes-insonorises-300x210.jpg 300w\" data-sizes=\"auto\" data-original-sizes=\"(max-width: 500px) 100vw, 500px\"><\/p>\n<h4>S\u00e9curit\u00e9.- Sectionneur de batterie de s\u00fbret\u00e9 (on \u2013off battery switch)<\/h4>\n<p style=\"text-align: justify;\">Les appareils disposent d\u2019un <strong>\u00e9l\u00e9ment extractible<\/strong>, de type poign\u00e9e. Lorsqu\u2019on le retire, <strong>l\u2019appareil ne peut plus \u00eatre manipul\u00e9<\/strong>.<\/p>\n<h4>Fabrication sur mesure<\/h4>\n<p style=\"text-align: justify;\"><b style=\"font-size: 1em;\">Inmesol con\u00e7oit et fabrique aussi des groupes \u00e9lectrog\u00e8nes sur mesure pour des soci\u00e9t\u00e9s de location en conformit\u00e9 avec leurs sp\u00e9cifications particuli\u00e8res.<\/b><\/p>\n","protected":false},"excerpt":{"rendered":"<p>Robuste, adaptable, fiable et transportable. Les groupes \u00e9lectrog\u00e8nes de la gamme Rental ont g\u00e9n\u00e9ralement pour client final une entreprise tierce qui loue les appareils \u00e0 un interm\u00e9diaire dans le but d\u2019obtenir temporairement de l\u2019\u00e9lectricit\u00e9 dans des endroits souvent soumis \u00e0 des conditions extr\u00eames\u00a0: construction de routes, constructions souterraines, industrie mini\u00e8re, infrastructures de t\u00e9l\u00e9communications, macro-concerts, etc.<\/p>\n","protected":false},"author":2,"featured_media":2395,"comment_status":"open","ping_status":"closed","sticky":false,"template":"","format":"standard","meta":{"inline_featured_image":false,"footnotes":""},"categories":[34,49],"tags":[50,56],"categorias-smart-power-":[],"paises-":[],"class_list":["post-8497","post","type-post","status-publish","format-standard","has-post-thumbnail","hentry","category-frances","category-groupes-electrogenes","tag-groupes-electrogenes-insonorises","tag-groupes-electrogenes-rental-location"],"_links":{"self":[{"href":"https:\/\/www.inmesol.com\/fr\/wp-json\/wp\/v2\/posts\/8497","targetHints":{"allow":["GET"]}}],"collection":[{"href":"https:\/\/www.inmesol.com\/fr\/wp-json\/wp\/v2\/posts"}],"about":[{"href":"https:\/\/www.inmesol.com\/fr\/wp-json\/wp\/v2\/types\/post"}],"author":[{"embeddable":true,"href":"https:\/\/www.inmesol.com\/fr\/wp-json\/wp\/v2\/users\/2"}],"replies":[{"embeddable":true,"href":"https:\/\/www.inmesol.com\/fr\/wp-json\/wp\/v2\/comments?post=8497"}],"version-history":[{"count":0,"href":"https:\/\/www.inmesol.com\/fr\/wp-json\/wp\/v2\/posts\/8497\/revisions"}],"wp:featuredmedia":[{"embeddable":true,"href":"https:\/\/www.inmesol.com\/fr\/wp-json\/"}],"wp:attachment":[{"href":"https:\/\/www.inmesol.com\/fr\/wp-json\/wp\/v2\/media?parent=8497"}],"wp:term":[{"taxonomy":"category","embeddable":true,"href":"https:\/\/www.inmesol.com\/fr\/wp-json\/wp\/v2\/categories?post=8497"},{"taxonomy":"post_tag","embeddable":true,"href":"https:\/\/www.inmesol.com\/fr\/wp-json\/wp\/v2\/tags?post=8497"},{"taxonomy":"categorias-smart-power-","embeddable":true,"href":"https:\/\/www.inmesol.com\/fr\/wp-json\/wp\/v2\/categorias-smart-power-?post=8497"},{"taxonomy":"paises-","embeddable":true,"href":"https:\/\/www.inmesol.com\/fr\/wp-json\/wp\/v2\/paises-?post=8497"}],"curies":[{"name":"wp","href":"https:\/\/api.w.org\/{rel}","templated":true}]}}