{"id":8513,"date":"2015-06-16T07:47:39","date_gmt":"2015-06-16T05:47:39","guid":{"rendered":"http:\/\/www.inmesol.fr\/blog\/?p=2451"},"modified":"2025-01-09T16:05:37","modified_gmt":"2025-01-09T16:05:37","slug":"25e-anniversaire-inmesol-power-solutions","status":"publish","type":"post","link":"https:\/\/www.inmesol.com\/fr\/blog\/25e-anniversaire-inmesol-power-solutions\/","title":{"rendered":"25e anniversaire d\u2019Inmesol Power Solutions"},"content":{"rendered":"<h4 align=\"center\"><strong>Un quart de si\u00e8cle \u00e0 concevoir et \u00e0 fabriquer des groupes \u00e9lectrog\u00e8nes<\/strong><br \/>\n<strong>pour les cinq continents<\/strong><\/h4>\n<figure id=\"attachment_2445\" aria-describedby=\"caption-attachment-2445\" style=\"width: 640px\" class=\"wp-caption aligncenter\"><img fetchpriority=\"high\" decoding=\"async\" class=\"size-full wp-image-2445\" title=\"Personnel du Grupo Solano dans les installations d\u2019Inmesol\" src=\"\/wp-content\/uploads\/2015\/06\/25e-anniversaire-inmesol-power-solutions.jpg\" alt=\"Personnel du Grupo Solano dans les installations d\u2019Inmesol\" width=\"640\" height=\"450\" srcset=\"https:\/\/www.inmesol.com\/wp-content\/uploads\/2015\/06\/25e-anniversaire-inmesol-power-solutions.jpg 640w, https:\/\/www.inmesol.com\/wp-content\/uploads\/2015\/06\/25e-anniversaire-inmesol-power-solutions-300x211.jpg 300w\" sizes=\"(max-width: 640px) 100vw, 640px\" \/><figcaption id=\"caption-attachment-2445\" class=\"wp-caption-text\"><em>Personnel du Grupo Solano dans les installations d\u2019Inmesol<\/em><\/figcaption><\/figure>\n<h4>D\u2019un petit atelier \u00e0 l\u2019expansion dans 80 pays<\/h4>\n<p style=\"text-align: justify;\">En 1982, un entrepreneur espagnol, Jos\u00e9 Luis Solano, commence \u00e0 concevoir et \u00e0 fabriquer des socles, des carrosseries insonoris\u00e9es et des composants \u00e9lectriques pour groupes \u00e9lectrog\u00e8nes dans un petit atelier de charpenterie m\u00e9tallique de Corvera, petite ville situ\u00e9e \u00e0 20 km de Murcie, dans le sud-est de l\u2019Espagne. Son activit\u00e9 principale est alors ax\u00e9e sur la fabrication et l\u2019assemblage en monobloc du moteur et de l\u2019alternateur de groupes \u00e9lectrog\u00e8nes. Aujourd\u2019hui, 33 ans plus tard, son projet entrepreneurial a \u00e9volu\u00e9 jusqu\u2019\u00e0 constituer un groupe d\u2019entreprises, le Grupo Solano, dont le fer de lance est <strong>Inmesol<\/strong>, <strong>une soci\u00e9t\u00e9 actuellement pr\u00e9sente dans plus de 80 pays des cinq<\/strong> <strong>continents<\/strong> gr\u00e2ce \u00e0 une vaste gamme d\u2019engins qui int\u00e8grent la technologie la plus novatrice pour les march\u00e9s les plus exigeants, et <strong>qui<\/strong> <strong>grandit \u00e0 un rythme annuel de 25 %.<\/strong><\/p>\n<figure id=\"attachment_2444\" aria-describedby=\"caption-attachment-2444\" style=\"width: 450px\" class=\"wp-caption aligncenter\"><img decoding=\"async\" class=\"size-full wp-image-2444 lazyload\" title=\"M. Jos\u00e9 Luis Solano, fondateur et pr\u00e9sident du Grupo Solano\" data-src=\"\/wp-content\/uploads\/2015\/06\/1_25e-anniversaire-inmesol-power-solutions.jpg\" alt=\"M. Jos\u00e9 Luis Solano, fondateur et pr\u00e9sident du Grupo Solano\" width=\"450\" height=\"550\" src=\"data:image\/svg+xml;base64,PHN2ZyB3aWR0aD0iMSIgaGVpZ2h0PSIxIiB4bWxucz0iaHR0cDovL3d3dy53My5vcmcvMjAwMC9zdmciPjwvc3ZnPg==\" style=\"--smush-placeholder-width: 450px; --smush-placeholder-aspect-ratio: 450\/550;\" data-srcset=\"https:\/\/www.inmesol.com\/wp-content\/uploads\/2015\/06\/1_25e-anniversaire-inmesol-power-solutions.jpg 450w, https:\/\/www.inmesol.com\/wp-content\/uploads\/2015\/06\/1_25e-anniversaire-inmesol-power-solutions-245x300.jpg 245w\" data-sizes=\"auto\" data-original-sizes=\"(max-width: 450px) 100vw, 450px\" \/><figcaption id=\"caption-attachment-2444\" class=\"wp-caption-text\"><em>M. Jos\u00e9 Luis Solano, fondateur et pr\u00e9sident du Grupo Solano<\/em><\/figcaption><\/figure>\n<h4>2003, ann\u00e9e charni\u00e8re vers la croissance continue<\/h4>\n<p style=\"text-align: justify;\">En 1987, il inaugure son usine et commence \u00e0 fabriquer des <strong>groupes \u00e9lectrog\u00e8nes<\/strong>. Toutefois, sa principale ligne d\u2019activit\u00e9 reste les <strong>carrosseries<\/strong>, dont l\u2019excellente qualit\u00e9 est tr\u00e8s appr\u00e9ci\u00e9e sur le march\u00e9. Il reste sp\u00e9cialis\u00e9 dans la fabrication de ce produit jusqu\u2019\u00e0 ce que, en 2003, l\u2019entreprise d\u00e9cide de miser le tout pour le tout sur la R+D et de faire une entr\u00e9e en force sur le march\u00e9 international des groupes \u00e9lectrog\u00e8nes. Depuis, <strong>Inmesol a connu une croissance continuelle et s\u2019est positionn\u00e9 comme l\u2019un des meilleurs fabricants de groupes \u00e9lectrog\u00e8nes du monde<\/strong>. Pendant ce quart de si\u00e8cle, ses installations se sont elles aussi agrandies, au rythme de l\u2019augmentation de\u00a0 son chiffre d\u2019affaires. Elles occupent aujourd\u2019hui une surface de 100\u00a0000 m<sup>2<\/sup>.<\/p>\n<figure id=\"attachment_2448\" aria-describedby=\"caption-attachment-2448\" style=\"width: 580px\" class=\"wp-caption aligncenter\"><img decoding=\"async\" class=\"size-full wp-image-2448 lazyload\" title=\"Cha\u00eene de montage dans les installations d\u2019Inmesol\" data-src=\"\/wp-content\/uploads\/2015\/06\/2_25e-anniversaire-inmesol-power-solutions.jpg\" alt=\"Cha\u00eene de montage dans les installations d\u2019Inmesol\" width=\"580\" height=\"360\" src=\"data:image\/svg+xml;base64,PHN2ZyB3aWR0aD0iMSIgaGVpZ2h0PSIxIiB4bWxucz0iaHR0cDovL3d3dy53My5vcmcvMjAwMC9zdmciPjwvc3ZnPg==\" style=\"--smush-placeholder-width: 580px; --smush-placeholder-aspect-ratio: 580\/360;\" data-srcset=\"https:\/\/www.inmesol.com\/wp-content\/uploads\/2015\/06\/2_25e-anniversaire-inmesol-power-solutions.jpg 580w, https:\/\/www.inmesol.com\/wp-content\/uploads\/2015\/06\/2_25e-anniversaire-inmesol-power-solutions-300x186.jpg 300w\" data-sizes=\"auto\" data-original-sizes=\"(max-width: 580px) 100vw, 580px\" \/><figcaption id=\"caption-attachment-2448\" class=\"wp-caption-text\"><em>Cha\u00eene de montage dans les installations d\u2019Inmesol<\/em><\/figcaption><\/figure>\n<h4>Des gammes con\u00e7ues pour les secteurs industriels les plus exigeants<\/h4>\n<p style=\"text-align: justify;\"><strong>Inmesol con\u00e7oit, fabrique et commercialise des groupes \u00e9lectrog\u00e8nes tr\u00e8s avanc\u00e9s du point de vue technique, que ce soit dans leur version ouverte ou insonoris\u00e9e, d\u2019une puissance de 2 \u00e0 2500 kVA<\/strong>. Son offre se r\u00e9partit en cinq gammes qui r\u00e9pondent \u00e0 tous les besoins d\u2019approvisionnement en \u00e9nergie de ses clients, quel que soit leur\u00a0 emplacement g\u00e9ographique (il y a peu, le Conseil international des chefs d\u2019entreprise et entrepreneurs lui a d\u2019ailleurs d\u00e9cern\u00e9 le prix Entreps\u00a0 \u00c9nergie 2015 pour avoir rapproch\u00e9 l\u2019\u00e9nergie des PME qui travaillent dans des endroits recul\u00e9s), quelles que soient les conditions, parfois extr\u00eames, dans lesquels les appareils doivent fonctionner dans leurs installations, et quelles que soient les exigences en mati\u00e8re de faible \u00e9mission sonore et de rejets de gaz dans l\u2019atmosph\u00e8re. Il s\u2019agit des <strong>gammes de secours, portative, industrielle, Rental (location) et lourde<\/strong>.<\/p>\n<p style=\"text-align: center;\"><img decoding=\"async\" class=\"aligncenter size-full wp-image-2450 lazyload\" data-src=\"\/wp-content\/uploads\/2015\/06\/3_25e-anniversaire-inmesol-power-solutions.jpg\" alt=\"Groupe \u00e9lectrog\u00e8ne de la gamme Rental sur une remorque (kit mobile) \u00e0 grande vitesse\" width=\"580\" height=\"360\" title=\"\" src=\"data:image\/svg+xml;base64,PHN2ZyB3aWR0aD0iMSIgaGVpZ2h0PSIxIiB4bWxucz0iaHR0cDovL3d3dy53My5vcmcvMjAwMC9zdmciPjwvc3ZnPg==\" style=\"--smush-placeholder-width: 580px; --smush-placeholder-aspect-ratio: 580\/360;\" data-srcset=\"https:\/\/www.inmesol.com\/wp-content\/uploads\/2015\/06\/3_25e-anniversaire-inmesol-power-solutions.jpg 580w, https:\/\/www.inmesol.com\/wp-content\/uploads\/2015\/06\/3_25e-anniversaire-inmesol-power-solutions-300x186.jpg 300w\" data-sizes=\"auto\" data-original-sizes=\"(max-width: 580px) 100vw, 580px\"><\/p>\n<h4>Des engins contr\u00f4l\u00e9s \u00e0 distance, super-insonoris\u00e9s, transportables et eco-friendly<\/h4>\n<p style=\"text-align: justify;\"><strong>Cet an-ci, Inmesol a pr\u00e9sent\u00e9 plusieurs nouveaux mod\u00e8les de groupes \u00e9lectrog\u00e8nes qui incorporent les derni\u00e8res avanc\u00e9es d\u00e9velopp\u00e9es par ses ing\u00e9nieurs<\/strong>. Ainsi, il y a \u00e0 peine un mois, l\u2019entreprise a lanc\u00e9 sur le march\u00e9 une nouvelle <strong>gamme Rental <\/strong><strong>de 22-550 kVA<\/strong><strong>de groupes insonoris\u00e9s<\/strong>. Tous ses appareils utilisent des moteurs respectueux des r\u00e8glements actuels, tr\u00e8s exigeants, en mati\u00e8re de rejets de gaz STAGE IIIA. Ce sont des moteurs au prestige reconnu, de<strong> <strong>Kohler<\/strong>,\u00a0<strong>Volvo Penta<\/strong>,\u00a0<strong>FPT-Iveco<\/strong><\/strong>. Les appareils de la nouvelle gamme Rental poss\u00e8dent un \u00e9chappement sup\u00e9rieur d\u2019air, un tableau de bord \u00e0 l\u2019\u00e9preuve de l\u2019eau, des patins de d\u00e9placement renforc\u00e9s, et ils se distinguent par leur r\u00e9sistance au feu et par un design qui facilite les op\u00e9rations de maintenance et de nettoyage. De plus, tout a \u00e9t\u00e9 pens\u00e9 pour que les engins travaillent \u00e0 plein r\u00e9gime dans des conditions climatologiques s\u00e9v\u00e8res. Une autre des nouveaut\u00e9s apport\u00e9es est un mod\u00e8le \u00e0 <strong>conteneur super-insonoris\u00e9 <\/strong>qui, \u00e0 la diff\u00e9rence des mod\u00e8les de s\u00e9rie, comprend deux modules silencieux externes, l\u2019un d\u2019admission et l\u2019autre d\u2019expulsion, ce qui a permis de diminuer encore davantage les \u00e9missions sonores des appareils, et, plus pr\u00e9cis\u00e9ment, de passer des <strong>75 dB(A) @ 7m de pression sonore que pr\u00e9sentent les mod\u00e8les standard dans des conditions normales \u00e0 70 dB(A) @ 7m<\/strong><strong>.<\/strong><\/p>\n<figure id=\"attachment_2449\" aria-describedby=\"caption-attachment-2449\" style=\"width: 580px\" class=\"wp-caption aligncenter\"><img decoding=\"async\" class=\"size-full wp-image-2449 lazyload\" title=\"Groupe \u00e9lectrog\u00e8ne de la gamme lourde dans un conteneur super-insonoris\u00e9\" data-src=\"\/wp-content\/uploads\/2015\/06\/4_25e-anniversaire-inmesol-power-solutions.jpg\" alt=\"Groupe \u00e9lectrog\u00e8ne de la gamme lourde dans un conteneur super-insonoris\u00e9\" width=\"580\" height=\"360\" src=\"data:image\/svg+xml;base64,PHN2ZyB3aWR0aD0iMSIgaGVpZ2h0PSIxIiB4bWxucz0iaHR0cDovL3d3dy53My5vcmcvMjAwMC9zdmciPjwvc3ZnPg==\" style=\"--smush-placeholder-width: 580px; --smush-placeholder-aspect-ratio: 580\/360;\" data-srcset=\"https:\/\/www.inmesol.com\/wp-content\/uploads\/2015\/06\/4_25e-anniversaire-inmesol-power-solutions.jpg 580w, https:\/\/www.inmesol.com\/wp-content\/uploads\/2015\/06\/4_25e-anniversaire-inmesol-power-solutions-300x186.jpg 300w\" data-sizes=\"auto\" data-original-sizes=\"(max-width: 580px) 100vw, 580px\" \/><figcaption id=\"caption-attachment-2449\" class=\"wp-caption-text\"><em>Groupe \u00e9lectrog\u00e8ne de la gamme lourde dans un conteneur super-insonoris\u00e9<\/em><\/figcaption><\/figure>\n<p style=\"text-align: justify;\"><strong>Ces nouveaux mod\u00e8les sont le fruit de mois de recherche <\/strong>visant \u00e0 ce qu\u2019Inmesol reste le leader en mati\u00e8re <strong>d\u2019\u00e9quipements de pointe tout en restant respectueux de l\u2019environnement<\/strong>. Cet engagement d\u00e9finit la politique entrepreneuriale d\u2019Inmesol depuis ses d\u00e9buts et s\u2019applique \u00e0 toutes les phases de la fabrication, du transport et de la vie op\u00e9rationnelle de ses appareils. En effet, les groupes contiennent les moteurs les plus modernes qui soit en mati\u00e8re de faibles \u00e9missions, les alternateurs sont mont\u00e9s avec la plus grande efficience, les ch\u00e2ssis et les carrosseries sont fabriqu\u00e9s en t\u00f4le d\u00e9cap\u00e9e, le travail se fait \u00e0 base de planches de m\u00e9tal pr\u00e9d\u00e9coup\u00e9es afin de r\u00e9duire les transports depuis l\u2019usine ainsi que les d\u00e9chets \u00e0 recycler, les t\u00f4les sont usin\u00e9es par poin\u00e7onnage et pliage des planches d\u2019acier en profils, le soudage \u00e9tant optimis\u00e9 gr\u00e2ce \u00e0 des robots. Sur la cha\u00eene de montage, la plus grosse partie du travail se fait \u00e0 la main. Pendant le processus de peinture, nous avons recours \u00e0 un syst\u00e8me contr\u00f4l\u00e9 de rev\u00eatement en poudre qui r\u00e9duit l\u2019impact environnemental lors du s\u00e9chage des dilutions et des liquides. Et nous ne cessons d\u2019optimiser le design des groupes \u00e9lectrog\u00e8nes et des palettes pour optimiser l\u2019espace dans les camions et dans les conteneurs pour leur transport.<\/p>\n<figure id=\"attachment_2443\" aria-describedby=\"caption-attachment-2443\" style=\"width: 580px\" class=\"wp-caption aligncenter\"><img decoding=\"async\" class=\"size-full wp-image-2443 lazyload\" title=\"Infographie montrant comment nous optimisons les capacit\u00e9s des Inmesol groupe \u00e9lectrog\u00e8ne conteneurs de charge\" data-src=\"\/wp-content\/uploads\/2015\/06\/5_25e-anniversaire-inmesol-power-solutions.jpg\" alt=\"Infographie montrant comment nous optimisons les capacit\u00e9s des Inmesol groupe \u00e9lectrog\u00e8ne conteneurs de charge\" width=\"580\" height=\"360\" src=\"data:image\/svg+xml;base64,PHN2ZyB3aWR0aD0iMSIgaGVpZ2h0PSIxIiB4bWxucz0iaHR0cDovL3d3dy53My5vcmcvMjAwMC9zdmciPjwvc3ZnPg==\" style=\"--smush-placeholder-width: 580px; --smush-placeholder-aspect-ratio: 580\/360;\" data-srcset=\"https:\/\/www.inmesol.com\/wp-content\/uploads\/2015\/06\/5_25e-anniversaire-inmesol-power-solutions.jpg 580w, https:\/\/www.inmesol.com\/wp-content\/uploads\/2015\/06\/5_25e-anniversaire-inmesol-power-solutions-300x186.jpg 300w\" data-sizes=\"auto\" data-original-sizes=\"(max-width: 580px) 100vw, 580px\" \/><figcaption id=\"caption-attachment-2443\" class=\"wp-caption-text\"><em>Infographie montrant comment nous optimisons les capacit\u00e9s des Inmesol groupe \u00e9lectrog\u00e8ne conteneurs de charge<\/em><\/figcaption><\/figure>\n<p style=\"text-align: justify;\">Par ailleurs, parmi les derni\u00e8res nouveaut\u00e9s pr\u00e9sent\u00e9es par l\u2019entreprise, on trouve aussi les <strong>mod\u00e8les qui permettent de piloter et de contr\u00f4ler \u00e0 distance les appareils depuis n\u2019importe quel endroit du monde via des dispositifs mobiles <\/strong>(tablettes et t\u00e9l\u00e9phones mobiles, outre les ordinateurs). Cette technologie simplifie \u00e9norm\u00e9ment les travaux de maintenance effectu\u00e9s par le personnel en charge des appareils. Elle leur permet de visualiser \u00e0 tout moment, et en temps r\u00e9el, le tableau de bord et d\u2019interagir avec lui \u00e0 distance avec la m\u00eame efficacit\u00e9 que s\u2019il se trouvait sur place, mais avec une consid\u00e9rable \u00e9conomie en termes de d\u00e9placements et de temps.<\/p>\n<h4>Des tours d\u2019\u00e9clairage transportables intelligentes et \u00e9cologiques<\/h4>\n<p style=\"text-align: justify;\">Parmi les autres lignes d\u2019affaires de l\u2019entreprise se trouvent la fabrication et la commercialisation de <strong>tours d\u2019\u00e9clairage con\u00e7ues pour pouvoir \u00eatre transport\u00e9es rapidement par route et par autoroute lors de situations d\u2019urgence o\u00f9 il faut augmenter l\u2019\u00e9clairage de certains endroits ou apporter un suppl\u00e9ment d\u2019\u00e9nergie \u00e9lectrique<\/strong>. Parmi les mod\u00e8les mis au point, on citera notamment le <strong>Kit mobile,<\/strong> compos\u00e9 d\u2019une tour et d\u2019un groupe \u00e9lectrog\u00e8ne pr\u00eat \u00e0 \u00eatre accroch\u00e9 et remorqu\u00e9 dans le respect de tous les r\u00e8glements (comme ceux dont le nouvel a\u00e9roport international de Bangkok a fait l\u2019acquisition cet an-ci). Les tours sont \u00e9cologiques : elles utilisent des ampoules led (plus r\u00e9sistantes que les traditionnelles) qui r\u00e9duisent consid\u00e9rablement la consommation de di\u00e9sel du groupe, si bien que le g\u00e9n\u00e9rateur peut, outre alimenter les projecteurs, \u00eatre utilis\u00e9 pour alimenter d\u2019autres charges auxiliaires.<\/p>\n<p style=\"text-align: justify;\">Il y a six mois, la soci\u00e9t\u00e9 a lanc\u00e9 sur le march\u00e9 un autre <strong>mod\u00e8le \u00e0 \u00e9clairage led qui, au lieu d\u2019avoir comme source d\u2019approvisionnement en \u00e9nergie un groupe \u00e9lectrog\u00e8ne, peut \u00eatre connect\u00e9 indistinctement sur le r\u00e9seau \u00e9lectrique ou sur un groupe externe<\/strong>. Les tours comportent une horloge de 220 V servant \u00e0 programmer l\u2019heure de leur allumage, un relais cr\u00e9pusculaire (capteur de lumi\u00e8re) qui active les projecteurs \u00e0 la tomb\u00e9e de la nuit et les \u00e9teint au petit matin, ainsi qu\u2019un d\u00e9tecteur de mouvement qui les allume en cas de mouvement \u00e0 280\u00ba autour de la tour. Le mod\u00e8le pr\u00e9voit aussi que les tours puissent se connecter entre elles et fonctionner en s\u00e9rie. Pour en faciliter le transport et le maniement, elles sont \u00e9quip\u00e9es de roues et d\u2019un guidon et les lampes peuvent \u00eatre d\u00e9mont\u00e9es sans difficult\u00e9.\u00a0 Les tours \u00ab\u00a0autonomes\u00a0\u00bb, tout comme d\u2019autres produits d\u00e9velopp\u00e9s par Inmesol, r\u00e9pondent \u00e0 la demande de nombreux clients.<\/p>\n<h4>L\u2019excellence qui les a conduit aux Jeux olympiques de Sotchi<\/h4>\n<p style=\"text-align: justify;\"><strong>Les groupes \u00e9lectrog\u00e8nes Inmesol sont fabriqu\u00e9s dans des mat\u00e9riaux de grande qualit\u00e9\u00a0<\/strong>: ainsi, l\u2019acier des carrosseries et des ch\u00e2ssis est de qualit\u00e9 DD11, conforme \u00e0 la norme EN10111.2008, et la structure est en acier au carbone lamin\u00e9 de qualit\u00e9 DD11 conforme \u00e0 la norme EN10111.2008. Les unions par soudure sont effectu\u00e9es moyennant la technologie MIG-MAG robotis\u00e9e et la peinture Qualicoat qui recouvre les appareils \u00e9vitent toute corrosion en milieu salin et humide.<\/p>\n<p style=\"text-align: justify;\"><strong>Une autre pi\u00e8ce majeure des groupes \u00e9lectrog\u00e8nes Inmesol est leur unit\u00e9 centrale<\/strong>, qui ne cesse d\u2019\u00eatre am\u00e9lior\u00e9e gr\u00e2ce aux nouveaux progr\u00e8s technologiques disponibles pour faciliter la v\u00e9rification des appareils, pour programmer des actions et des alarmes, et pour les \u00ab\u00a0blinder\u00a0\u00bb face \u00e0 toute \u00e9ventualit\u00e9. Elles int\u00e8grent des fonctions pour la protection du moteur et la surveillance automatique des anomalies \u00e9ventuelles li\u00e9es au courant, au voltage, \u00e0 la fr\u00e9quence, \u00e0 la vitesse, \u00e0 la pression et au niveau de l\u2019huile, \u00e0 l\u2019\u00e9tat du moteur, au niveau du combustible et du liquide de refroidissement, etc. Elles permettent, de m\u00eame, de configurer des alarmes concernant la temp\u00e9rature et le niveau d\u2019huile ou de liquide de refroidissement, ou servant \u00e0 bloquer l\u2019appareil quand certains param\u00e8tres sont r\u00e9unis.<\/p>\n<p style=\"text-align: justify;\">Les \u00e9quipement ont de plus \u00e9t\u00e9 con\u00e7us pour pouvoir \u00eatre remorqu\u00e9s et lev\u00e9s en toute s\u00e9curit\u00e9 et stabilit\u00e9, et Inmesol dispose de <strong>kits mobiles<\/strong> homologu\u00e9s servant \u00e0 transporter les groupes par la route ou \u00e0 les faire circuler, par exemple, dans un chantier.<\/p>\n<p style=\"text-align: justify;\">Toutes ces caract\u00e9ristique, auxquelles viennent s\u2019ajouter <strong>des cha\u00eenes de production de pointe <\/strong>(robotis\u00e9es et parfois tripl\u00e9es), des <strong>processus de contr\u00f4le de qualit\u00e9 tr\u00e8s exigeants <\/strong>et un <strong>excellent service technique apr\u00e8s-vente<\/strong>, expliquent pourquoi des soci\u00e9t\u00e9s du monde entier font confiance \u00e0 la technologie Inmesol. Ses machines approvisionnent en \u00e9lectricit\u00e9 des travaux publics, des h\u00f4tels, des ports, des installations militaires, des h\u00f4pitaux, des macro-concerts, des mines, des a\u00e9roports, etc., que ce soit comme source principale d\u2019\u00e9nergie lorsqu\u2019il n\u2019y a pas de r\u00e9seau \u00e9lectrique sur place ou \u00e0 titre de solution d\u2019urgence fonctionnant \u00e0 plein rendement si une panne survient sur le r\u00e9seau.<\/p>\n<p style=\"text-align: justify;\">Un exemple clair du chemin qu\u2019a parcouru Inmesol pendant ses 25 ann\u00e9es d\u2019activit\u00e9 r\u00e9side dans la confiance que les entrepreneurs en b\u00e2timent responsables de la construction des nouvelles infrastructures des <strong>Jeux olympiques de Sotchi<\/strong> ont d\u00e9pos\u00e9 dans la soci\u00e9t\u00e9 en en faisant leur <strong>fournisseur de groupes \u00e9lectrog\u00e8nes\u00a0<\/strong>: ce sont des appareils Inmesol qui ont approvisionn\u00e9 en \u00e9nergie les chantiers du Parc olympique, et qui ont \u00e9t\u00e9 install\u00e9s au Centre de Patinage Ovale Olympique et au Centre de Donn\u00e9es de l\u2019organisation comme groupes de secours<strong>. \u00ab\u00a0Le chemin parcouru par Inmesol est un chemin trac\u00e9 \u00e0 l\u2019aide de l\u2019engagement envers l\u2019excellence, engagement visible chez tous ceux qui travaillent dans la soci\u00e9t\u00e9 car il se manifeste par leur attitude et leur capacit\u00e9 \u00e0 apporter de la valeur aux projets et \u00e0 les faire progresser\u00a0\u00bb affirme Jos\u00e9 Luis Solano lorsqu\u2019il \u00e9voque ce projet et d\u2019autres projets r\u00e9cents. Par exemple, tous ceux qui ont consolid\u00e9 Inmesol depuis 2013 dans sa position de leader dans des segments du march\u00e9 en forte croissance, comme celui des t\u00e9l\u00e9communications.<\/strong><\/p>\n<figure id=\"attachment_2447\" aria-describedby=\"caption-attachment-2447\" style=\"width: 640px\" class=\"wp-caption aligncenter\"><img decoding=\"async\" class=\"size-full wp-image-2447 lazyload\" title=\"Centre de patinage ovale olympique Sochi 2014\" data-src=\"\/wp-content\/uploads\/2015\/06\/6_25e-anniversaire-inmesol-power-solutions.jpg\" alt=\"Centre de patinage ovale olympique Sochi 2014\" width=\"640\" height=\"357\" src=\"data:image\/svg+xml;base64,PHN2ZyB3aWR0aD0iMSIgaGVpZ2h0PSIxIiB4bWxucz0iaHR0cDovL3d3dy53My5vcmcvMjAwMC9zdmciPjwvc3ZnPg==\" style=\"--smush-placeholder-width: 640px; --smush-placeholder-aspect-ratio: 640\/357;\" data-srcset=\"https:\/\/www.inmesol.com\/wp-content\/uploads\/2015\/06\/6_25e-anniversaire-inmesol-power-solutions.jpg 640w, https:\/\/www.inmesol.com\/wp-content\/uploads\/2015\/06\/6_25e-anniversaire-inmesol-power-solutions-300x167.jpg 300w\" data-sizes=\"auto\" data-original-sizes=\"(max-width: 640px) 100vw, 640px\" \/><figcaption id=\"caption-attachment-2447\" class=\"wp-caption-text\"><em>Centre de patinage ovale olympique Sochi 2014<\/em><\/figcaption><\/figure>\n<h4>Les secrets de la croissance : innovation, capital humain et exportation<\/h4>\n<p style=\"text-align: justify;\">Pour son pr\u00e9sident et fondateur, Inmesol est le r\u00e9sultat de sa vision de la vie et du travail, faite de paradigmes qui fa\u00e7onnent la culture de son entreprise. Au lieu de s\u2019installer dans des zones de confort, celle-ci se fixe en permanence de nouveaux d\u00e9fis. Cette capacit\u00e9 \u00e0 relever des d\u00e9fis et sa vocation de service impr\u00e8gnent toute l\u2019organisation. La formation continuelle du personnel et la recherche se traduisent par une grande capacit\u00e9 \u00e0 innover et par un excellent travail de conseil technique aupr\u00e8s des clients. \u00ab\u00a0Le capital humain d\u2019Inmesol est notre principal actif, nous travaillons pour faire grandir les projets de nos clients\u00a0\u00bb assure \u00a0Jes\u00fas Fern\u00e1ndez Cano, directeur financier de la soci\u00e9t\u00e9. Cette philosophie, qui joue le r\u00f4le de moteur interne, est pr\u00e9cis\u00e9ment celle qui leur a ouvert la porte des march\u00e9s internationaux et leur a permis de grandir en temps de crise. <strong>Ces cinq derni\u00e8res ann\u00e9es, Inmesol a augment\u00e9 de 100\u00a0% sa production, de 50\u00a0% son r\u00e9seau de distributeurs\/clients <\/strong>et aujourd\u2019hui <strong>la soci\u00e9t\u00e9 exporte 96 % de sa production<\/strong>. \u00ab\u00a0Ces trois derni\u00e8res ann\u00e9es, <strong>nous avons agrandi de 100% notre \u00e9quipe d\u2019ing\u00e9nieurs techniques <\/strong>pour renforcer notre service apr\u00e8s-vente\u00a0\u00bb assure M. Cano. Avec une <strong>solide pr\u00e9sence dans les pays du Moyen-Orient, en Afrique, en Europe et en Am\u00e9rique du Sud, son objectif \u00e0 l\u2019horizon des cinq prochaines ann\u00e9es est d\u2019\u00e9tendre son r\u00e9seau de distribution \u00e0 plus de 120 pays<\/strong> tout en restant comp\u00e9titif.<\/p>\n<figure id=\"attachment_2442\" aria-describedby=\"caption-attachment-2442\" style=\"width: 600px\" class=\"wp-caption aligncenter\"><img decoding=\"async\" class=\"size-full wp-image-2442 lazyload\" title=\"Les groupes \u00e9lectrog\u00e8nes export\u00e9s\" data-src=\"\/wp-content\/uploads\/2015\/06\/7_25e-anniversaire-inmesol-power-solutions.jpg\" alt=\"Les groupes \u00e9lectrog\u00e8nes export\u00e9s\" width=\"600\" height=\"350\" src=\"data:image\/svg+xml;base64,PHN2ZyB3aWR0aD0iMSIgaGVpZ2h0PSIxIiB4bWxucz0iaHR0cDovL3d3dy53My5vcmcvMjAwMC9zdmciPjwvc3ZnPg==\" style=\"--smush-placeholder-width: 600px; --smush-placeholder-aspect-ratio: 600\/350;\" data-srcset=\"https:\/\/www.inmesol.com\/wp-content\/uploads\/2015\/06\/7_25e-anniversaire-inmesol-power-solutions.jpg 600w, https:\/\/www.inmesol.com\/wp-content\/uploads\/2015\/06\/7_25e-anniversaire-inmesol-power-solutions-300x175.jpg 300w\" data-sizes=\"auto\" data-original-sizes=\"(max-width: 600px) 100vw, 600px\" \/><figcaption id=\"caption-attachment-2442\" class=\"wp-caption-text\"><em>Les groupes \u00e9lectrog\u00e8nes export\u00e9s<\/em><\/figcaption><\/figure>\n<h4>Une entreprise engag\u00e9e socialement<\/h4>\n<p style=\"text-align: justify;\">Cela fait cinq ans qu\u2019Inmesol parraine l\u2019\u00e9quipe T\u00e1ndem-Murcia de cyclisme, m\u00e9daill\u00e9e des Jeux paralympiques. La volont\u00e9 de surpassement de Miguel \u00c1ngel Clemente, sportif \u00a0de haut niveau atteint d\u2019une maladie d\u00e9g\u00e9n\u00e9rative de la r\u00e9tine, est une valeur avec laquelle la soci\u00e9t\u00e9 se sent identifi\u00e9e. Voil\u00e0 pourquoi elle soutient financi\u00e8rement les frais qui d\u00e9coulent de son entra\u00eenement quotidien, des concentrations et des comp\u00e9titions auxquelles il se pr\u00e9sente. Toutes ces activit\u00e9s demandent un guide, un entra\u00eeneur et une \u00e9quipe m\u00e9dicale. Le T\u00e1ndem-Murcia a remport\u00e9 la m\u00e9daille de bronze des Jeux olympiques de Londres 2012, la m\u00e9daille d\u2019argent du championnat du monde sur piste de Los Angeles, et la m\u00e9daille d\u2019or du championnat d\u2019Espagne de cyclisme adapt\u00e9 pour l\u2019\u00e9preuve de fond sur route (2010) et du championnat d\u2019Espagne de cyclisme adapt\u00e9 pour la course contre la montre (2012).<\/p>\n<h4>Communication corporate sur les plateformes num\u00e9riques<\/h4>\n<p style=\"text-align: justify;\">Inmesol est parfaitement conscient de l\u2019immense potentiel d\u2019Internet dans une soci\u00e9t\u00e9 mondialis\u00e9e et de la n\u00e9cessit\u00e9 qu\u2019il y a \u00e0 \u00e9tablir et \u00e0 veiller \u00e0 une bonne communication avec ses clients et ses prospects \u00e0 l\u2019aide des moyens num\u00e9riques. C\u2019est pour cela que sa <strong>strat\u00e9gie de communication<\/strong> inclut depuis trois ans une tr\u00e8s active g\u00e9n\u00e9ration d\u2019information en six langues via son site web et son blog corporate, et une activit\u00e9 constante sur les r\u00e9seaux sociaux. Elle passe aussi par l\u2019envoi de bulletins d\u2019information ponctuels \u00e0 ses clients, qui servent \u00e0 les tenir au courant des nouveaut\u00e9s \u00a0venue de l\u2019entreprise et \u00e0 les tenir au fait des nouvelles les plus importantes du secteur de l\u2019\u00e9nergie, de la recherche et de la technologie (<strong>www.inmesol.com<\/strong>).<\/p>\n<p style=\"text-align: justify;\">De prestigieuses revues du Moyen Orient se sont fait l\u2019\u00e9cho du 25\u00ba anniversaire d\u2019INMESOL, telles que Technical Review en pages 36, 37 et 38\u00a0:<\/p>\n","protected":false},"excerpt":{"rendered":"<p>Inmesol, une soci\u00e9t\u00e9 actuellement pr\u00e9sente dans plus de 80 pays des cinq continents gr\u00e2ce \u00e0 une vaste gamme d\u2019engins qui int\u00e8grent la technologie la plus novatrice pour les march\u00e9s les plus exigeants, et qui grandit \u00e0 un rythme annuel de 25 %.<\/p>\n","protected":false},"author":2,"featured_media":2446,"comment_status":"open","ping_status":"closed","sticky":false,"template":"","format":"standard","meta":{"inline_featured_image":false,"footnotes":""},"categories":[57,34,37],"tags":[],"categorias-smart-power-":[],"paises-":[],"class_list":["post-8513","post","type-post","status-publish","format-standard","has-post-thumbnail","hentry","category-corporatif","category-frances","category-corporative"],"_links":{"self":[{"href":"https:\/\/www.inmesol.com\/fr\/wp-json\/wp\/v2\/posts\/8513","targetHints":{"allow":["GET"]}}],"collection":[{"href":"https:\/\/www.inmesol.com\/fr\/wp-json\/wp\/v2\/posts"}],"about":[{"href":"https:\/\/www.inmesol.com\/fr\/wp-json\/wp\/v2\/types\/post"}],"author":[{"embeddable":true,"href":"https:\/\/www.inmesol.com\/fr\/wp-json\/wp\/v2\/users\/2"}],"replies":[{"embeddable":true,"href":"https:\/\/www.inmesol.com\/fr\/wp-json\/wp\/v2\/comments?post=8513"}],"version-history":[{"count":0,"href":"https:\/\/www.inmesol.com\/fr\/wp-json\/wp\/v2\/posts\/8513\/revisions"}],"wp:featuredmedia":[{"embeddable":true,"href":"https:\/\/www.inmesol.com\/fr\/wp-json\/"}],"wp:attachment":[{"href":"https:\/\/www.inmesol.com\/fr\/wp-json\/wp\/v2\/media?parent=8513"}],"wp:term":[{"taxonomy":"category","embeddable":true,"href":"https:\/\/www.inmesol.com\/fr\/wp-json\/wp\/v2\/categories?post=8513"},{"taxonomy":"post_tag","embeddable":true,"href":"https:\/\/www.inmesol.com\/fr\/wp-json\/wp\/v2\/tags?post=8513"},{"taxonomy":"categorias-smart-power-","embeddable":true,"href":"https:\/\/www.inmesol.com\/fr\/wp-json\/wp\/v2\/categorias-smart-power-?post=8513"},{"taxonomy":"paises-","embeddable":true,"href":"https:\/\/www.inmesol.com\/fr\/wp-json\/wp\/v2\/paises-?post=8513"}],"curies":[{"name":"wp","href":"https:\/\/api.w.org\/{rel}","templated":true}]}}