{"id":8520,"date":"2015-06-24T07:00:10","date_gmt":"2015-06-24T05:00:10","guid":{"rendered":"http:\/\/www.inmesol.fr\/blog\/?p=2473"},"modified":"2026-01-16T12:14:19","modified_gmt":"2026-01-16T12:14:19","slug":"inmesol-etait-presente-48eme-foire-internationale-dalger","status":"publish","type":"post","link":"https:\/\/www.inmesol.com\/fr\/blog\/inmesol-etait-presente-48eme-foire-internationale-dalger\/","title":{"rendered":"Cette ann\u00e9e encore Inmesol \u00e9tait pr\u00e9sente \u00e0 la 48\u00e8me Foire Internationale d\u2019Alger"},"content":{"rendered":"<figure id=\"attachment_2472\" aria-describedby=\"caption-attachment-2472\" style=\"width: 640px\" class=\"wp-caption aligncenter\"><img fetchpriority=\"high\" decoding=\"async\" class=\"size-full wp-image-2472 \" title=\"Groupes \u00e9lectrog\u00e8nes Inmesol de la gamme de secours expos\u00e9s \u00e0 la FIA\" src=\"\/wp-content\/uploads\/2015\/06\/inmesol-etait-presente-48eme-foire-internationale-dalger.jpg\" alt=\"Groupes \u00e9lectrog\u00e8nes Inmesol de la gamme de secours expos\u00e9s \u00e0 la FIA\" width=\"640\" height=\"450\" srcset=\"https:\/\/www.inmesol.com\/wp-content\/uploads\/2015\/06\/inmesol-etait-presente-48eme-foire-internationale-dalger.jpg 640w, https:\/\/www.inmesol.com\/wp-content\/uploads\/2015\/06\/inmesol-etait-presente-48eme-foire-internationale-dalger-300x211.jpg 300w\" sizes=\"(max-width: 640px) 100vw, 640px\" \/><figcaption id=\"caption-attachment-2472\" class=\"wp-caption-text\"><em>Groupes \u00e9lectrog\u00e8nes Inmesol de la gamme de secours expos\u00e9s \u00e0 la FIA<\/em><\/figcaption><\/figure>\n<p style=\"text-align: justify;\">Cette ann\u00e9e encore, INMESOL, par le biais de notre distributeur Sarl Obi, a particip\u00e9 \u00e0 la <strong>Foire Internationale d\u2019Alger<\/strong>, FIA, qui a eu lieu au Palais des Expositions du 27 mai au 1<sup>er<\/sup> juin.<\/p>\n<figure id=\"attachment_2471\" aria-describedby=\"caption-attachment-2471\" style=\"width: 640px\" class=\"wp-caption aligncenter\"><img decoding=\"async\" class=\"size-full wp-image-2471 lazyload\" title=\"Plusieurs groupes \u00e9lectrog\u00e8nes Inmesol expos\u00e9s \u00e0 la FIA\" data-src=\"\/wp-content\/uploads\/2015\/06\/1_inmesol-etait-presente-48eme-foire-internationale-dalger.jpg\" alt=\"Plusieurs groupes \u00e9lectrog\u00e8nes Inmesol expos\u00e9s \u00e0 la FIA\" width=\"640\" height=\"450\" src=\"data:image\/svg+xml;base64,PHN2ZyB3aWR0aD0iMSIgaGVpZ2h0PSIxIiB4bWxucz0iaHR0cDovL3d3dy53My5vcmcvMjAwMC9zdmciPjwvc3ZnPg==\" style=\"--smush-placeholder-width: 640px; --smush-placeholder-aspect-ratio: 640\/450;\" data-srcset=\"https:\/\/www.inmesol.com\/wp-content\/uploads\/2015\/06\/1_inmesol-etait-presente-48eme-foire-internationale-dalger.jpg 640w, https:\/\/www.inmesol.com\/wp-content\/uploads\/2015\/06\/1_inmesol-etait-presente-48eme-foire-internationale-dalger-300x211.jpg 300w\" data-sizes=\"auto\" data-original-sizes=\"(max-width: 640px) 100vw, 640px\" \/><figcaption id=\"caption-attachment-2471\" class=\"wp-caption-text\"><em>Plusieurs groupes \u00e9lectrog\u00e8nes Inmesol expos\u00e9s \u00e0 la FIA<\/em><\/figcaption><\/figure>\n<p style=\"text-align: justify;\">L\u2019\u00e9v\u00e9nement \u00e9conomique et commercial le plus important qui se tient annuellement en Alg\u00e9rie a f\u00eat\u00e9 cette ann\u00e9e sa 48<sup>\u00e8me<\/sup> \u00e9dition.<\/p>\n<p style=\"text-align: justify;\">Durant toutes ces ann\u00e9es, la <strong>FIA<\/strong> a \u00e9t\u00e9 la sc\u00e8ne de n\u00e9goces internationaux, pendant laquelle ont \u00e9t\u00e9 encourag\u00e9es les alliances commerciales entre les entreprises alg\u00e9riennes et les entreprises \u00e9trang\u00e8res.<\/p>\n<p style=\"text-align: justify;\">Les organisateurs de la Foire, la <strong>SAFEX<\/strong> (Soci\u00e9t\u00e9 Alg\u00e9rienne des Foires et Exportations), la professionnalise chaque ann\u00e9e un peu plus et la participation a \u00e9t\u00e9 de 50 % d\u2019exposants locaux et 50 % d\u2019exposants en provenance de 40 pays \u00e9trangers.<\/p>\n<figure id=\"attachment_2470\" aria-describedby=\"caption-attachment-2470\" style=\"width: 640px\" class=\"wp-caption aligncenter\"><img decoding=\"async\" class=\"size-full wp-image-2470 lazyload\" title=\"Stand de Sarl Obi \u00e0 la FIA\" data-src=\"\/wp-content\/uploads\/2015\/06\/2_inmesol-etait-presente-48eme-foire-internationale-dalger.jpg\" alt=\"Stand de Sarl Obi \u00e0 la FIA\" width=\"640\" height=\"450\" src=\"data:image\/svg+xml;base64,PHN2ZyB3aWR0aD0iMSIgaGVpZ2h0PSIxIiB4bWxucz0iaHR0cDovL3d3dy53My5vcmcvMjAwMC9zdmciPjwvc3ZnPg==\" style=\"--smush-placeholder-width: 640px; --smush-placeholder-aspect-ratio: 640\/450;\" data-srcset=\"https:\/\/www.inmesol.com\/wp-content\/uploads\/2015\/06\/2_inmesol-etait-presente-48eme-foire-internationale-dalger.jpg 640w, https:\/\/www.inmesol.com\/wp-content\/uploads\/2015\/06\/2_inmesol-etait-presente-48eme-foire-internationale-dalger-300x211.jpg 300w\" data-sizes=\"auto\" data-original-sizes=\"(max-width: 640px) 100vw, 640px\" \/><figcaption id=\"caption-attachment-2470\" class=\"wp-caption-text\"><em>Stand de Sarl Obi \u00e0 la FIA<\/em><\/figcaption><\/figure>\n<p style=\"text-align: justify;\">Notre <strong>importateur et distributeur \u00e0 Alger<\/strong>, <strong>Sarl Obi<\/strong>, qui continue de r\u00e9aliser un travail excellent en assurant la promotion de la marque INMESOL comme une <strong>marque espagnole de r\u00e9f\u00e9rence<\/strong>, synonyme de <strong>qualit\u00e9 <\/strong>et <strong>garantie <\/strong>au sein des principales entreprises tous secteurs industriels confondus, souligne la grande acceptation des diff\u00e9rents <strong>groupes \u00e9lectrog\u00e8nes <\/strong>(consulter les gammes), aupr\u00e8s de clients de plus en plus exigeants qui recherchent des produits fiables et s\u00fbrs.<\/p>\n<p>Une ann\u00e9e de plus, on peut parler d\u2019une pr\u00e9sence r\u00e9ussie d\u2019INMESOL \u00e0 la FIA.<\/p>\n<p style=\"text-align: justify;\">Le pari de Sarl Obi pour les produits Inmesol est irr\u00e9futable et la preuve m\u00eame est le grand espace qu\u2019il a r\u00e9serv\u00e9 aux groupes \u00e9lectrog\u00e8nes INMESOL sur ses nouvelles installations, comme nous l\u2019avons annonc\u00e9 dans le post pr\u00e9c\u00e9dent.<\/p>\n<h4><strong>Donn\u00e9es de contact de Sarl OBI, distributeur d\u2019Inmesol en Alg\u00e9rie :<\/strong><\/h4>\n<p>Lots 189 &amp; 190 Ferme Pons, Kouba-Alger-Alg\u00e9rie<\/p>\n<p><strong>T\u00e9l. :<\/strong>\u00a0+ 213 (0) 21 28 97 97.<br \/>\n<strong>Fax :<\/strong>\u00a0+213 (0) 21 2898 98.<br \/>\n<strong>Courrier \u00e9lectronique\u00a0:\u00a0<\/strong>commercial@sarlobi.com<\/p>\n","protected":false},"excerpt":{"rendered":"<p>Cette ann\u00e9e encore, INMESOL, par le biais de notre distributeur Sarl Obi, a particip\u00e9 \u00e0 la Foire Internationale d\u2019Alger, FIA, qui a eu lieu au Palais des Expositions du 27 mai au 1er juin.<\/p>\n","protected":false},"author":2,"featured_media":2469,"comment_status":"open","ping_status":"closed","sticky":false,"template":"","format":"standard","meta":{"inline_featured_image":false,"footnotes":""},"categories":[34,48,54],"tags":[],"categorias-smart-power-":[],"paises-":[],"class_list":["post-8520","post","type-post","status-publish","format-standard","has-post-thumbnail","hentry","category-frances","category-expositions","category-generateurs-distributeurs"],"_links":{"self":[{"href":"https:\/\/www.inmesol.com\/fr\/wp-json\/wp\/v2\/posts\/8520","targetHints":{"allow":["GET"]}}],"collection":[{"href":"https:\/\/www.inmesol.com\/fr\/wp-json\/wp\/v2\/posts"}],"about":[{"href":"https:\/\/www.inmesol.com\/fr\/wp-json\/wp\/v2\/types\/post"}],"author":[{"embeddable":true,"href":"https:\/\/www.inmesol.com\/fr\/wp-json\/wp\/v2\/users\/2"}],"replies":[{"embeddable":true,"href":"https:\/\/www.inmesol.com\/fr\/wp-json\/wp\/v2\/comments?post=8520"}],"version-history":[{"count":0,"href":"https:\/\/www.inmesol.com\/fr\/wp-json\/wp\/v2\/posts\/8520\/revisions"}],"wp:featuredmedia":[{"embeddable":true,"href":"https:\/\/www.inmesol.com\/fr\/wp-json\/"}],"wp:attachment":[{"href":"https:\/\/www.inmesol.com\/fr\/wp-json\/wp\/v2\/media?parent=8520"}],"wp:term":[{"taxonomy":"category","embeddable":true,"href":"https:\/\/www.inmesol.com\/fr\/wp-json\/wp\/v2\/categories?post=8520"},{"taxonomy":"post_tag","embeddable":true,"href":"https:\/\/www.inmesol.com\/fr\/wp-json\/wp\/v2\/tags?post=8520"},{"taxonomy":"categorias-smart-power-","embeddable":true,"href":"https:\/\/www.inmesol.com\/fr\/wp-json\/wp\/v2\/categorias-smart-power-?post=8520"},{"taxonomy":"paises-","embeddable":true,"href":"https:\/\/www.inmesol.com\/fr\/wp-json\/wp\/v2\/paises-?post=8520"}],"curies":[{"name":"wp","href":"https:\/\/api.w.org\/{rel}","templated":true}]}}