{"id":8556,"date":"2015-10-06T14:43:17","date_gmt":"2015-10-06T14:43:17","guid":{"rendered":"http:\/\/www.inmesol.fr\/blog\/?p=2565"},"modified":"2026-01-19T17:43:14","modified_gmt":"2026-01-19T17:43:14","slug":"les-directives-et-techniciens-des-entreprises-de-distribution-damerique-latine-visitent-les-installations-dinmesol-en-espagne","status":"publish","type":"post","link":"https:\/\/www.inmesol.com\/fr\/blog\/les-directives-et-techniciens-des-entreprises-de-distribution-damerique-latine-visitent-les-installations-dinmesol-en-espagne\/","title":{"rendered":"Les directives et techniciens des entreprises de distribution d\u2019Am\u00e9rique Latine visitent les installations d\u2019INMESOL en ESPAGNE"},"content":{"rendered":"<p>Plusieurs de nos distributeurs d\u2019Am\u00e9rique Latine\u00a0en provenant de la R\u00e9publique Dominicaine, Guatemala, Paraguay, l\u2019Uruguay et de l\u2019\u00c9quateur nous ont rendu visite r\u00e9cemment avec le but <strong>d\u2019exposer et d\u2019analyser<\/strong> la situation du <strong>march\u00e9<\/strong> en <strong>Am\u00e9rique du Sud<\/strong>, de conna\u00eetre les <strong>installations<\/strong> et le <strong>processus de production<\/strong> et d\u2019\u00e9largir leurs connaissances techniques sur les <strong>moteurs<\/strong> ainsi que les derni\u00e8res <strong>nouvelles <\/strong>qu\u2019INMESOL est en train d\u2019incorporer \u00e0 ses <strong>groupes \u00e9lectrog\u00e8nes<\/strong>.<\/p>\n<figure id=\"attachment_2563\" aria-describedby=\"caption-attachment-2563\" style=\"width: 1200px\" class=\"wp-caption aligncenter\"><img fetchpriority=\"high\" decoding=\"async\" class=\"wp-image-2563 size-full\" title=\"Distributeurs d\u2019Am\u00e9rique du Sud pr\u00e8s de la Direction, les Responsables techniques et les Responsables commerciaux d\u2019Inmesol\" src=\"\/wp-content\/uploads\/2015\/10\/les-directives-et-techniciens-des-entreprises-de-distribution-damerique-latine-visitent-les-installations-dinmesol-en-espagne.jpg\" alt=\"Distributeurs d\u2019Am\u00e9rique du Sud pr\u00e8s de la Direction, les Responsables techniques et les Responsables commerciaux d\u2019Inmesol\" width=\"1200\" height=\"850\" srcset=\"https:\/\/www.inmesol.com\/wp-content\/uploads\/2015\/10\/les-directives-et-techniciens-des-entreprises-de-distribution-damerique-latine-visitent-les-installations-dinmesol-en-espagne.jpg 1200w, https:\/\/www.inmesol.com\/wp-content\/uploads\/2015\/10\/les-directives-et-techniciens-des-entreprises-de-distribution-damerique-latine-visitent-les-installations-dinmesol-en-espagne-300x213.jpg 300w, https:\/\/www.inmesol.com\/wp-content\/uploads\/2015\/10\/les-directives-et-techniciens-des-entreprises-de-distribution-damerique-latine-visitent-les-installations-dinmesol-en-espagne-1024x725.jpg 1024w, https:\/\/www.inmesol.com\/wp-content\/uploads\/2015\/10\/les-directives-et-techniciens-des-entreprises-de-distribution-damerique-latine-visitent-les-installations-dinmesol-en-espagne-768x544.jpg 768w\" sizes=\"(max-width: 1200px) 100vw, 1200px\" \/><figcaption id=\"caption-attachment-2563\" class=\"wp-caption-text\">Distributeurs d\u2019Am\u00e9rique du Sud pr\u00e8s de la Direction, les Responsables techniques et les Responsables commerciaux d\u2019Inmesol<\/figcaption><\/figure>\n<p>Nos invit\u00e9s ont accueilli avec un int\u00e9r\u00eat particulier les explications donn\u00e9es par le <strong>Directeur de Production<\/strong>, <strong>Jose Luis<\/strong><strong> Solano<\/strong>, qui leur a montr\u00e9 les installations et les diff\u00e9rentes phases du syst\u00e8me de production. Il a \u00e9t\u00e9 accompagn\u00e9 du <strong>Directeur des Ventes Internationaux<\/strong>, <strong>Ram\u00f3n Solano<\/strong>, de <strong>l\u2019Ing\u00e9nieur de Ventes et Apr\u00e8s-Ventes, Sergio Frutos<\/strong> et du <strong>Responsable des Ventes en Am\u00e9rique du Sud<\/strong>, <strong>Luis Navarro. <\/strong><\/p>\n<p>Les explications <strong>d\u00e9taill\u00e9es <\/strong>sur chacune de ces phases de la part des h\u00f4tes ont \u00e9t\u00e9 tr\u00e8s <strong>appr\u00e9ci\u00e9es <\/strong>par nos visiteurs.<\/p>\n<p>Ils ont \u00e9t\u00e9 tr\u00e8s surpris de l\u2019automatisation de la plus part des <strong>processus <\/strong>qui int\u00e8grent la fabrication des <strong>groupes \u00e9lectrog\u00e8nes<\/strong>. Leur attention a \u00e9t\u00e9 particuli\u00e8rement attir\u00e9e par les <strong>op\u00e9rations de peinture<\/strong> et surtout par le <strong>traitement<\/strong> pr\u00e9alable que les pi\u00e8ces des t\u00f4les en acier re\u00e7oivent avant d\u2019\u00eatre peints.<\/p>\n<p>Mais sans doute, ce qui a \u00e9t\u00e9 plus comment\u00e9 a \u00e9t\u00e9 la <strong>capacit\u00e9 <\/strong>d\u2019INMESOL d\u2019<strong>assumer <\/strong>l\u2019ensemble du processus de fabrication de mani\u00e8re contr\u00f4l\u00e9e et en cha\u00eene, sans aucune n\u00e9cessit\u00e9 de sous-traitance sauf le moteur et l\u2019alternateur.<\/p>\n<p>Apr\u00e8s la visite des installations et un fois vu le processus de production, on a commenc\u00e9 les <strong>Journ\u00e9es de Formation Technique<\/strong>.<\/p>\n<p>Pour cela, nous avons pu compter sur la collaboration de nos fournisseurs des <strong>moteurs<\/strong> <strong>FPT, VOLVO PENTA et KOHLER.<\/strong><\/p>\n<p>Chaque fabriquant, en plus d\u2019une pr\u00e9sentation mettant l\u2019accent sur les particularit\u00e9s de leurs moteurs, a offert un expos\u00e9 th\u00e9orique et pratique des aspects les plus importants concernant la <strong>maintenance <\/strong>et la <strong>r\u00e9paration.<\/strong><\/p>\n<p>Quatre journ\u00e9es d\u2019activit\u00e9 intense, pendant lesquelles, au-del\u00e0 de <strong>l\u2019accomplissement des objectifs<\/strong> pr\u00e9vus, nos distributeurs ont pu profiter d\u2019un programme <strong>d\u2019activit\u00e9s culturelles<\/strong> dans la ville de Murcie et d\u2019un moment de convivialit\u00e9 au cours duquel, sans aucun doute, <strong>les liens de collaboration<\/strong> se sont renforc\u00e9s.<\/p>\n<p><strong>Jose Luis<\/strong><strong> Solano Ba\u00f1o, Pr\u00e9sident et fondateur d\u2019INMESOL<\/strong>, a tenu \u00e0 remercier personnellement chacun des Distributeurs pour leur visite et pour <strong>l\u2019int\u00e9r\u00eat<\/strong> qu\u2019ils ont tous montr\u00e9 pour notre organisation et pour conna\u00eetre plus en d\u00e9tail nos produits, des conditions fondamentales pour r\u00e9aliser un <strong>bon travail commercial<\/strong>.<\/p>\n<p>Il a \u00e9t\u00e9 lui-m\u00eame qui a \u00e9t\u00e9 charg\u00e9 de la remise des <strong>dipl\u00f4mes<\/strong> accr\u00e9ditifs \u00e0 chacun des participants.<\/p>\n","protected":false},"excerpt":{"rendered":"<p>Plusieurs de nos distributeurs d\u2019Am\u00e9rique Latine en provenant de la R\u00e9publique Dominicaine, Guatemala, Paraguay, l\u2019Uruguay et de l\u2019\u00c9quateur nous ont rendu visite r\u00e9cemment avec le but d\u2019exposer et d\u2019analyser la situation du march\u00e9 en Am\u00e9rique du Sud, de conna\u00eetre les installations et le processus de production et d\u2019\u00e9largir leurs connaissances techniques sur les moteurs ainsi que les derni\u00e8res nouvelles qu\u2019INMESOL est en train d\u2019incorporer \u00e0 ses groupes \u00e9lectrog\u00e8nes.<\/p>\n","protected":false},"author":2,"featured_media":2564,"comment_status":"closed","ping_status":"closed","sticky":false,"template":"","format":"standard","meta":{"inline_featured_image":false,"footnotes":""},"categories":[34,54,57],"tags":[],"categorias-smart-power-":[],"paises-":[],"class_list":["post-8556","post","type-post","status-publish","format-standard","has-post-thumbnail","hentry","category-frances","category-generateurs-distributeurs","category-corporatif"],"_links":{"self":[{"href":"https:\/\/www.inmesol.com\/fr\/wp-json\/wp\/v2\/posts\/8556","targetHints":{"allow":["GET"]}}],"collection":[{"href":"https:\/\/www.inmesol.com\/fr\/wp-json\/wp\/v2\/posts"}],"about":[{"href":"https:\/\/www.inmesol.com\/fr\/wp-json\/wp\/v2\/types\/post"}],"author":[{"embeddable":true,"href":"https:\/\/www.inmesol.com\/fr\/wp-json\/wp\/v2\/users\/2"}],"replies":[{"embeddable":true,"href":"https:\/\/www.inmesol.com\/fr\/wp-json\/wp\/v2\/comments?post=8556"}],"version-history":[{"count":0,"href":"https:\/\/www.inmesol.com\/fr\/wp-json\/wp\/v2\/posts\/8556\/revisions"}],"wp:featuredmedia":[{"embeddable":true,"href":"https:\/\/www.inmesol.com\/fr\/wp-json\/"}],"wp:attachment":[{"href":"https:\/\/www.inmesol.com\/fr\/wp-json\/wp\/v2\/media?parent=8556"}],"wp:term":[{"taxonomy":"category","embeddable":true,"href":"https:\/\/www.inmesol.com\/fr\/wp-json\/wp\/v2\/categories?post=8556"},{"taxonomy":"post_tag","embeddable":true,"href":"https:\/\/www.inmesol.com\/fr\/wp-json\/wp\/v2\/tags?post=8556"},{"taxonomy":"categorias-smart-power-","embeddable":true,"href":"https:\/\/www.inmesol.com\/fr\/wp-json\/wp\/v2\/categorias-smart-power-?post=8556"},{"taxonomy":"paises-","embeddable":true,"href":"https:\/\/www.inmesol.com\/fr\/wp-json\/wp\/v2\/paises-?post=8556"}],"curies":[{"name":"wp","href":"https:\/\/api.w.org\/{rel}","templated":true}]}}