{"id":8560,"date":"2015-12-10T10:38:12","date_gmt":"2015-12-10T09:38:12","guid":{"rendered":"http:\/\/www.inmesol.fr\/blog\/?p=2599"},"modified":"2025-01-09T12:00:01","modified_gmt":"2025-01-09T12:00:01","slug":"notre-distributeur-global-assistance-participe-aux-journees-minieres-et-petrolieres-du-mali-jmp-pour-leur-sixieme-edition","status":"publish","type":"post","link":"https:\/\/www.inmesol.com\/fr\/blog\/notre-distributeur-global-assistance-participe-aux-journees-minieres-et-petrolieres-du-mali-jmp-pour-leur-sixieme-edition\/","title":{"rendered":"Notre distributeur Global Assistance, participe aux Journ\u00e9es Mini\u00e8res et P\u00e9troli\u00e8res du Mali, (JMP), pour leur sixi\u00e8me \u00e9dition"},"content":{"rendered":"<p><strong>Le Mali <\/strong>est un des principaux pays producteurs d\u2019or ayant des r\u00e9serves importantes en Afrique\u00a0; par cons\u00e9quent, cet \u00e9v\u00e9nement, http:\/\/fr.jmpmali.com\/, s\u2019est convertit en l\u2019un des plus importants de l\u2019\u00e9conomie malienne. Des op\u00e9rations<strong> d\u2019\u00e9change et de coop\u00e9ration <\/strong>entre les diff\u00e9rentes compagnies du<strong> secteur minier et p\u00e9trolier y ont lieu.<\/strong><strong>\u00a0<\/strong><\/p>\n<p>Cette ann\u00e9e, ces journ\u00e9es ont eu lieu les 17, 18 et 19 novembre, au<strong> Centre International de Conf\u00e9rences de Bamako, <\/strong>au Mali.<strong>\u00a0<\/strong><\/p>\n<p>Le th\u00e8me choisi comme argument principal fut<strong><em> \u00ab\u00a0L\u2019augmentation de la contribution mini\u00e8re dans l\u2019\u00e9conomie du Mali\u00a0\u00bb<\/em> <\/strong>et autour de ce sujet se sont r\u00e9unis 58 orateurs, dont d\u2019importantes<strong> personnalit\u00e9s du Gouvernement de la R\u00e9publique du Mali, <\/strong>qui ont pr\u00e9sent\u00e9s leurs expos\u00e9s.<strong>\u00a0<\/strong><\/p>\n<p>La qualit\u00e9 des intervenants a particuli\u00e8rement capt\u00e9 l\u2019attention des assistants qui \u00e9coutaient attentivement leurs<strong> recommandations et conclusions.<\/strong><\/p>\n<figure id=\"attachment_2595\" aria-describedby=\"caption-attachment-2595\" style=\"width: 620px\" class=\"wp-caption aligncenter\"><img fetchpriority=\"high\" decoding=\"async\" class=\"wp-image-2595 size-full\" title=\"Intervenants et participants lors de sa prise de parole pour la sixi\u00e8me \u00e9dition des JMP\" src=\"\/wp-content\/uploads\/2015\/12\/notre-distributeur-global-assistance-participe-aux-journees-minieres-et-petrolieres-du-mali-jmp-pour-leur-sixieme-edition.jpg\" alt=\"Intervenants et participants lors de sa prise de parole pour la sixi\u00e8me \u00e9dition des JMP\" width=\"620\" height=\"450\" srcset=\"https:\/\/www.inmesol.com\/wp-content\/uploads\/2015\/12\/notre-distributeur-global-assistance-participe-aux-journees-minieres-et-petrolieres-du-mali-jmp-pour-leur-sixieme-edition.jpg 620w, https:\/\/www.inmesol.com\/wp-content\/uploads\/2015\/12\/notre-distributeur-global-assistance-participe-aux-journees-minieres-et-petrolieres-du-mali-jmp-pour-leur-sixieme-edition-300x218.jpg 300w\" sizes=\"(max-width: 620px) 100vw, 620px\" \/><figcaption id=\"caption-attachment-2595\" class=\"wp-caption-text\">Intervenants et participants lors de sa prise de parole pour la sixi\u00e8me \u00e9dition des JMP<\/figcaption><\/figure>\n<p>La participation aux JMP a d\u00e9pass\u00e9 les <strong>900 assistants<\/strong>, qui sont originaires non seulement du <strong>Mali et du continent africain,<\/strong> mais pour beaucoup \u00e9galement de l\u2019<strong>Europe, l\u2019Asie et l\u2019Am\u00e9rique du Nord<\/strong>.<\/p>\n<p>Le nombre <strong>d\u2019exposants<\/strong> a atteint les <strong>68\u00a0; <\/strong>ces derniers ont pr\u00e9sent\u00e9 leurs <strong>produits<\/strong> les plus novateurs et leurs services, dans les diff\u00e9rentes salles d\u2019expositions habilit\u00e9es pour cela.<\/p>\n<p>Un de ces exposants, <strong>Global Assistance,<\/strong> a \u00e9t\u00e9 notre importateur et distributeur\u00a0; il r\u00e9alise un travail extraordinaire de promotion de la marque <strong>INMESOL<\/strong> comme <strong>marque espagnole de r\u00e9f\u00e9rence<\/strong>, qui propose des groupes \u00e9lectrog\u00e8nes de <strong>2,5 \u00e0 2500 kVA<\/strong> disposant de la qualit\u00e9, la solidit\u00e9 et l\u2019adaptabilit\u00e9 parfaite requises par l\u2019<strong>industrie mini\u00e8re<\/strong>.<\/p>\n<figure id=\"attachment_2597\" aria-describedby=\"caption-attachment-2597\" style=\"width: 640px\" class=\"wp-caption aligncenter\"><img decoding=\"async\" class=\"wp-image-2597 size-full lazyload\" title=\"Stand de Global Assistance dans la salle d\u2019exposition des JMP\" data-src=\"\/wp-content\/uploads\/2015\/12\/1_notre-distributeur-global-assistance-participe-aux-journees-minieres-et-petrolieres-du-mali-jmp-pour-leur-sixieme-edition.jpg\" alt=\"Stand de Global Assistance dans la salle d\u2019exposition des JMP\" width=\"640\" height=\"450\" src=\"data:image\/svg+xml;base64,PHN2ZyB3aWR0aD0iMSIgaGVpZ2h0PSIxIiB4bWxucz0iaHR0cDovL3d3dy53My5vcmcvMjAwMC9zdmciPjwvc3ZnPg==\" style=\"--smush-placeholder-width: 640px; --smush-placeholder-aspect-ratio: 640\/450;\" data-srcset=\"https:\/\/www.inmesol.com\/wp-content\/uploads\/2015\/12\/1_notre-distributeur-global-assistance-participe-aux-journees-minieres-et-petrolieres-du-mali-jmp-pour-leur-sixieme-edition.jpg 640w, https:\/\/www.inmesol.com\/wp-content\/uploads\/2015\/12\/1_notre-distributeur-global-assistance-participe-aux-journees-minieres-et-petrolieres-du-mali-jmp-pour-leur-sixieme-edition-300x211.jpg 300w\" data-sizes=\"auto\" data-original-sizes=\"(max-width: 640px) 100vw, 640px\" \/><figcaption id=\"caption-attachment-2597\" class=\"wp-caption-text\">Stand de Global Assistance dans la salle d\u2019exposition des JMP<\/figcaption><\/figure>\n<p>Le <strong>bilan <\/strong>concernant cet \u00e9v\u00e9nement important a \u00e9t\u00e9 plus que satisfaisant, \u00e0 commencer par le grand int\u00e9r\u00eat g\u00e9n\u00e9r\u00e9 par les groupes \u00e9lectrog\u00e8nes pr\u00e9sent\u00e9s, en plus de satisfaire les besoins qui sont actuellement requis au sein du secteur minier malien\u00a0; le grand potentiel du Mali dans le secteur de l\u2019exploitation mini\u00e8re donne lieu \u00e0 de grandes usines qui par cons\u00e9quent requi\u00e8rent des groupes \u00e9lectrog\u00e8nes de l\u2019ordre de <strong><a href=\"http:\/\/www.inmesol.fr\/groupes-electrogenes\/gammes-groupes-electrogenes-inmesol\/gamme-lourde.asp\" target=\"_blank\" rel=\"noopener\">800 et 1 000 kVA<\/a><\/strong><strong>.<\/strong><\/p>\n<p>Nous avons \u00e9galement re\u00e7u de nombreuses demandes de devis pour des groupes \u00e9lectrog\u00e8nes de la part <strong>d\u2019entreprises p\u00e9troli\u00e8res<\/strong> pour leurs <strong>stations de service<\/strong>.<\/p>\n<ul>\n<li><strong><u>Les groupes \u00e9lectrog\u00e8nes dans le secteur de l\u2019exploitation mini\u00e8re<\/u><\/strong><\/li>\n<\/ul>\n<p>Les groupes \u00e9lectrog\u00e8nes sont une partie fondamentale du secteur de l\u2019exploitation mini\u00e8re pour apporter l\u2019\u00e9nergie \u00e9lectrique n\u00e9cessaire <strong>aux machines et \u00e0 l\u2019infrastructure de l\u2019exploitation mini\u00e8re<\/strong>, aussi bien en ce qui concerne l\u2019extraction que le traitement industriel des min\u00e9raux.<\/p>\n<p><strong>INMESOL<\/strong> conna\u00eet bien les besoins des \u00e9quipements qui vont \u00eatre utilis\u00e9s dans ce type d\u2019installations et apporte des <strong>solutions optimales <\/strong>aux entreprises mini\u00e8res aux conditions de travail si particuli\u00e8res.<\/p>\n<figure id=\"attachment_2598\" aria-describedby=\"caption-attachment-2598\" style=\"width: 640px\" class=\"wp-caption aligncenter\"><img decoding=\"async\" class=\"wp-image-2598 size-full lazyload\" title=\"Groupes \u00e9lectrog\u00e8nes IP-014, IP-0 50 et IP-066\" data-src=\"\/wp-content\/uploads\/2015\/12\/2_notre-distributeur-global-assistance-participe-aux-journees-minieres-et-petrolieres-du-mali-jmp-pour-leur-sixieme-edition.jpg\" alt=\"Groupes \u00e9lectrog\u00e8nes IP-014, IP-0 50 et IP-066\" width=\"640\" height=\"368\" src=\"data:image\/svg+xml;base64,PHN2ZyB3aWR0aD0iMSIgaGVpZ2h0PSIxIiB4bWxucz0iaHR0cDovL3d3dy53My5vcmcvMjAwMC9zdmciPjwvc3ZnPg==\" style=\"--smush-placeholder-width: 640px; --smush-placeholder-aspect-ratio: 640\/368;\" data-srcset=\"https:\/\/www.inmesol.com\/wp-content\/uploads\/2015\/12\/2_notre-distributeur-global-assistance-participe-aux-journees-minieres-et-petrolieres-du-mali-jmp-pour-leur-sixieme-edition.jpg 640w, https:\/\/www.inmesol.com\/wp-content\/uploads\/2015\/12\/2_notre-distributeur-global-assistance-participe-aux-journees-minieres-et-petrolieres-du-mali-jmp-pour-leur-sixieme-edition-300x173.jpg 300w\" data-sizes=\"auto\" data-original-sizes=\"(max-width: 640px) 100vw, 640px\" \/><figcaption id=\"caption-attachment-2598\" class=\"wp-caption-text\">Groupes \u00e9lectrog\u00e8nes IP-014, IP-0 50 et IP-066<\/figcaption><\/figure>\n<h4><strong>Donn\u00e9es de contact du distributeur Inmesol au Mali <\/strong>:<\/h4>\n<p><strong>GLOBAL ASSISTANCE<\/strong><\/p>\n<p>Faso Kanu, rue 895 porte 78 &#8211; Bamako &#8211; R\u00e9publique du Mali<\/p>\n<p>T\u00e9l\u00a0: +223 20 28 10 57<\/p>\n<p>+223\u00a076 45 11 11<\/p>\n<p>+223\u00a066 79 00 01<\/p>\n","protected":false},"excerpt":{"rendered":"<p>Cette ann\u00e9e, ces journ\u00e9es ont eu lieu les 17, 18 et 19 novembre, au Centre International de Conf\u00e9rences de Bamako, au Mali<\/p>\n","protected":false},"author":2,"featured_media":2596,"comment_status":"closed","ping_status":"closed","sticky":false,"template":"","format":"standard","meta":{"inline_featured_image":false,"footnotes":""},"categories":[54,34,48],"tags":[],"categorias-smart-power-":[],"paises-":[],"class_list":["post-8560","post","type-post","status-publish","format-standard","has-post-thumbnail","hentry","category-generateurs-distributeurs","category-frances","category-expositions"],"_links":{"self":[{"href":"https:\/\/www.inmesol.com\/fr\/wp-json\/wp\/v2\/posts\/8560","targetHints":{"allow":["GET"]}}],"collection":[{"href":"https:\/\/www.inmesol.com\/fr\/wp-json\/wp\/v2\/posts"}],"about":[{"href":"https:\/\/www.inmesol.com\/fr\/wp-json\/wp\/v2\/types\/post"}],"author":[{"embeddable":true,"href":"https:\/\/www.inmesol.com\/fr\/wp-json\/wp\/v2\/users\/2"}],"replies":[{"embeddable":true,"href":"https:\/\/www.inmesol.com\/fr\/wp-json\/wp\/v2\/comments?post=8560"}],"version-history":[{"count":0,"href":"https:\/\/www.inmesol.com\/fr\/wp-json\/wp\/v2\/posts\/8560\/revisions"}],"wp:featuredmedia":[{"embeddable":true,"href":"https:\/\/www.inmesol.com\/fr\/wp-json\/"}],"wp:attachment":[{"href":"https:\/\/www.inmesol.com\/fr\/wp-json\/wp\/v2\/media?parent=8560"}],"wp:term":[{"taxonomy":"category","embeddable":true,"href":"https:\/\/www.inmesol.com\/fr\/wp-json\/wp\/v2\/categories?post=8560"},{"taxonomy":"post_tag","embeddable":true,"href":"https:\/\/www.inmesol.com\/fr\/wp-json\/wp\/v2\/tags?post=8560"},{"taxonomy":"categorias-smart-power-","embeddable":true,"href":"https:\/\/www.inmesol.com\/fr\/wp-json\/wp\/v2\/categorias-smart-power-?post=8560"},{"taxonomy":"paises-","embeddable":true,"href":"https:\/\/www.inmesol.com\/fr\/wp-json\/wp\/v2\/paises-?post=8560"}],"curies":[{"name":"wp","href":"https:\/\/api.w.org\/{rel}","templated":true}]}}