{"id":8595,"date":"2016-02-10T10:38:09","date_gmt":"2016-02-10T09:38:09","guid":{"rendered":"http:\/\/www.inmesol.fr\/blog\/?p=2672"},"modified":"2025-01-09T16:06:01","modified_gmt":"2025-01-09T16:06:01","slug":"la-mee-la-plus-grande-foire-au-monde-du-secteur-de-lenergie-ouvre-bientot-ses-portes-et-inmesol-y-participe","status":"publish","type":"post","link":"https:\/\/www.inmesol.com\/fr\/blog\/la-mee-la-plus-grande-foire-au-monde-du-secteur-de-lenergie-ouvre-bientot-ses-portes-et-inmesol-y-participe\/","title":{"rendered":"La MEE, la plus grande foire au monde du secteur de l&rsquo;\u00e9nergie ouvre bient\u00f4t ses portes et INMESOL y participe"},"content":{"rendered":"<p style=\"text-align: center;\"><img fetchpriority=\"high\" decoding=\"async\" class=\"aligncenter size-full wp-image-2665\" src=\"\/wp-content\/uploads\/2016\/02\/la-mee-la-plus-grande-foire-au-monde-du-secteur-de-lenergie-ouvre-bientot-ses-portes-et-inmesol-y-participe.jpg\" alt=\"Middle East Electricity 2016\" width=\"600\" height=\"100\" title=\"\" srcset=\"https:\/\/www.inmesol.com\/wp-content\/uploads\/2016\/02\/la-mee-la-plus-grande-foire-au-monde-du-secteur-de-lenergie-ouvre-bientot-ses-portes-et-inmesol-y-participe.jpg 600w, https:\/\/www.inmesol.com\/wp-content\/uploads\/2016\/02\/la-mee-la-plus-grande-foire-au-monde-du-secteur-de-lenergie-ouvre-bientot-ses-portes-et-inmesol-y-participe-300x50.jpg 300w\" sizes=\"(max-width: 600px) 100vw, 600px\"><\/p>\n<p style=\"text-align: left;\">Du <strong>1er au 3 mars, <\/strong>des milliers de professionnels vont se r\u00e9unir au <strong>Dubai World Trade Centre (\u00c9mirats Arabes Unis) <\/strong>lors de la plus grande foire au monde du<strong> secteur \u00e9nerg\u00e9tique<\/strong>, qui porte sur tout ce qui a trait \u00e0 la <strong>g\u00e9n\u00e9ration de l&rsquo;\u00e9nergie, \u00e0 sa transmission et \u00e0 sa distribution<\/strong>.<\/p>\n<p style=\"text-align: left;\"><strong>La MEE <\/strong>est une manifestation internationale avec un nombre d&rsquo;exposants qui augmente d&rsquo;ann\u00e9e en ann\u00e9e (ils \u00e9taient plus de 1\u00a0550 lors de la derni\u00e8re \u00e9dition), ce qui confirme l&rsquo;importance de cette <strong>Foire<\/strong>. C&rsquo;est une vitrine unique qui permet aux exposants de pr\u00e9senter leurs derni\u00e8res <strong>innovations <\/strong>en termes de produits et de services \u00e0 des milliers de visiteurs. L&rsquo;an dernier, environ 22\u00a0000 visiteurs uniques venus de 126 pays diff\u00e9rents ont particip\u00e9 \u00e0 cet \u00e9v\u00e9nement.<\/p>\n<p style=\"text-align: left;\"><strong>Inmesol fait partie des exposants de cette manifestation majeure depuis 6 ans.<\/strong><\/p>\n<figure id=\"attachment_2666\" aria-describedby=\"caption-attachment-2666\" style=\"width: 640px\" class=\"wp-caption aligncenter\"><img decoding=\"async\" class=\"size-full wp-image-2666 lazyload\" data-src=\"\/wp-content\/uploads\/2016\/02\/1_la-mee-la-plus-grande-foire-au-monde-du-secteur-de-lenergie-ouvre-bientot-ses-portes-et-inmesol-y-participe.jpg\" alt=\"Stand d&#039;Inmesol lors de la derni\u00e8re \u00e9dition de la Middle East Electricity\" width=\"640\" height=\"450\" title=\"\" src=\"data:image\/svg+xml;base64,PHN2ZyB3aWR0aD0iMSIgaGVpZ2h0PSIxIiB4bWxucz0iaHR0cDovL3d3dy53My5vcmcvMjAwMC9zdmciPjwvc3ZnPg==\" style=\"--smush-placeholder-width: 640px; --smush-placeholder-aspect-ratio: 640\/450;\" data-srcset=\"https:\/\/www.inmesol.com\/wp-content\/uploads\/2016\/02\/1_la-mee-la-plus-grande-foire-au-monde-du-secteur-de-lenergie-ouvre-bientot-ses-portes-et-inmesol-y-participe.jpg 640w, https:\/\/www.inmesol.com\/wp-content\/uploads\/2016\/02\/1_la-mee-la-plus-grande-foire-au-monde-du-secteur-de-lenergie-ouvre-bientot-ses-portes-et-inmesol-y-participe-300x211.jpg 300w\" data-sizes=\"auto\" data-original-sizes=\"(max-width: 640px) 100vw, 640px\"><figcaption id=\"caption-attachment-2666\" class=\"wp-caption-text\">Stand d&rsquo;Inmesol lors de la derni\u00e8re \u00e9dition de la Middle East Electricity<\/figcaption><\/figure>\n<p style=\"text-align: left;\">Au cours de cette p\u00e9riode, cette <strong>pr\u00e9sence<\/strong> ininterrompue a permis une croissance soutenue et le renforcement des relations commerciales avec des entreprises de distribution <strong>d&rsquo;\u00e9quipement \u00e9lectrique et industriel<\/strong> et des entreprises <strong>d&rsquo;ing\u00e9nierie, de commerce et de location<\/strong>. <strong>Inmesol <\/strong>est aujourd&rsquo;hui pr\u00e9sente dans <strong>tous les pays du Moyen-Orient<\/strong>, gr\u00e2ce \u00e0 l&rsquo;aide de distributeurs importants qui imposent la <strong>marque Inmesol comme synonyme d&rsquo;excellence dans le domaine de la fabrication des groupes \u00e9lectrog\u00e8nes.<\/strong><\/p>\n<figure id=\"attachment_2668\" aria-describedby=\"caption-attachment-2668\" style=\"width: 640px\" class=\"wp-caption aligncenter\"><img decoding=\"async\" class=\"size-full wp-image-2668 lazyload\" data-src=\"\/wp-content\/uploads\/2016\/02\/2_la-mee-la-plus-grande-foire-au-monde-du-secteur-de-lenergie-ouvre-bientot-ses-portes-et-inmesol-y-participe.jpg\" alt=\"Visiteurs du stand d&#039;Inmesol lors de la derni\u00e8re \u00e9dition\" width=\"640\" height=\"450\" title=\"\" src=\"data:image\/svg+xml;base64,PHN2ZyB3aWR0aD0iMSIgaGVpZ2h0PSIxIiB4bWxucz0iaHR0cDovL3d3dy53My5vcmcvMjAwMC9zdmciPjwvc3ZnPg==\" style=\"--smush-placeholder-width: 640px; --smush-placeholder-aspect-ratio: 640\/450;\" data-srcset=\"https:\/\/www.inmesol.com\/wp-content\/uploads\/2016\/02\/2_la-mee-la-plus-grande-foire-au-monde-du-secteur-de-lenergie-ouvre-bientot-ses-portes-et-inmesol-y-participe.jpg 640w, https:\/\/www.inmesol.com\/wp-content\/uploads\/2016\/02\/2_la-mee-la-plus-grande-foire-au-monde-du-secteur-de-lenergie-ouvre-bientot-ses-portes-et-inmesol-y-participe-300x211.jpg 300w\" data-sizes=\"auto\" data-original-sizes=\"(max-width: 640px) 100vw, 640px\"><figcaption id=\"caption-attachment-2668\" class=\"wp-caption-text\">Visiteurs du stand d&rsquo;Inmesol lors de la derni\u00e8re \u00e9dition<\/figcaption><\/figure>\n<p>Nous pr\u00e9senterons sur notre stand quatre groupes \u00e9lectrog\u00e8nes appartenant \u00e0 diff\u00e9rentes lignes de produits et \u00e9quip\u00e9s de moteurs distincts \u00a0:<\/p>\n<ul>\n<li><strong>Gamme Rental, <\/strong>groupe \u00e9lectrog\u00e8ne LTP de 66 kVA, mod\u00e8le <strong>IIR-066<\/strong>, insonoris\u00e9, \u00e9quip\u00e9 d&rsquo;un moteur <strong>FPT-IVECO<\/strong> (fiche technique).<\/li>\n<li>Gamme <strong>de Secours, <\/strong>groupe \u00e9lectrog\u00e8ne <strong>ouvert<\/strong>, mod\u00e8le <strong>AK-22<\/strong>, \u00e9quip\u00e9 d&rsquo;un moteur <strong>Kohler<\/strong> avec LTP de 22 kVA (fiche technique).<\/li>\n<li>Gamme <strong>Industrielle, <\/strong>groupe \u00e9lectrog\u00e8ne <strong>insonoris\u00e9 <\/strong>\u00e9quip\u00e9 d&rsquo;un moteur <strong>Perkins <\/strong>de 22 kVA avec coffret de commande sans INS, mod\u00e8le <strong>IP-022<\/strong>.<\/li>\n<li style=\"text-align: left;\">Groupe \u00e9lectrog\u00e8ne LTP de 110\u00a0kVA <strong>insonoris\u00e9<\/strong>, \u00e9quip\u00e9 d&rsquo;un moteur<strong> Volvo, <\/strong>avec coffret de commande sans INS, mod\u00e8le <strong>IV-165 <\/strong>(fiche technique).<\/li>\n<\/ul>\n<figure id=\"attachment_2663\" aria-describedby=\"caption-attachment-2663\" style=\"width: 450px\" class=\"wp-caption aligncenter\"><img decoding=\"async\" class=\"size-full wp-image-2663 lazyload\" data-src=\"\/wp-content\/uploads\/2016\/02\/3_la-mee-la-plus-grande-foire-au-monde-du-secteur-de-lenergie-ouvre-bientot-ses-portes-et-inmesol-y-participe.jpg\" alt=\"Gamme Rental. Groupe \u00e9lectrog\u00e8ne avec moteur FPT-IVECO, mod\u00e8le IIR-066\" width=\"450\" height=\"350\" title=\"\" src=\"data:image\/svg+xml;base64,PHN2ZyB3aWR0aD0iMSIgaGVpZ2h0PSIxIiB4bWxucz0iaHR0cDovL3d3dy53My5vcmcvMjAwMC9zdmciPjwvc3ZnPg==\" style=\"--smush-placeholder-width: 450px; --smush-placeholder-aspect-ratio: 450\/350;\" data-srcset=\"https:\/\/www.inmesol.com\/wp-content\/uploads\/2016\/02\/3_la-mee-la-plus-grande-foire-au-monde-du-secteur-de-lenergie-ouvre-bientot-ses-portes-et-inmesol-y-participe.jpg 450w, https:\/\/www.inmesol.com\/wp-content\/uploads\/2016\/02\/3_la-mee-la-plus-grande-foire-au-monde-du-secteur-de-lenergie-ouvre-bientot-ses-portes-et-inmesol-y-participe-300x233.jpg 300w\" data-sizes=\"auto\" data-original-sizes=\"(max-width: 450px) 100vw, 450px\"><figcaption id=\"caption-attachment-2663\" class=\"wp-caption-text\">Gamme Rental. Groupe \u00e9lectrog\u00e8ne avec moteur FPT-IVECO, mod\u00e8le IIR-066<\/figcaption><\/figure>\n<figure id=\"attachment_2670\" aria-describedby=\"caption-attachment-2670\" style=\"width: 450px\" class=\"wp-caption aligncenter\"><img decoding=\"async\" class=\"size-full wp-image-2670 lazyload\" data-src=\"\/wp-content\/uploads\/2016\/02\/4_la-mee-la-plus-grande-foire-au-monde-du-secteur-de-lenergie-ouvre-bientot-ses-portes-et-inmesol-y-participe.jpg\" alt=\"Gamme de Secours. Groupe \u00e9lectrog\u00e8ne ouvert avec moteur Kohler, mod\u00e8le IK-022\" width=\"450\" height=\"350\" title=\"\" src=\"data:image\/svg+xml;base64,PHN2ZyB3aWR0aD0iMSIgaGVpZ2h0PSIxIiB4bWxucz0iaHR0cDovL3d3dy53My5vcmcvMjAwMC9zdmciPjwvc3ZnPg==\" style=\"--smush-placeholder-width: 450px; --smush-placeholder-aspect-ratio: 450\/350;\" data-srcset=\"https:\/\/www.inmesol.com\/wp-content\/uploads\/2016\/02\/4_la-mee-la-plus-grande-foire-au-monde-du-secteur-de-lenergie-ouvre-bientot-ses-portes-et-inmesol-y-participe.jpg 450w, https:\/\/www.inmesol.com\/wp-content\/uploads\/2016\/02\/4_la-mee-la-plus-grande-foire-au-monde-du-secteur-de-lenergie-ouvre-bientot-ses-portes-et-inmesol-y-participe-300x233.jpg 300w\" data-sizes=\"auto\" data-original-sizes=\"(max-width: 450px) 100vw, 450px\"><figcaption id=\"caption-attachment-2670\" class=\"wp-caption-text\">Gamme de Secours. Groupe \u00e9lectrog\u00e8ne ouvert avec moteur Kohler, mod\u00e8le IK-022<\/figcaption><\/figure>\n<figure id=\"attachment_2671\" aria-describedby=\"caption-attachment-2671\" style=\"width: 450px\" class=\"wp-caption aligncenter\"><img decoding=\"async\" class=\"size-full wp-image-2671 lazyload\" data-src=\"\/wp-content\/uploads\/2016\/02\/5_la-mee-la-plus-grande-foire-au-monde-du-secteur-de-lenergie-ouvre-bientot-ses-portes-et-inmesol-y-participe.jpg\" alt=\"Gamme Industrielle. Groupe \u00e9lectrog\u00e8ne insonoris\u00e9, mod\u00e8le IP-022\" width=\"450\" height=\"350\" title=\"\" src=\"data:image\/svg+xml;base64,PHN2ZyB3aWR0aD0iMSIgaGVpZ2h0PSIxIiB4bWxucz0iaHR0cDovL3d3dy53My5vcmcvMjAwMC9zdmciPjwvc3ZnPg==\" style=\"--smush-placeholder-width: 450px; --smush-placeholder-aspect-ratio: 450\/350;\" data-srcset=\"https:\/\/www.inmesol.com\/wp-content\/uploads\/2016\/02\/5_la-mee-la-plus-grande-foire-au-monde-du-secteur-de-lenergie-ouvre-bientot-ses-portes-et-inmesol-y-participe.jpg 450w, https:\/\/www.inmesol.com\/wp-content\/uploads\/2016\/02\/5_la-mee-la-plus-grande-foire-au-monde-du-secteur-de-lenergie-ouvre-bientot-ses-portes-et-inmesol-y-participe-300x233.jpg 300w\" data-sizes=\"auto\" data-original-sizes=\"(max-width: 450px) 100vw, 450px\"><figcaption id=\"caption-attachment-2671\" class=\"wp-caption-text\">Gamme Industrielle. Groupe \u00e9lectrog\u00e8ne insonoris\u00e9, mod\u00e8le IP-022<\/figcaption><\/figure>\n<figure id=\"attachment_2664\" aria-describedby=\"caption-attachment-2664\" style=\"width: 450px\" class=\"wp-caption aligncenter\"><img decoding=\"async\" class=\"size-full wp-image-2664 lazyload\" data-src=\"\/wp-content\/uploads\/2016\/02\/6_la-mee-la-plus-grande-foire-au-monde-du-secteur-de-lenergie-ouvre-bientot-ses-portes-et-inmesol-y-participe.jpg\" alt=\"Gamme Stand-By. Groupe \u00e9lectrog\u00e8ne insonoris\u00e9, mod\u00e8le IV-110\" width=\"450\" height=\"350\" title=\"\" src=\"data:image\/svg+xml;base64,PHN2ZyB3aWR0aD0iMSIgaGVpZ2h0PSIxIiB4bWxucz0iaHR0cDovL3d3dy53My5vcmcvMjAwMC9zdmciPjwvc3ZnPg==\" style=\"--smush-placeholder-width: 450px; --smush-placeholder-aspect-ratio: 450\/350;\" data-srcset=\"https:\/\/www.inmesol.com\/wp-content\/uploads\/2016\/02\/6_la-mee-la-plus-grande-foire-au-monde-du-secteur-de-lenergie-ouvre-bientot-ses-portes-et-inmesol-y-participe.jpg 450w, https:\/\/www.inmesol.com\/wp-content\/uploads\/2016\/02\/6_la-mee-la-plus-grande-foire-au-monde-du-secteur-de-lenergie-ouvre-bientot-ses-portes-et-inmesol-y-participe-300x233.jpg 300w\" data-sizes=\"auto\" data-original-sizes=\"(max-width: 450px) 100vw, 450px\"><figcaption id=\"caption-attachment-2664\" class=\"wp-caption-text\">Gamme Stand-By. Groupe \u00e9lectrog\u00e8ne insonoris\u00e9, mod\u00e8le IV-110<\/figcaption><\/figure>\n<p><strong>Venez nous rencontrer<\/strong> \u00e0 la foire Middle East Electricity, stand <strong>S2A60<\/strong>. Nous vous y donnerons toutes les informations concernant l&rsquo;\u00e9quipement pr\u00e9sent\u00e9 ou tout autre mod\u00e8le de nos lignes de produits.<\/p>\n<figure id=\"attachment_2669\" aria-describedby=\"caption-attachment-2669\" style=\"width: 580px\" class=\"wp-caption aligncenter\"><img decoding=\"async\" class=\"size-full wp-image-2669 lazyload\" data-src=\"\/wp-content\/uploads\/2016\/02\/7_la-mee-la-plus-grande-foire-au-monde-du-secteur-de-lenergie-ouvre-bientot-ses-portes-et-inmesol-y-participe.jpg\" alt=\"Emplacement du stand d&#039;INMESOL au Dubai World Trade Centre\" width=\"580\" height=\"475\" title=\"\" src=\"data:image\/svg+xml;base64,PHN2ZyB3aWR0aD0iMSIgaGVpZ2h0PSIxIiB4bWxucz0iaHR0cDovL3d3dy53My5vcmcvMjAwMC9zdmciPjwvc3ZnPg==\" style=\"--smush-placeholder-width: 580px; --smush-placeholder-aspect-ratio: 580\/475;\" data-srcset=\"https:\/\/www.inmesol.com\/wp-content\/uploads\/2016\/02\/7_la-mee-la-plus-grande-foire-au-monde-du-secteur-de-lenergie-ouvre-bientot-ses-portes-et-inmesol-y-participe.jpg 580w, https:\/\/www.inmesol.com\/wp-content\/uploads\/2016\/02\/7_la-mee-la-plus-grande-foire-au-monde-du-secteur-de-lenergie-ouvre-bientot-ses-portes-et-inmesol-y-participe-300x246.jpg 300w\" data-sizes=\"auto\" data-original-sizes=\"(max-width: 580px) 100vw, 580px\"><figcaption id=\"caption-attachment-2669\" class=\"wp-caption-text\">Emplacement du stand d&rsquo;INMESOL au Dubai World Trade Centre<\/figcaption><\/figure>\n<h4><u>Informations pratiques\u00a0:<\/u><\/h4>\n<p>Dates\u00a0: du 1er au 3 mars 2016.<\/p>\n<p>Lieu\u00a0: Dubai World Trade Centre (\u00c9mirats Arabes Unis).<\/p>\n<p>Stand d&rsquo;Inmesol\u00a0: S2A60.<\/p>\n<p>Repr\u00e9sentant d&rsquo;Inmesol \u00e0 la foire\u00a0: Jalil Azdem, responsable Asie et Moyen-Orient.<\/p>\n<p>Num\u00e9ro de t\u00e9l\u00e9phone pour nous contacter\u00a0:+34 681245651<\/p>\n<p>Site Internet de la Middle East Electricity<\/p>\n","protected":false},"excerpt":{"rendered":"<p>Du 1er au 3 mars, des milliers de professionnels vont se r\u00e9unir au Dubai World Trade Centre (\u00c9mirats Arabes Unis) lors de la plus grande foire au monde du secteur \u00e9nerg\u00e9tique, qui porte sur tout ce qui a trait \u00e0 la g\u00e9n\u00e9ration de l&rsquo;\u00e9nergie, \u00e0 sa transmission et \u00e0 sa distribution. <\/p>\n","protected":false},"author":2,"featured_media":2667,"comment_status":"closed","ping_status":"closed","sticky":false,"template":"","format":"standard","meta":{"inline_featured_image":false,"footnotes":""},"categories":[34,48],"tags":[],"categorias-smart-power-":[],"paises-":[],"class_list":["post-8595","post","type-post","status-publish","format-standard","has-post-thumbnail","hentry","category-frances","category-expositions"],"_links":{"self":[{"href":"https:\/\/www.inmesol.com\/fr\/wp-json\/wp\/v2\/posts\/8595","targetHints":{"allow":["GET"]}}],"collection":[{"href":"https:\/\/www.inmesol.com\/fr\/wp-json\/wp\/v2\/posts"}],"about":[{"href":"https:\/\/www.inmesol.com\/fr\/wp-json\/wp\/v2\/types\/post"}],"author":[{"embeddable":true,"href":"https:\/\/www.inmesol.com\/fr\/wp-json\/wp\/v2\/users\/2"}],"replies":[{"embeddable":true,"href":"https:\/\/www.inmesol.com\/fr\/wp-json\/wp\/v2\/comments?post=8595"}],"version-history":[{"count":0,"href":"https:\/\/www.inmesol.com\/fr\/wp-json\/wp\/v2\/posts\/8595\/revisions"}],"wp:featuredmedia":[{"embeddable":true,"href":"https:\/\/www.inmesol.com\/fr\/wp-json\/wp\/v2\/posts\/2667"}],"wp:attachment":[{"href":"https:\/\/www.inmesol.com\/fr\/wp-json\/wp\/v2\/media?parent=8595"}],"wp:term":[{"taxonomy":"category","embeddable":true,"href":"https:\/\/www.inmesol.com\/fr\/wp-json\/wp\/v2\/categories?post=8595"},{"taxonomy":"post_tag","embeddable":true,"href":"https:\/\/www.inmesol.com\/fr\/wp-json\/wp\/v2\/tags?post=8595"},{"taxonomy":"categorias-smart-power-","embeddable":true,"href":"https:\/\/www.inmesol.com\/fr\/wp-json\/wp\/v2\/categorias-smart-power-?post=8595"},{"taxonomy":"paises-","embeddable":true,"href":"https:\/\/www.inmesol.com\/fr\/wp-json\/wp\/v2\/paises-?post=8595"}],"curies":[{"name":"wp","href":"https:\/\/api.w.org\/{rel}","templated":true}]}}