{"id":8664,"date":"2017-01-26T10:02:12","date_gmt":"2017-01-26T09:02:12","guid":{"rendered":"http:\/\/www.inmesol.fr\/blog\/?p=3136"},"modified":"2025-01-09T16:07:20","modified_gmt":"2025-01-09T16:07:20","slug":"inmesol-consolide-presence-lors-mme-middle-east-electricity","status":"publish","type":"post","link":"https:\/\/www.inmesol.com\/fr\/blog\/inmesol-consolide-presence-lors-mme-middle-east-electricity\/","title":{"rendered":"INMESOL consolide sa pr\u00e9sence lors du MME (Middle East Electricity)"},"content":{"rendered":"<p>Pour la <strong>sixi\u00e8me <\/strong>ann\u00e9e cons\u00e9cutive, du 14 au 16 f\u00e9vrier, <strong>INMESOL <\/strong>participe en tant qu&rsquo;<strong>exposant <\/strong>lors du <strong>MEE <\/strong>(Middle East Electricity), la rencontre internationale du <strong>secteur de l&rsquo;\u00e9nergie <\/strong>la plus importante au monde, qui se c\u00e9l\u00e8bre traditionnellement au <strong>World Trade Centre de Duba\u00ef<\/strong>.<\/p>\n<p><img fetchpriority=\"high\" decoding=\"async\" class=\"size-full wp-image-3133 aligncenter\" src=\"\/wp-content\/uploads\/2017\/01\/inmesol-consolide-presence-lors-mme-middle-east-electricity.jpg\" alt=\"Middle East Electricity 2017\" width=\"640\" height=\"80\" title=\"\" srcset=\"https:\/\/www.inmesol.com\/wp-content\/uploads\/2017\/01\/inmesol-consolide-presence-lors-mme-middle-east-electricity.jpg 640w, https:\/\/www.inmesol.com\/wp-content\/uploads\/2017\/01\/inmesol-consolide-presence-lors-mme-middle-east-electricity-300x38.jpg 300w\" sizes=\"(max-width: 640px) 100vw, 640px\"><\/p>\n<p>Pendant 3 jours le <strong>World Trade Centre de Duba\u00ef <\/strong>se transforme en un lieu de rencontre unique, o\u00f9 est pr\u00e9sent\u00e9 tout ce qui est li\u00e9 \u00e0 <strong>la production, la transmission et la distribution <\/strong>d&rsquo;\u00e9nergie.<\/p>\n<p>L&rsquo;\u00e9valuation de la derni\u00e8re \u00e9dition a \u00e9t\u00e9 <strong>particuli\u00e8rement positive, <\/strong>nous avons eu l&rsquo;occasion de resserrer nos liens avec des clients d\u00e9j\u00e0 habituels du <strong>Moyen Orient, de l&rsquo;Afrique et de l&rsquo;Asie <\/strong>et, de plus, de nouvelles opportunit\u00e9s commerciales se sont ouvertes et se consolident peu \u00e0 peu.<\/p>\n<h4>Cette ann\u00e9e, nous avons pr\u00e9sent\u00e9 dans notre stand 3 groupes \u00e9lectrog\u00e8nes pour des applications diff\u00e9rentes et avec des moteurs diff\u00e9rents, ainsi que le nouveau mod\u00e8le de tour d&rsquo;\u00e9clairage con\u00e7ue par INMESOL, IT05 <strong>:<\/strong><\/h4>\n<ul>\n<li>Groupe de la gamme <strong>Rental (location) <\/strong>de 42 kVA LTP, insonoris\u00e9 avec moteur <strong>KOHLER<\/strong>, mod\u00e8le <strong>IKRN-O42 <\/strong>(fiche technique).<\/li>\n<li>Groupe de la gamme de <strong>Secours <\/strong>de 165 kVA LTP, insonoris\u00e9 avec moteur <strong>VOLVO <\/strong>mod\u00e8le <strong>IV-<\/strong><strong>165 <\/strong>(fiche technique).<\/li>\n<li>Groupe de la gamme <strong>Industrielle <\/strong>de 22 kVA LTP, insonoris\u00e9 avec moteur <strong>PERKINS <\/strong>mod\u00e8le <strong>IP-022 <\/strong>(fiche technique).<\/li>\n<li>Tour d&rsquo;\u00e9clairage de 4 projecteurs, avec groupe \u00e9lectrog\u00e8ne de 8 kVA LTP, mod\u00e8le <strong>IT05 <\/strong>(fiche technique).<\/li>\n<\/ul>\n<p style=\"text-align: center;\">\n<p style=\"text-align: left;\">Nous vous invitons \u00e0 <strong>nous rendre visite <\/strong>au Middle East Electricity au stand <strong>S1.A40 <\/strong>pour pouvoir vous donner toutes les informations sur nos \u00e9quipements expos\u00e9s ou sur tout autre \u00e9quipement de notre gamme de produits.<\/p>\n<figure id=\"attachment_3135\" aria-describedby=\"caption-attachment-3135\" style=\"width: 530px\" class=\"wp-caption aligncenter\"><img decoding=\"async\" class=\"size-full wp-image-3135 lazyload\" data-src=\"\/wp-content\/uploads\/2017\/01\/1_inmesol-consolide-presence-lors-mme-middle-east-electricity.jpg\" alt=\"Emplacement du stand d&#039;INMESOL au Duba\u00ef World Trade Centre\" width=\"530\" height=\"297\" title=\"\" src=\"data:image\/svg+xml;base64,PHN2ZyB3aWR0aD0iMSIgaGVpZ2h0PSIxIiB4bWxucz0iaHR0cDovL3d3dy53My5vcmcvMjAwMC9zdmciPjwvc3ZnPg==\" style=\"--smush-placeholder-width: 530px; --smush-placeholder-aspect-ratio: 530\/297;\" data-srcset=\"https:\/\/www.inmesol.com\/wp-content\/uploads\/2017\/01\/1_inmesol-consolide-presence-lors-mme-middle-east-electricity.jpg 530w, https:\/\/www.inmesol.com\/wp-content\/uploads\/2017\/01\/1_inmesol-consolide-presence-lors-mme-middle-east-electricity-300x168.jpg 300w\" data-sizes=\"auto\" data-original-sizes=\"(max-width: 530px) 100vw, 530px\"><figcaption id=\"caption-attachment-3135\" class=\"wp-caption-text\">Emplacement du stand d&rsquo;INMESOL au Duba\u00ef World Trade Centre<\/figcaption><\/figure>\n<h4><strong><u>Informations pratiques :<\/u><\/strong><\/h4>\n<p><strong>Dates<\/strong>: du 14 au 16 f\u00e9vrier 2017.<\/p>\n<p><strong>Lieu<\/strong>: World Trade Centre de Duba\u00ef (\u00c9mirats Arabes Unis). <strong>Stand d&rsquo;Inmesol <\/strong>: S1A40 (SH. SAEED HALL1)<\/p>\n<p><strong>Personnes d&rsquo;Inmesol \u00e0 contacter dans l&rsquo;exposition <\/strong>:<\/p>\n<p>Mr. Jalil Azdem | Telef.- +34 681 245 651 | asiapacific@inmesol.com<br \/>\nMr. Alexis Morales | Telef.- +34 639 260 989 | africa@inmesol.com<\/p>\n<h4>Inscription en ligne<\/h4>\n<h4>Site Internet de la Middle East Electricity<\/h4>\n","protected":false},"excerpt":{"rendered":"<p>Pour la sixi\u00e8me ann\u00e9e cons\u00e9cutive, du 14 au 16 f\u00e9vrier, INMESOL participe en tant qu&rsquo;exposant lors du MEE (Middle East Electricity), la rencontre internationale du secteur de l&rsquo;\u00e9nergie la plus importante au monde, qui se c\u00e9l\u00e8bre traditionnellement au World Trade Centre de Duba\u00ef.<\/p>\n","protected":false},"author":2,"featured_media":3134,"comment_status":"closed","ping_status":"closed","sticky":false,"template":"","format":"standard","meta":{"inline_featured_image":false,"footnotes":""},"categories":[34,48],"tags":[],"categorias-smart-power-":[],"paises-":[],"class_list":["post-8664","post","type-post","status-publish","format-standard","has-post-thumbnail","hentry","category-frances","category-expositions"],"_links":{"self":[{"href":"https:\/\/www.inmesol.com\/fr\/wp-json\/wp\/v2\/posts\/8664","targetHints":{"allow":["GET"]}}],"collection":[{"href":"https:\/\/www.inmesol.com\/fr\/wp-json\/wp\/v2\/posts"}],"about":[{"href":"https:\/\/www.inmesol.com\/fr\/wp-json\/wp\/v2\/types\/post"}],"author":[{"embeddable":true,"href":"https:\/\/www.inmesol.com\/fr\/wp-json\/wp\/v2\/users\/2"}],"replies":[{"embeddable":true,"href":"https:\/\/www.inmesol.com\/fr\/wp-json\/wp\/v2\/comments?post=8664"}],"version-history":[{"count":0,"href":"https:\/\/www.inmesol.com\/fr\/wp-json\/wp\/v2\/posts\/8664\/revisions"}],"wp:featuredmedia":[{"embeddable":true,"href":"https:\/\/www.inmesol.com\/fr\/wp-json\/"}],"wp:attachment":[{"href":"https:\/\/www.inmesol.com\/fr\/wp-json\/wp\/v2\/media?parent=8664"}],"wp:term":[{"taxonomy":"category","embeddable":true,"href":"https:\/\/www.inmesol.com\/fr\/wp-json\/wp\/v2\/categories?post=8664"},{"taxonomy":"post_tag","embeddable":true,"href":"https:\/\/www.inmesol.com\/fr\/wp-json\/wp\/v2\/tags?post=8664"},{"taxonomy":"categorias-smart-power-","embeddable":true,"href":"https:\/\/www.inmesol.com\/fr\/wp-json\/wp\/v2\/categorias-smart-power-?post=8664"},{"taxonomy":"paises-","embeddable":true,"href":"https:\/\/www.inmesol.com\/fr\/wp-json\/wp\/v2\/paises-?post=8664"}],"curies":[{"name":"wp","href":"https:\/\/api.w.org\/{rel}","templated":true}]}}